{"id":898,"date":"2025-08-26T16:02:50","date_gmt":"2025-08-26T13:02:50","guid":{"rendered":"https:\/\/www.deski.fi\/?p=898"},"modified":"2025-09-07T16:03:23","modified_gmt":"2025-09-07T13:03:23","slug":"kolme-ensi-iltaa-unga-teaternilla-syksylla-2025","status":"publish","type":"post","link":"https:\/\/www.deski.fi\/?p=898","title":{"rendered":"Kolme ensi-iltaa Unga Teaternilla syksyll\u00e4 2025"},"content":{"rendered":"<div class=\"postie-post\">Lehdist\u00f6tiedote 25. elokuuta \u0096 vapaa julkaistavaksi<br \/>\nKolme ensi-iltaa Unga Teaternilla syksyll\u00e4 2025<br \/>\nUnga Teatern tarjoaa t\u00e4n\u00e4 syksyn\u00e4 monipuolisen ohjelmiston, johon sis\u00e4ltyy kolme ensi-iltaa sek\u00e4 yleis\u00f6suosikkien paluu. Kausi k\u00e4ynnistyy uudella tuotannolla \u0096 Ulkoavaruuden lapset. N\u00e4ytelm\u00e4n teemoja ovat muun muassa pelko tuntematonta kohtaan, kulttuurin arvo sek\u00e4 rohkeus uskoa itseens\u00e4. Ensi-ilta 27. syyskuuta suomeksi.<br \/>\nSyksy Unga Teaternilla alkaa suuren odotetun ensi-illan my\u00f6t\u00e4: Ulkoavaruuden lapset\/ Barnen fr\u00e5n yttre rymden, joka esitet\u00e4\u00e4n sek\u00e4 ruotsiksi ett\u00e4 suomeksi. Er\u00e4\u00e4n\u00e4 y\u00f6n\u00e4 tapahtuu jotakin mystist\u00e4 kuusten takana\u0085 mutta mit\u00e4? Keskell\u00e4 tarinaa ovat lapset Piku ja Babo \u0096 maapallon lapsi ja avaruuden lapsi. Uteliaina ja pohdiskellen he tutkivat samankaltaisuuksia ja erilaisuuksia \u0096 ja sit\u00e4, mit\u00e4 oikeastaan tarkoittaa l\u00f6yt\u00e4\u00e4 oma paikkansa maailmassa ja ihmisten joukossa.<br \/>\nMusiikki n\u00e4yttelee keskeist\u00e4 roolia esityksess\u00e4, jossa uusi ambientmusiikki nivoutuu yhteen tarinan kanssa. Stefan Lindbergin n\u00e4ytelm\u00e4 Ulkoavaruuden lapset liittyy my\u00f6s ajankohtaisiin kysymyksiin kulttuurin arvosta yhteiskunnassa \u0096 keskusteluun, joka on noussut esiin erityisesti hallituksen kulttuurileikkausten valossa. \u0096 Kysymme itselt\u00e4mme: milt\u00e4 n\u00e4ytt\u00e4isi maailma ilman musiikkia tai taidetta? Pohjimmiltaan t\u00e4m\u00e4 on kertomus ihmisist\u00e4, jotka kuuluvat yhteen mutta tuntevat itsens\u00e4 yksin\u00e4isiksi. N\u00e4ytelm\u00e4st\u00e4 l\u00f6ytyy vahvoja teemoja \u0096 rohkeus uskoa itseens\u00e4, ulkopuolisuuden kokemus, pelko vierasta kohtaan, kertoo teatterinjohtaja ja ohjaaja Matti Raita.<br \/>\nUnga Teatern on erityisen iloinen voidessaan tarjota t\u00e4n\u00e4 syksyn\u00e4 el\u00e4myksen my\u00f6s kaikkein pienimmille (1\u00963-vuotiaille). Kiertuen\u00e4ytelm\u00e4 Saanko muuttaa luoksesi? saa suomenkielisen kantaesityksen\u00e4 3. joulukuuta. N\u00e4ytelm\u00e4 kertoo Purrista, omituisesta olennosta, joka etsii kotia. Sen ei pit\u00e4isi olla niin vaikeaa. Mik\u00e4 tahansa voisi olla koti: linnunpes\u00e4t, muurahaispes\u00e4t, autot, puut. Mutta se ei saa olla liian iso eik\u00e4 liian pieni. Tarvitaan katto suojaamaan sateelta ja sein\u00e4t kannattelemaan kattoa. Ovi olisi mukava, jotta olisi jotain, mihin koputtaa. Ja yst\u00e4v\u00e4, joka avaa \u0096 tai joku, jolle itse voi avata.<br \/>\nSyksyn 2025 ohjelmistossa n\u00e4hd\u00e4\u00e4n my\u00f6s uusia ja ohjelmistoon palaavia suosikkeja. Om jag f\u00f6tts till groda \u0096 en liten konsert i ett stort paket jatkaa kiertueella, samoin kuin F\u00e5r jag bo hos dig?. Marraskuussa kiertueella on Skriet fr\u00e5n vildmarken, joka pohjautuu Matti Raidan omakohtaisiin kokemuksiin perhev\u00e4kivallan varjostamassa kodissa kasvamisesta. Joulukuussa n\u00e4hd\u00e4\u00e4n jouluinen satutuokio Kristian Thulesiuksen johdolla.<br \/>\nSyksyn ohjelmiston n\u00e4ytelm\u00e4t ovat kesken\u00e4\u00e4n hyvin erilaisia. Osa k\u00e4sittelee ajankohtaisia yhteiskunnallisia kysymyksi\u00e4, toiset tarjoavat viihdett\u00e4 ja mielikuvituksellisia maailmoja. \u0096 Haluamme heijastaa sek\u00e4 pient\u00e4 ett\u00e4 suurta. Teemme teatteria nuorelle yleis\u00f6lle, joka ei useinkaan itse valitse tulla luoksemme. Teemme kaikkemme luodaksemme heille el\u00e4v\u00e4\u00e4, merkityksellist\u00e4 ja houkuttelevaa n\u00e4ytt\u00e4m\u00f6taidetta, jotta he haluaisivat tulla uudestaan, sanoo Matti Raita.<br \/>\nKuva: Cata Portin Kuvitus: Jenny Haapimaa<br \/>\nLehdist\u00f6kuvia on ladattavissa osoitteessa: <<a href=\"https:\/\/ungateatern.fi\/fi\/medialle\/\">ungateatern.fi\/fi\/medialle\/<\/a>> Lehdist\u00f6kuvat \u0096 Ungateatern<br \/>\nLis\u00e4tietoja: Helene Wallin, tiedotusvastaava, p. 050 3302 425, <<a href=\"mailto:helene.wallin@ungateatern.fi\">mailto:<a href=\"mailto:helene.wallin@ungateatern.fi\" >helene.wallin@ungateatern.fi<\/a><\/a>> <a href=\"mailto:helene.wallin@ungateatern.fi\" >helene.wallin@ungateatern.fi<\/a><br \/>\nSyksyn 2025 ensi-illat aikaj\u00e4rjestyksess\u00e4:<br \/>\nUlkoavaruuden lapset Ensi-ilta 27. syyskuuta Unga Teaternilla<br \/>\nBarnen fr\u00e5n yttre rymden Ensi-ilta 31. lokakuuta Unga Teaternilla<br \/>\nSkriet fr\u00e5n vildmarken Kiertue alkaa 3. marraskuuta<br \/>\nOm jag f\u00f6tts till groda Kiertue alkaa 2. joulukuuta<br \/>\nF\u00e5r jag bo hos dig? Kiertue alkaa 2. joulukuuta<br \/>\nSaanko muuttaa luoksesi? Ensi-ilta 3. joulukuuta<\/p>\n<div class=\"postie-attachments\"><a href=\"https:\/\/www.deski.fi\/?attachment_id=899\"><img decoding=\"async\" src=\"https:\/\/www.deski.fi\/wp-content\/uploads\/2025\/09\/UlkoavaruudenLapset_FB-EVENT_Jenny_Haapimaa-300x157.jpg\" alt=\"\" width=\"300px\" height=\"157px\" class=\"alignnone size-medium wp-image-899\" srcset=\"https:\/\/www.deski.fi\/wp-content\/uploads\/2025\/09\/UlkoavaruudenLapset_FB-EVENT_Jenny_Haapimaa-300x157.jpg 300w, https:\/\/www.deski.fi\/wp-content\/uploads\/2025\/09\/UlkoavaruudenLapset_FB-EVENT_Jenny_Haapimaa-1024x536.jpg 1024w, https:\/\/www.deski.fi\/wp-content\/uploads\/2025\/09\/UlkoavaruudenLapset_FB-EVENT_Jenny_Haapimaa-768x402.jpg 768w, https:\/\/www.deski.fi\/wp-content\/uploads\/2025\/09\/UlkoavaruudenLapset_FB-EVENT_Jenny_Haapimaa-1536x804.jpg 1536w, https:\/\/www.deski.fi\/wp-content\/uploads\/2025\/09\/UlkoavaruudenLapset_FB-EVENT_Jenny_Haapimaa-1000x523.jpg 1000w, https:\/\/www.deski.fi\/wp-content\/uploads\/2025\/09\/UlkoavaruudenLapset_FB-EVENT_Jenny_Haapimaa-230x120.jpg 230w, https:\/\/www.deski.fi\/wp-content\/uploads\/2025\/09\/UlkoavaruudenLapset_FB-EVENT_Jenny_Haapimaa-350x183.jpg 350w, https:\/\/www.deski.fi\/wp-content\/uploads\/2025\/09\/UlkoavaruudenLapset_FB-EVENT_Jenny_Haapimaa-480x251.jpg 480w, https:\/\/www.deski.fi\/wp-content\/uploads\/2025\/09\/UlkoavaruudenLapset_FB-EVENT_Jenny_Haapimaa.jpg 1920w\" sizes=\"(max-width: 300px) 100vw, 300px\" \/><\/a><\/div>\n<\/div>\n","protected":false},"excerpt":{"rendered":"<p>Lehdist\u00f6tiedote 25. elokuuta \u0096 vapaa julkaistavaksi Kolme ensi-iltaa Unga Teaternilla syksyll\u00e4 2025 Unga Teatern tarjoaa t\u00e4n\u00e4 syksyn\u00e4 monipuolisen ohjelmiston, johon sis\u00e4ltyy kolme ensi-iltaa sek\u00e4 yleis\u00f6suosikkien paluu. Kausi k\u00e4ynnistyy uudella tuotannolla \u0096 Ulkoavaruuden lapset. [&hellip;]<\/p>\n","protected":false},"author":1,"featured_media":899,"comment_status":"closed","ping_status":"open","sticky":false,"template":"","format":"standard","meta":{"_jetpack_memberships_contains_paid_content":false,"footnotes":""},"categories":[1],"tags":[],"class_list":["post-898","post","type-post","status-publish","format-standard","has-post-thumbnail","hentry","category-luokittelematon"],"yoast_head":"<!-- This site is optimized with the Yoast SEO plugin v27.4 - https:\/\/yoast.com\/product\/yoast-seo-wordpress\/ -->\n<title>Kolme ensi-iltaa Unga Teaternilla syksyll\u00e4 2025 - deski.fi<\/title>\n<meta name=\"robots\" content=\"index, follow, max-snippet:-1, max-image-preview:large, max-video-preview:-1\" \/>\n<link rel=\"canonical\" href=\"https:\/\/www.deski.fi\/?p=898\" \/>\n<meta property=\"og:locale\" content=\"fi_FI\" \/>\n<meta property=\"og:type\" content=\"article\" \/>\n<meta property=\"og:title\" content=\"Kolme ensi-iltaa Unga Teaternilla syksyll\u00e4 2025 - deski.fi\" \/>\n<meta property=\"og:description\" content=\"Lehdist\u00f6tiedote 25. elokuuta \u0096 vapaa julkaistavaksi Kolme ensi-iltaa Unga Teaternilla syksyll\u00e4 2025 Unga Teatern tarjoaa t\u00e4n\u00e4 syksyn\u00e4 monipuolisen ohjelmiston, johon sis\u00e4ltyy kolme ensi-iltaa sek\u00e4 yleis\u00f6suosikkien paluu. Kausi k\u00e4ynnistyy uudella tuotannolla \u0096 Ulkoavaruuden lapset. [&hellip;]\" \/>\n<meta property=\"og:url\" content=\"https:\/\/www.deski.fi\/?p=898\" \/>\n<meta property=\"og:site_name\" content=\"deski.fi\" \/>\n<meta property=\"article:published_time\" content=\"2025-08-26T13:02:50+00:00\" \/>\n<meta property=\"article:modified_time\" content=\"2025-09-07T13:03:23+00:00\" \/>\n<meta property=\"og:image\" content=\"https:\/\/www.deski.fi\/wp-content\/uploads\/2025\/09\/UlkoavaruudenLapset_FB-EVENT_Jenny_Haapimaa.jpg\" \/>\n\t<meta property=\"og:image:width\" content=\"1920\" \/>\n\t<meta property=\"og:image:height\" content=\"1005\" \/>\n\t<meta property=\"og:image:type\" content=\"image\/jpeg\" \/>\n<meta name=\"author\" content=\"deski\" \/>\n<meta name=\"twitter:card\" content=\"summary_large_image\" \/>\n<meta name=\"twitter:label1\" content=\"Kirjoittanut\" \/>\n\t<meta name=\"twitter:data1\" content=\"deski\" \/>\n\t<meta name=\"twitter:label2\" content=\"Arvioitu lukuaika\" \/>\n\t<meta name=\"twitter:data2\" content=\"2 minuuttia\" \/>\n<script type=\"application\/ld+json\" class=\"yoast-schema-graph\">{\"@context\":\"https:\\\/\\\/schema.org\",\"@graph\":[{\"@type\":\"Article\",\"@id\":\"https:\\\/\\\/www.deski.fi\\\/?p=898#article\",\"isPartOf\":{\"@id\":\"https:\\\/\\\/www.deski.fi\\\/?p=898\"},\"author\":{\"name\":\"deski\",\"@id\":\"https:\\\/\\\/www.deski.fi\\\/#\\\/schema\\\/person\\\/8bd75e57167679d4a7655a115984c5cc\"},\"headline\":\"Kolme ensi-iltaa Unga Teaternilla syksyll\u00e4 2025\",\"datePublished\":\"2025-08-26T13:02:50+00:00\",\"dateModified\":\"2025-09-07T13:03:23+00:00\",\"mainEntityOfPage\":{\"@id\":\"https:\\\/\\\/www.deski.fi\\\/?p=898\"},\"wordCount\":495,\"image\":{\"@id\":\"https:\\\/\\\/www.deski.fi\\\/?p=898#primaryimage\"},\"thumbnailUrl\":\"https:\\\/\\\/www.deski.fi\\\/wp-content\\\/uploads\\\/2025\\\/09\\\/UlkoavaruudenLapset_FB-EVENT_Jenny_Haapimaa.jpg\",\"articleSection\":[\"Luokittelematon\"],\"inLanguage\":\"fi\"},{\"@type\":\"WebPage\",\"@id\":\"https:\\\/\\\/www.deski.fi\\\/?p=898\",\"url\":\"https:\\\/\\\/www.deski.fi\\\/?p=898\",\"name\":\"Kolme ensi-iltaa Unga Teaternilla syksyll\u00e4 2025 - deski.fi\",\"isPartOf\":{\"@id\":\"https:\\\/\\\/www.deski.fi\\\/#website\"},\"primaryImageOfPage\":{\"@id\":\"https:\\\/\\\/www.deski.fi\\\/?p=898#primaryimage\"},\"image\":{\"@id\":\"https:\\\/\\\/www.deski.fi\\\/?p=898#primaryimage\"},\"thumbnailUrl\":\"https:\\\/\\\/www.deski.fi\\\/wp-content\\\/uploads\\\/2025\\\/09\\\/UlkoavaruudenLapset_FB-EVENT_Jenny_Haapimaa.jpg\",\"datePublished\":\"2025-08-26T13:02:50+00:00\",\"dateModified\":\"2025-09-07T13:03:23+00:00\",\"author\":{\"@id\":\"https:\\\/\\\/www.deski.fi\\\/#\\\/schema\\\/person\\\/8bd75e57167679d4a7655a115984c5cc\"},\"breadcrumb\":{\"@id\":\"https:\\\/\\\/www.deski.fi\\\/?p=898#breadcrumb\"},\"inLanguage\":\"fi\",\"potentialAction\":[{\"@type\":\"ReadAction\",\"target\":[\"https:\\\/\\\/www.deski.fi\\\/?p=898\"]}]},{\"@type\":\"ImageObject\",\"inLanguage\":\"fi\",\"@id\":\"https:\\\/\\\/www.deski.fi\\\/?p=898#primaryimage\",\"url\":\"https:\\\/\\\/www.deski.fi\\\/wp-content\\\/uploads\\\/2025\\\/09\\\/UlkoavaruudenLapset_FB-EVENT_Jenny_Haapimaa.jpg\",\"contentUrl\":\"https:\\\/\\\/www.deski.fi\\\/wp-content\\\/uploads\\\/2025\\\/09\\\/UlkoavaruudenLapset_FB-EVENT_Jenny_Haapimaa.jpg\",\"width\":1920,\"height\":1005},{\"@type\":\"BreadcrumbList\",\"@id\":\"https:\\\/\\\/www.deski.fi\\\/?p=898#breadcrumb\",\"itemListElement\":[{\"@type\":\"ListItem\",\"position\":1,\"name\":\"Etusivu\",\"item\":\"https:\\\/\\\/www.deski.fi\\\/\"},{\"@type\":\"ListItem\",\"position\":2,\"name\":\"Kolme ensi-iltaa Unga Teaternilla syksyll\u00e4 2025\"}]},{\"@type\":\"WebSite\",\"@id\":\"https:\\\/\\\/www.deski.fi\\\/#website\",\"url\":\"https:\\\/\\\/www.deski.fi\\\/\",\"name\":\"deski.fi\",\"description\":\"Kaikki tiedotteet yhdess&auml; paikassa.\",\"potentialAction\":[{\"@type\":\"SearchAction\",\"target\":{\"@type\":\"EntryPoint\",\"urlTemplate\":\"https:\\\/\\\/www.deski.fi\\\/?s={search_term_string}\"},\"query-input\":{\"@type\":\"PropertyValueSpecification\",\"valueRequired\":true,\"valueName\":\"search_term_string\"}}],\"inLanguage\":\"fi\"},{\"@type\":\"Person\",\"@id\":\"https:\\\/\\\/www.deski.fi\\\/#\\\/schema\\\/person\\\/8bd75e57167679d4a7655a115984c5cc\",\"name\":\"deski\",\"image\":{\"@type\":\"ImageObject\",\"inLanguage\":\"fi\",\"@id\":\"https:\\\/\\\/secure.gravatar.com\\\/avatar\\\/c0990e16eceeb9f9e57c62830d9dbc4a49e1be722381d63aee238afb4a7fbe91?s=96&d=mm&r=g\",\"url\":\"https:\\\/\\\/secure.gravatar.com\\\/avatar\\\/c0990e16eceeb9f9e57c62830d9dbc4a49e1be722381d63aee238afb4a7fbe91?s=96&d=mm&r=g\",\"contentUrl\":\"https:\\\/\\\/secure.gravatar.com\\\/avatar\\\/c0990e16eceeb9f9e57c62830d9dbc4a49e1be722381d63aee238afb4a7fbe91?s=96&d=mm&r=g\",\"caption\":\"deski\"},\"sameAs\":[\"http:\\\/\\\/www.deski.fi\"],\"url\":\"https:\\\/\\\/www.deski.fi\\\/?author=1\"}]}<\/script>\n<!-- \/ Yoast SEO plugin. -->","yoast_head_json":{"title":"Kolme ensi-iltaa Unga Teaternilla syksyll\u00e4 2025 - deski.fi","robots":{"index":"index","follow":"follow","max-snippet":"max-snippet:-1","max-image-preview":"max-image-preview:large","max-video-preview":"max-video-preview:-1"},"canonical":"https:\/\/www.deski.fi\/?p=898","og_locale":"fi_FI","og_type":"article","og_title":"Kolme ensi-iltaa Unga Teaternilla syksyll\u00e4 2025 - deski.fi","og_description":"Lehdist\u00f6tiedote 25. elokuuta \u0096 vapaa julkaistavaksi Kolme ensi-iltaa Unga Teaternilla syksyll\u00e4 2025 Unga Teatern tarjoaa t\u00e4n\u00e4 syksyn\u00e4 monipuolisen ohjelmiston, johon sis\u00e4ltyy kolme ensi-iltaa sek\u00e4 yleis\u00f6suosikkien paluu. Kausi k\u00e4ynnistyy uudella tuotannolla \u0096 Ulkoavaruuden lapset. [&hellip;]","og_url":"https:\/\/www.deski.fi\/?p=898","og_site_name":"deski.fi","article_published_time":"2025-08-26T13:02:50+00:00","article_modified_time":"2025-09-07T13:03:23+00:00","og_image":[{"width":1920,"height":1005,"url":"https:\/\/www.deski.fi\/wp-content\/uploads\/2025\/09\/UlkoavaruudenLapset_FB-EVENT_Jenny_Haapimaa.jpg","type":"image\/jpeg"}],"author":"deski","twitter_card":"summary_large_image","twitter_misc":{"Kirjoittanut":"deski","Arvioitu lukuaika":"2 minuuttia"},"schema":{"@context":"https:\/\/schema.org","@graph":[{"@type":"Article","@id":"https:\/\/www.deski.fi\/?p=898#article","isPartOf":{"@id":"https:\/\/www.deski.fi\/?p=898"},"author":{"name":"deski","@id":"https:\/\/www.deski.fi\/#\/schema\/person\/8bd75e57167679d4a7655a115984c5cc"},"headline":"Kolme ensi-iltaa Unga Teaternilla syksyll\u00e4 2025","datePublished":"2025-08-26T13:02:50+00:00","dateModified":"2025-09-07T13:03:23+00:00","mainEntityOfPage":{"@id":"https:\/\/www.deski.fi\/?p=898"},"wordCount":495,"image":{"@id":"https:\/\/www.deski.fi\/?p=898#primaryimage"},"thumbnailUrl":"https:\/\/www.deski.fi\/wp-content\/uploads\/2025\/09\/UlkoavaruudenLapset_FB-EVENT_Jenny_Haapimaa.jpg","articleSection":["Luokittelematon"],"inLanguage":"fi"},{"@type":"WebPage","@id":"https:\/\/www.deski.fi\/?p=898","url":"https:\/\/www.deski.fi\/?p=898","name":"Kolme ensi-iltaa Unga Teaternilla syksyll\u00e4 2025 - deski.fi","isPartOf":{"@id":"https:\/\/www.deski.fi\/#website"},"primaryImageOfPage":{"@id":"https:\/\/www.deski.fi\/?p=898#primaryimage"},"image":{"@id":"https:\/\/www.deski.fi\/?p=898#primaryimage"},"thumbnailUrl":"https:\/\/www.deski.fi\/wp-content\/uploads\/2025\/09\/UlkoavaruudenLapset_FB-EVENT_Jenny_Haapimaa.jpg","datePublished":"2025-08-26T13:02:50+00:00","dateModified":"2025-09-07T13:03:23+00:00","author":{"@id":"https:\/\/www.deski.fi\/#\/schema\/person\/8bd75e57167679d4a7655a115984c5cc"},"breadcrumb":{"@id":"https:\/\/www.deski.fi\/?p=898#breadcrumb"},"inLanguage":"fi","potentialAction":[{"@type":"ReadAction","target":["https:\/\/www.deski.fi\/?p=898"]}]},{"@type":"ImageObject","inLanguage":"fi","@id":"https:\/\/www.deski.fi\/?p=898#primaryimage","url":"https:\/\/www.deski.fi\/wp-content\/uploads\/2025\/09\/UlkoavaruudenLapset_FB-EVENT_Jenny_Haapimaa.jpg","contentUrl":"https:\/\/www.deski.fi\/wp-content\/uploads\/2025\/09\/UlkoavaruudenLapset_FB-EVENT_Jenny_Haapimaa.jpg","width":1920,"height":1005},{"@type":"BreadcrumbList","@id":"https:\/\/www.deski.fi\/?p=898#breadcrumb","itemListElement":[{"@type":"ListItem","position":1,"name":"Etusivu","item":"https:\/\/www.deski.fi\/"},{"@type":"ListItem","position":2,"name":"Kolme ensi-iltaa Unga Teaternilla syksyll\u00e4 2025"}]},{"@type":"WebSite","@id":"https:\/\/www.deski.fi\/#website","url":"https:\/\/www.deski.fi\/","name":"deski.fi","description":"Kaikki tiedotteet yhdess&auml; paikassa.","potentialAction":[{"@type":"SearchAction","target":{"@type":"EntryPoint","urlTemplate":"https:\/\/www.deski.fi\/?s={search_term_string}"},"query-input":{"@type":"PropertyValueSpecification","valueRequired":true,"valueName":"search_term_string"}}],"inLanguage":"fi"},{"@type":"Person","@id":"https:\/\/www.deski.fi\/#\/schema\/person\/8bd75e57167679d4a7655a115984c5cc","name":"deski","image":{"@type":"ImageObject","inLanguage":"fi","@id":"https:\/\/secure.gravatar.com\/avatar\/c0990e16eceeb9f9e57c62830d9dbc4a49e1be722381d63aee238afb4a7fbe91?s=96&d=mm&r=g","url":"https:\/\/secure.gravatar.com\/avatar\/c0990e16eceeb9f9e57c62830d9dbc4a49e1be722381d63aee238afb4a7fbe91?s=96&d=mm&r=g","contentUrl":"https:\/\/secure.gravatar.com\/avatar\/c0990e16eceeb9f9e57c62830d9dbc4a49e1be722381d63aee238afb4a7fbe91?s=96&d=mm&r=g","caption":"deski"},"sameAs":["http:\/\/www.deski.fi"],"url":"https:\/\/www.deski.fi\/?author=1"}]}},"jetpack_featured_media_url":"https:\/\/www.deski.fi\/wp-content\/uploads\/2025\/09\/UlkoavaruudenLapset_FB-EVENT_Jenny_Haapimaa.jpg","jetpack_sharing_enabled":true,"_links":{"self":[{"href":"https:\/\/www.deski.fi\/index.php?rest_route=\/wp\/v2\/posts\/898","targetHints":{"allow":["GET"]}}],"collection":[{"href":"https:\/\/www.deski.fi\/index.php?rest_route=\/wp\/v2\/posts"}],"about":[{"href":"https:\/\/www.deski.fi\/index.php?rest_route=\/wp\/v2\/types\/post"}],"author":[{"embeddable":true,"href":"https:\/\/www.deski.fi\/index.php?rest_route=\/wp\/v2\/users\/1"}],"replies":[{"embeddable":true,"href":"https:\/\/www.deski.fi\/index.php?rest_route=%2Fwp%2Fv2%2Fcomments&post=898"}],"version-history":[{"count":1,"href":"https:\/\/www.deski.fi\/index.php?rest_route=\/wp\/v2\/posts\/898\/revisions"}],"predecessor-version":[{"id":900,"href":"https:\/\/www.deski.fi\/index.php?rest_route=\/wp\/v2\/posts\/898\/revisions\/900"}],"wp:featuredmedia":[{"embeddable":true,"href":"https:\/\/www.deski.fi\/index.php?rest_route=\/wp\/v2\/media\/899"}],"wp:attachment":[{"href":"https:\/\/www.deski.fi\/index.php?rest_route=%2Fwp%2Fv2%2Fmedia&parent=898"}],"wp:term":[{"taxonomy":"category","embeddable":true,"href":"https:\/\/www.deski.fi\/index.php?rest_route=%2Fwp%2Fv2%2Fcategories&post=898"},{"taxonomy":"post_tag","embeddable":true,"href":"https:\/\/www.deski.fi\/index.php?rest_route=%2Fwp%2Fv2%2Ftags&post=898"}],"curies":[{"name":"wp","href":"https:\/\/api.w.org\/{rel}","templated":true}]}}