{"id":890,"date":"2025-08-30T15:59:30","date_gmt":"2025-08-30T12:59:30","guid":{"rendered":"https:\/\/www.deski.fi\/?p=890"},"modified":"2025-09-07T16:00:58","modified_gmt":"2025-09-07T13:00:58","slug":"arja-koriseva-ja-teemu-roivainen-ensimmaiselle-yhteiselle-joulukiertueelle","status":"publish","type":"post","link":"https:\/\/www.deski.fi\/?p=890","title":{"rendered":"Arja Koriseva ja Teemu Roivainen ensimm\u00e4iselle yhteiselle joulukiertueelle"},"content":{"rendered":"<div class=\"postie-post\">Pressitiedote<br \/>\n21.8.2025<\/p>\n<p> Arja Koriseva &#038; Teemu Roivainen ensimm\u00e4iselle yhteiselle joulukonserttikiertueelle<\/p>\n<p> Joulukuun 1. p\u00e4iv\u00e4 alkaa kahden arvostetun iskelm\u00e4laulajan ensimm\u00e4inen yhteinen jouluinen konserttikiertue, Syd\u00e4meesi joulun teen.<br \/>\nJoulun alla koetaan ainutlaatuisia musiikkiel\u00e4myksi\u00e4, kun kaksi rakastettua suomalaisartistia, Arja Koriseva ja Teemu Roivainen, yhdist\u00e4v\u00e4t ensi kertaa voimansa yhteisell\u00e4 joulukonserttikiertueella. Syd\u00e4meesi joulun teen -kiertue alkaa joulukuun 1. p\u00e4iv\u00e4 ja kattaa 9 paikkakuntaa, ensimm\u00e4isen\u00e4 Mikkeli. Kiertueen muut paikkakunnat ovat Kuopio, Joensuu. Turku, Korpilahti, Lahti, Lappeenranta, H\u00e4meenlinna ja viimeisen\u00e4 Pori. Kiertueen konserttipaikkoina toimivat p\u00e4\u00e4osin tunnelmalliset kirkot, mutta mukana on my\u00f6s muutamia konserttisaleja.<br \/>\nKonsertit viev\u00e4t kuulijat joulun tuikkivaan tunnelmaan. Ohjelmistossa kuullaan rakastetuimpia suomalaisia joululauluja.<br \/>\n\u2013 Luvassa on l\u00e4mp\u00f6\u00e4, rakkautta, herkkyytt\u00e4 ja kimaltelevaa juhlan tuntua \u2013 juuri sit\u00e4 tunnelmaa, mit\u00e4 joulun aikaan moni toivoo ja kaipaa, valottaa Arja Koriseva konsertin henke\u00e4. Ja tunnustautuu samalla jouluihmiseksi. \u2013 Juuri n\u00e4it\u00e4 arvoja on omassa joulussanikin, rakkaiden ymp\u00e4r\u00f6im\u00e4n\u00e4.<br \/>\n\u2013 Yleis\u00f6 saa nauttia konsertaissa my\u00f6s duetoistamme. Nostalgiset suomalaiset joululaulut ovat meille kaikille rakkaita, mutta haluamme niiden lis\u00e4ksi v\u00e4ltt\u00e4\u00e4 tunnelmia kansainv\u00e4lisist\u00e4 jouluista, avaa Teemu Roivainen musiikillista maisemaa. \u2013 Oman joulun viet\u00e4n perinteit\u00e4 kunnioittaen perheeni parissa rauhoittuen, mutta aina siihen kuuluu my\u00f6s jouluinen musiikki.<br \/>\nArja Koriseva juhlistaa t\u00e4n\u00e4 vuonna 60-vuotisjuhlaansa. H\u00e4net tunnetaan taitavajan laulajana ja artistina sek\u00e4 my\u00f6s monista n\u00e4yttelij\u00e4rooleistaan. Teemu Roivainen puolestaan on hurmannut yleis\u00f6n viime vuosina monilla estradeilla ja mm. T\u00e4hdet, t\u00e4hdet ja Selviytyj\u00e4t -tv-ohjelmissa.<br \/>\nSek\u00e4 Arja ett\u00e4 Teemu, jotka molemmat muistetaan tangokruunuistaan, ovat julkaisseet my\u00f6s omia joululaulujaan, joita kuullaan osana konserttikokonaisuutta.<br \/>\nKiertue 2025 Ma 1.12. Mikkeli, Pit\u00e4j\u00e4nkirkko Ti 2.12. Kuopio, Musiikkikeskus To 4.12. Joensuu, Joensuun kirkko Ma 8.12. Turku, Konserttitalo Pe 12.12. Korpilahti, Korpilahden kirkko La 13.12. Lahti: Ristinkirkko Su 14.12. Lappeenranta, Lappeenranta-sali Ti 16.12. H\u00e4meenlinna, Verkatehdas La 20.12. Pori, Promenadikeskus<br \/>\nLiput alk. 38 e, Lippu.fi Tuotanto: Sony Music Live 2025<\/p>\n<p> <<a href=\"https:\/\/grafiitti.creamailer.fi\/ac4\/YxW08CxGBY\/4g6ONg5Izn40UodvZtEA4\">grafiitti.creamailer.fi\/ac4\/YxW08CxGBY\/4g6ONg5Izn40UodvZtEA4<\/a>> Pressikuva 300 dpi<\/p>\n<p> Promootio \/ haastattelupyynn\u00f6t: Grafiitti Pro Liisa Marjom\u00e4ki <<a href=\"mailto:mailto:grafiitti@grafiitti.fi\">mailto:mailto:<a href=\"mailto:grafiitti@grafiitti.fi\" >grafiitti@grafiitti.fi<\/a><\/a>> <a href=\"mailto:grafiitti@grafiitti.fi\" >grafiitti@grafiitti.fi<\/a><br \/>\n050 5254109 <<a href=\"https:\/\/grafiitti.creamailer.fi\/ac4\/IdIcC00\/4g6ONg5Izn40UodvZtEA4\">grafiitti.creamailer.fi\/ac4\/IdIcC00\/4g6ONg5Izn40UodvZtEA4<\/a>> <a href=\"http:\/\/www.grafiitti.fi\">www.grafiitti.fi<\/a><br \/>\n<<a href=\"https:\/\/grafiitti.creamailer.fi\/ac4\/BKBiaxm\/4g6ONg5Izn40UodvZtEA4\">grafiitti.creamailer.fi\/ac4\/BKBiaxm\/4g6ONg5Izn40UodvZtEA4<\/a>> Facebook |  <<a href=\"https:\/\/grafiitti.creamailer.fi\/ac4\/eWB0WKgCii\/4g6ONg5Izn40UodvZtEA4\">grafiitti.creamailer.fi\/ac4\/eWB0WKgCii\/4g6ONg5Izn40UodvZtEA4<\/a>> Instagram |  <<a href=\"https:\/\/grafiitti.creamailer.fi\/ac4\/OYudCaEzu4jF\/4g6ONg5Izn40UodvZtEA4\">grafiitti.creamailer.fi\/ac4\/OYudCaEzu4jF\/4g6ONg5Izn40UodvZtEA4<\/a>> LinkedIn<\/p>\n<p> <<a href=\"https:\/\/grafiitti.creamailer.fi\/ea5\/4g6ONg5Izn40UodvZtEA4\/footer.gif\">grafiitti.creamailer.fi\/ea5\/4g6ONg5Izn40UodvZtEA4\/footer.gif<\/a>><\/p>\n<div class=\"postie-attachments\"><a href=\"https:\/\/www.deski.fi\/?attachment_id=891\"><img decoding=\"async\" src=\"https:\/\/www.deski.fi\/wp-content\/uploads\/2025\/09\/xbnhqxxprw-yxjqys1rb3jpc2v2ys10zwvtds1yb2l2ywluzw4tnjawedqwma-550x400-17535175-300x200.png\" alt=\"\" width=\"300px\" height=\"200px\" class=\"alignnone size-medium wp-image-891\" srcset=\"https:\/\/www.deski.fi\/wp-content\/uploads\/2025\/09\/xbnhqxxprw-yxjqys1rb3jpc2v2ys10zwvtds1yb2l2ywluzw4tnjawedqwma-550x400-17535175-300x200.png 300w, https:\/\/www.deski.fi\/wp-content\/uploads\/2025\/09\/xbnhqxxprw-yxjqys1rb3jpc2v2ys10zwvtds1yb2l2ywluzw4tnjawedqwma-550x400-17535175-230x153.png 230w, https:\/\/www.deski.fi\/wp-content\/uploads\/2025\/09\/xbnhqxxprw-yxjqys1rb3jpc2v2ys10zwvtds1yb2l2ywluzw4tnjawedqwma-550x400-17535175-350x234.png 350w, https:\/\/www.deski.fi\/wp-content\/uploads\/2025\/09\/xbnhqxxprw-yxjqys1rb3jpc2v2ys10zwvtds1yb2l2ywluzw4tnjawedqwma-550x400-17535175-480x320.png 480w, https:\/\/www.deski.fi\/wp-content\/uploads\/2025\/09\/xbnhqxxprw-yxjqys1rb3jpc2v2ys10zwvtds1yb2l2ywluzw4tnjawedqwma-550x400-17535175.png 550w\" sizes=\"(max-width: 300px) 100vw, 300px\" \/><\/a><br \/>\n<a href=\"https:\/\/www.deski.fi\/?attachment_id=892\"><img decoding=\"async\" src=\"https:\/\/www.deski.fi\/wp-content\/uploads\/2025\/09\/9mb5hr62ai-divider-shadow-300x13.png\" alt=\"\" width=\"300px\" height=\"13px\" class=\"alignnone size-medium wp-image-892\" srcset=\"https:\/\/www.deski.fi\/wp-content\/uploads\/2025\/09\/9mb5hr62ai-divider-shadow-300x13.png 300w, https:\/\/www.deski.fi\/wp-content\/uploads\/2025\/09\/9mb5hr62ai-divider-shadow-1024x43.png 1024w, https:\/\/www.deski.fi\/wp-content\/uploads\/2025\/09\/9mb5hr62ai-divider-shadow-768x32.png 768w, https:\/\/www.deski.fi\/wp-content\/uploads\/2025\/09\/9mb5hr62ai-divider-shadow-1000x42.png 1000w, https:\/\/www.deski.fi\/wp-content\/uploads\/2025\/09\/9mb5hr62ai-divider-shadow-230x10.png 230w, https:\/\/www.deski.fi\/wp-content\/uploads\/2025\/09\/9mb5hr62ai-divider-shadow-350x15.png 350w, https:\/\/www.deski.fi\/wp-content\/uploads\/2025\/09\/9mb5hr62ai-divider-shadow-480x20.png 480w, https:\/\/www.deski.fi\/wp-content\/uploads\/2025\/09\/9mb5hr62ai-divider-shadow.png 1200w\" sizes=\"(max-width: 300px) 100vw, 300px\" \/><\/a><br \/>\n<a href=\"https:\/\/www.deski.fi\/?attachment_id=893\"><img decoding=\"async\" src=\"https:\/\/www.deski.fi\/wp-content\/uploads\/2025\/09\/sorq11gg9h-z3jhzmlpdhrplxbyb21vb3rpby1sb2dvlw5ldhrpmq-263x177-17535187.png\" alt=\"\" width=\"263px\" height=\"78px\" class=\"alignnone size-medium wp-image-893\" srcset=\"https:\/\/www.deski.fi\/wp-content\/uploads\/2025\/09\/sorq11gg9h-z3jhzmlpdhrplxbyb21vb3rpby1sb2dvlw5ldhrpmq-263x177-17535187.png 263w, https:\/\/www.deski.fi\/wp-content\/uploads\/2025\/09\/sorq11gg9h-z3jhzmlpdhrplxbyb21vb3rpby1sb2dvlw5ldhrpmq-263x177-17535187-230x68.png 230w\" sizes=\"(max-width: 263px) 100vw, 263px\" \/><\/a><\/div>\n<\/div>\n","protected":false},"excerpt":{"rendered":"<p>Pressitiedote 21.8.2025 Arja Koriseva &#038; Teemu Roivainen ensimm\u00e4iselle yhteiselle joulukonserttikiertueelle Joulukuun 1. p\u00e4iv\u00e4 alkaa kahden arvostetun iskelm\u00e4laulajan ensimm\u00e4inen yhteinen jouluinen konserttikiertue, Syd\u00e4meesi joulun teen. Joulun alla koetaan ainutlaatuisia musiikkiel\u00e4myksi\u00e4, kun kaksi rakastettua suomalaisartistia, [&hellip;]<\/p>\n","protected":false},"author":1,"featured_media":891,"comment_status":"closed","ping_status":"open","sticky":false,"template":"","format":"standard","meta":{"_jetpack_memberships_contains_paid_content":false,"footnotes":""},"categories":[1],"tags":[],"class_list":["post-890","post","type-post","status-publish","format-standard","has-post-thumbnail","hentry","category-luokittelematon"],"yoast_head":"<!-- This site is optimized with the Yoast SEO plugin v27.4 - https:\/\/yoast.com\/product\/yoast-seo-wordpress\/ -->\n<title>Arja Koriseva ja Teemu Roivainen ensimm\u00e4iselle yhteiselle joulukiertueelle - deski.fi<\/title>\n<meta name=\"robots\" content=\"index, follow, max-snippet:-1, max-image-preview:large, max-video-preview:-1\" \/>\n<link rel=\"canonical\" href=\"https:\/\/www.deski.fi\/?p=890\" \/>\n<meta property=\"og:locale\" content=\"fi_FI\" \/>\n<meta property=\"og:type\" content=\"article\" \/>\n<meta property=\"og:title\" content=\"Arja Koriseva ja Teemu Roivainen ensimm\u00e4iselle yhteiselle joulukiertueelle - deski.fi\" \/>\n<meta property=\"og:description\" content=\"Pressitiedote 21.8.2025 Arja Koriseva &#038; Teemu Roivainen ensimm\u00e4iselle yhteiselle joulukonserttikiertueelle Joulukuun 1. p\u00e4iv\u00e4 alkaa kahden arvostetun iskelm\u00e4laulajan ensimm\u00e4inen yhteinen jouluinen konserttikiertue, Syd\u00e4meesi joulun teen. Joulun alla koetaan ainutlaatuisia musiikkiel\u00e4myksi\u00e4, kun kaksi rakastettua suomalaisartistia, [&hellip;]\" \/>\n<meta property=\"og:url\" content=\"https:\/\/www.deski.fi\/?p=890\" \/>\n<meta property=\"og:site_name\" content=\"deski.fi\" \/>\n<meta property=\"article:published_time\" content=\"2025-08-30T12:59:30+00:00\" \/>\n<meta property=\"article:modified_time\" content=\"2025-09-07T13:00:58+00:00\" \/>\n<meta property=\"og:image\" content=\"https:\/\/www.deski.fi\/wp-content\/uploads\/2025\/09\/xbnhqxxprw-yxjqys1rb3jpc2v2ys10zwvtds1yb2l2ywluzw4tnjawedqwma-550x400-17535175.png\" \/>\n\t<meta property=\"og:image:width\" content=\"550\" \/>\n\t<meta property=\"og:image:height\" content=\"367\" \/>\n\t<meta property=\"og:image:type\" content=\"image\/png\" \/>\n<meta name=\"author\" content=\"deski\" \/>\n<meta name=\"twitter:card\" content=\"summary_large_image\" \/>\n<meta name=\"twitter:label1\" content=\"Kirjoittanut\" \/>\n\t<meta name=\"twitter:data1\" content=\"deski\" \/>\n\t<meta name=\"twitter:label2\" content=\"Arvioitu lukuaika\" \/>\n\t<meta name=\"twitter:data2\" content=\"2 minuuttia\" \/>\n<script type=\"application\/ld+json\" class=\"yoast-schema-graph\">{\"@context\":\"https:\\\/\\\/schema.org\",\"@graph\":[{\"@type\":\"Article\",\"@id\":\"https:\\\/\\\/www.deski.fi\\\/?p=890#article\",\"isPartOf\":{\"@id\":\"https:\\\/\\\/www.deski.fi\\\/?p=890\"},\"author\":{\"name\":\"deski\",\"@id\":\"https:\\\/\\\/www.deski.fi\\\/#\\\/schema\\\/person\\\/8bd75e57167679d4a7655a115984c5cc\"},\"headline\":\"Arja Koriseva ja Teemu Roivainen ensimm\u00e4iselle yhteiselle joulukiertueelle\",\"datePublished\":\"2025-08-30T12:59:30+00:00\",\"dateModified\":\"2025-09-07T13:00:58+00:00\",\"mainEntityOfPage\":{\"@id\":\"https:\\\/\\\/www.deski.fi\\\/?p=890\"},\"wordCount\":323,\"image\":{\"@id\":\"https:\\\/\\\/www.deski.fi\\\/?p=890#primaryimage\"},\"thumbnailUrl\":\"https:\\\/\\\/www.deski.fi\\\/wp-content\\\/uploads\\\/2025\\\/09\\\/xbnhqxxprw-yxjqys1rb3jpc2v2ys10zwvtds1yb2l2ywluzw4tnjawedqwma-550x400-17535175.png\",\"articleSection\":[\"Luokittelematon\"],\"inLanguage\":\"fi\"},{\"@type\":\"WebPage\",\"@id\":\"https:\\\/\\\/www.deski.fi\\\/?p=890\",\"url\":\"https:\\\/\\\/www.deski.fi\\\/?p=890\",\"name\":\"Arja Koriseva ja Teemu Roivainen ensimm\u00e4iselle yhteiselle joulukiertueelle - deski.fi\",\"isPartOf\":{\"@id\":\"https:\\\/\\\/www.deski.fi\\\/#website\"},\"primaryImageOfPage\":{\"@id\":\"https:\\\/\\\/www.deski.fi\\\/?p=890#primaryimage\"},\"image\":{\"@id\":\"https:\\\/\\\/www.deski.fi\\\/?p=890#primaryimage\"},\"thumbnailUrl\":\"https:\\\/\\\/www.deski.fi\\\/wp-content\\\/uploads\\\/2025\\\/09\\\/xbnhqxxprw-yxjqys1rb3jpc2v2ys10zwvtds1yb2l2ywluzw4tnjawedqwma-550x400-17535175.png\",\"datePublished\":\"2025-08-30T12:59:30+00:00\",\"dateModified\":\"2025-09-07T13:00:58+00:00\",\"author\":{\"@id\":\"https:\\\/\\\/www.deski.fi\\\/#\\\/schema\\\/person\\\/8bd75e57167679d4a7655a115984c5cc\"},\"breadcrumb\":{\"@id\":\"https:\\\/\\\/www.deski.fi\\\/?p=890#breadcrumb\"},\"inLanguage\":\"fi\",\"potentialAction\":[{\"@type\":\"ReadAction\",\"target\":[\"https:\\\/\\\/www.deski.fi\\\/?p=890\"]}]},{\"@type\":\"ImageObject\",\"inLanguage\":\"fi\",\"@id\":\"https:\\\/\\\/www.deski.fi\\\/?p=890#primaryimage\",\"url\":\"https:\\\/\\\/www.deski.fi\\\/wp-content\\\/uploads\\\/2025\\\/09\\\/xbnhqxxprw-yxjqys1rb3jpc2v2ys10zwvtds1yb2l2ywluzw4tnjawedqwma-550x400-17535175.png\",\"contentUrl\":\"https:\\\/\\\/www.deski.fi\\\/wp-content\\\/uploads\\\/2025\\\/09\\\/xbnhqxxprw-yxjqys1rb3jpc2v2ys10zwvtds1yb2l2ywluzw4tnjawedqwma-550x400-17535175.png\",\"width\":550,\"height\":367},{\"@type\":\"BreadcrumbList\",\"@id\":\"https:\\\/\\\/www.deski.fi\\\/?p=890#breadcrumb\",\"itemListElement\":[{\"@type\":\"ListItem\",\"position\":1,\"name\":\"Etusivu\",\"item\":\"https:\\\/\\\/www.deski.fi\\\/\"},{\"@type\":\"ListItem\",\"position\":2,\"name\":\"Arja Koriseva ja Teemu Roivainen ensimm\u00e4iselle yhteiselle joulukiertueelle\"}]},{\"@type\":\"WebSite\",\"@id\":\"https:\\\/\\\/www.deski.fi\\\/#website\",\"url\":\"https:\\\/\\\/www.deski.fi\\\/\",\"name\":\"deski.fi\",\"description\":\"Kaikki tiedotteet yhdess&auml; paikassa.\",\"potentialAction\":[{\"@type\":\"SearchAction\",\"target\":{\"@type\":\"EntryPoint\",\"urlTemplate\":\"https:\\\/\\\/www.deski.fi\\\/?s={search_term_string}\"},\"query-input\":{\"@type\":\"PropertyValueSpecification\",\"valueRequired\":true,\"valueName\":\"search_term_string\"}}],\"inLanguage\":\"fi\"},{\"@type\":\"Person\",\"@id\":\"https:\\\/\\\/www.deski.fi\\\/#\\\/schema\\\/person\\\/8bd75e57167679d4a7655a115984c5cc\",\"name\":\"deski\",\"image\":{\"@type\":\"ImageObject\",\"inLanguage\":\"fi\",\"@id\":\"https:\\\/\\\/secure.gravatar.com\\\/avatar\\\/c0990e16eceeb9f9e57c62830d9dbc4a49e1be722381d63aee238afb4a7fbe91?s=96&d=mm&r=g\",\"url\":\"https:\\\/\\\/secure.gravatar.com\\\/avatar\\\/c0990e16eceeb9f9e57c62830d9dbc4a49e1be722381d63aee238afb4a7fbe91?s=96&d=mm&r=g\",\"contentUrl\":\"https:\\\/\\\/secure.gravatar.com\\\/avatar\\\/c0990e16eceeb9f9e57c62830d9dbc4a49e1be722381d63aee238afb4a7fbe91?s=96&d=mm&r=g\",\"caption\":\"deski\"},\"sameAs\":[\"http:\\\/\\\/www.deski.fi\"],\"url\":\"https:\\\/\\\/www.deski.fi\\\/?author=1\"}]}<\/script>\n<!-- \/ Yoast SEO plugin. -->","yoast_head_json":{"title":"Arja Koriseva ja Teemu Roivainen ensimm\u00e4iselle yhteiselle joulukiertueelle - deski.fi","robots":{"index":"index","follow":"follow","max-snippet":"max-snippet:-1","max-image-preview":"max-image-preview:large","max-video-preview":"max-video-preview:-1"},"canonical":"https:\/\/www.deski.fi\/?p=890","og_locale":"fi_FI","og_type":"article","og_title":"Arja Koriseva ja Teemu Roivainen ensimm\u00e4iselle yhteiselle joulukiertueelle - deski.fi","og_description":"Pressitiedote 21.8.2025 Arja Koriseva &#038; Teemu Roivainen ensimm\u00e4iselle yhteiselle joulukonserttikiertueelle Joulukuun 1. p\u00e4iv\u00e4 alkaa kahden arvostetun iskelm\u00e4laulajan ensimm\u00e4inen yhteinen jouluinen konserttikiertue, Syd\u00e4meesi joulun teen. Joulun alla koetaan ainutlaatuisia musiikkiel\u00e4myksi\u00e4, kun kaksi rakastettua suomalaisartistia, [&hellip;]","og_url":"https:\/\/www.deski.fi\/?p=890","og_site_name":"deski.fi","article_published_time":"2025-08-30T12:59:30+00:00","article_modified_time":"2025-09-07T13:00:58+00:00","og_image":[{"width":550,"height":367,"url":"https:\/\/www.deski.fi\/wp-content\/uploads\/2025\/09\/xbnhqxxprw-yxjqys1rb3jpc2v2ys10zwvtds1yb2l2ywluzw4tnjawedqwma-550x400-17535175.png","type":"image\/png"}],"author":"deski","twitter_card":"summary_large_image","twitter_misc":{"Kirjoittanut":"deski","Arvioitu lukuaika":"2 minuuttia"},"schema":{"@context":"https:\/\/schema.org","@graph":[{"@type":"Article","@id":"https:\/\/www.deski.fi\/?p=890#article","isPartOf":{"@id":"https:\/\/www.deski.fi\/?p=890"},"author":{"name":"deski","@id":"https:\/\/www.deski.fi\/#\/schema\/person\/8bd75e57167679d4a7655a115984c5cc"},"headline":"Arja Koriseva ja Teemu Roivainen ensimm\u00e4iselle yhteiselle joulukiertueelle","datePublished":"2025-08-30T12:59:30+00:00","dateModified":"2025-09-07T13:00:58+00:00","mainEntityOfPage":{"@id":"https:\/\/www.deski.fi\/?p=890"},"wordCount":323,"image":{"@id":"https:\/\/www.deski.fi\/?p=890#primaryimage"},"thumbnailUrl":"https:\/\/www.deski.fi\/wp-content\/uploads\/2025\/09\/xbnhqxxprw-yxjqys1rb3jpc2v2ys10zwvtds1yb2l2ywluzw4tnjawedqwma-550x400-17535175.png","articleSection":["Luokittelematon"],"inLanguage":"fi"},{"@type":"WebPage","@id":"https:\/\/www.deski.fi\/?p=890","url":"https:\/\/www.deski.fi\/?p=890","name":"Arja Koriseva ja Teemu Roivainen ensimm\u00e4iselle yhteiselle joulukiertueelle - deski.fi","isPartOf":{"@id":"https:\/\/www.deski.fi\/#website"},"primaryImageOfPage":{"@id":"https:\/\/www.deski.fi\/?p=890#primaryimage"},"image":{"@id":"https:\/\/www.deski.fi\/?p=890#primaryimage"},"thumbnailUrl":"https:\/\/www.deski.fi\/wp-content\/uploads\/2025\/09\/xbnhqxxprw-yxjqys1rb3jpc2v2ys10zwvtds1yb2l2ywluzw4tnjawedqwma-550x400-17535175.png","datePublished":"2025-08-30T12:59:30+00:00","dateModified":"2025-09-07T13:00:58+00:00","author":{"@id":"https:\/\/www.deski.fi\/#\/schema\/person\/8bd75e57167679d4a7655a115984c5cc"},"breadcrumb":{"@id":"https:\/\/www.deski.fi\/?p=890#breadcrumb"},"inLanguage":"fi","potentialAction":[{"@type":"ReadAction","target":["https:\/\/www.deski.fi\/?p=890"]}]},{"@type":"ImageObject","inLanguage":"fi","@id":"https:\/\/www.deski.fi\/?p=890#primaryimage","url":"https:\/\/www.deski.fi\/wp-content\/uploads\/2025\/09\/xbnhqxxprw-yxjqys1rb3jpc2v2ys10zwvtds1yb2l2ywluzw4tnjawedqwma-550x400-17535175.png","contentUrl":"https:\/\/www.deski.fi\/wp-content\/uploads\/2025\/09\/xbnhqxxprw-yxjqys1rb3jpc2v2ys10zwvtds1yb2l2ywluzw4tnjawedqwma-550x400-17535175.png","width":550,"height":367},{"@type":"BreadcrumbList","@id":"https:\/\/www.deski.fi\/?p=890#breadcrumb","itemListElement":[{"@type":"ListItem","position":1,"name":"Etusivu","item":"https:\/\/www.deski.fi\/"},{"@type":"ListItem","position":2,"name":"Arja Koriseva ja Teemu Roivainen ensimm\u00e4iselle yhteiselle joulukiertueelle"}]},{"@type":"WebSite","@id":"https:\/\/www.deski.fi\/#website","url":"https:\/\/www.deski.fi\/","name":"deski.fi","description":"Kaikki tiedotteet yhdess&auml; paikassa.","potentialAction":[{"@type":"SearchAction","target":{"@type":"EntryPoint","urlTemplate":"https:\/\/www.deski.fi\/?s={search_term_string}"},"query-input":{"@type":"PropertyValueSpecification","valueRequired":true,"valueName":"search_term_string"}}],"inLanguage":"fi"},{"@type":"Person","@id":"https:\/\/www.deski.fi\/#\/schema\/person\/8bd75e57167679d4a7655a115984c5cc","name":"deski","image":{"@type":"ImageObject","inLanguage":"fi","@id":"https:\/\/secure.gravatar.com\/avatar\/c0990e16eceeb9f9e57c62830d9dbc4a49e1be722381d63aee238afb4a7fbe91?s=96&d=mm&r=g","url":"https:\/\/secure.gravatar.com\/avatar\/c0990e16eceeb9f9e57c62830d9dbc4a49e1be722381d63aee238afb4a7fbe91?s=96&d=mm&r=g","contentUrl":"https:\/\/secure.gravatar.com\/avatar\/c0990e16eceeb9f9e57c62830d9dbc4a49e1be722381d63aee238afb4a7fbe91?s=96&d=mm&r=g","caption":"deski"},"sameAs":["http:\/\/www.deski.fi"],"url":"https:\/\/www.deski.fi\/?author=1"}]}},"jetpack_featured_media_url":"https:\/\/www.deski.fi\/wp-content\/uploads\/2025\/09\/xbnhqxxprw-yxjqys1rb3jpc2v2ys10zwvtds1yb2l2ywluzw4tnjawedqwma-550x400-17535175.png","jetpack_sharing_enabled":true,"_links":{"self":[{"href":"https:\/\/www.deski.fi\/index.php?rest_route=\/wp\/v2\/posts\/890","targetHints":{"allow":["GET"]}}],"collection":[{"href":"https:\/\/www.deski.fi\/index.php?rest_route=\/wp\/v2\/posts"}],"about":[{"href":"https:\/\/www.deski.fi\/index.php?rest_route=\/wp\/v2\/types\/post"}],"author":[{"embeddable":true,"href":"https:\/\/www.deski.fi\/index.php?rest_route=\/wp\/v2\/users\/1"}],"replies":[{"embeddable":true,"href":"https:\/\/www.deski.fi\/index.php?rest_route=%2Fwp%2Fv2%2Fcomments&post=890"}],"version-history":[{"count":1,"href":"https:\/\/www.deski.fi\/index.php?rest_route=\/wp\/v2\/posts\/890\/revisions"}],"predecessor-version":[{"id":894,"href":"https:\/\/www.deski.fi\/index.php?rest_route=\/wp\/v2\/posts\/890\/revisions\/894"}],"wp:featuredmedia":[{"embeddable":true,"href":"https:\/\/www.deski.fi\/index.php?rest_route=\/wp\/v2\/media\/891"}],"wp:attachment":[{"href":"https:\/\/www.deski.fi\/index.php?rest_route=%2Fwp%2Fv2%2Fmedia&parent=890"}],"wp:term":[{"taxonomy":"category","embeddable":true,"href":"https:\/\/www.deski.fi\/index.php?rest_route=%2Fwp%2Fv2%2Fcategories&post=890"},{"taxonomy":"post_tag","embeddable":true,"href":"https:\/\/www.deski.fi\/index.php?rest_route=%2Fwp%2Fv2%2Ftags&post=890"}],"curies":[{"name":"wp","href":"https:\/\/api.w.org\/{rel}","templated":true}]}}