{"id":887,"date":"2025-09-01T15:43:57","date_gmt":"2025-09-01T12:43:57","guid":{"rendered":"http:\/\/www.deski.fi\/?p=887"},"modified":"2025-09-07T16:01:35","modified_gmt":"2025-09-07T13:01:35","slug":"akvart-galleriassa-vareilya-nayttely-9-21-9","status":"publish","type":"post","link":"https:\/\/www.deski.fi\/?p=887","title":{"rendered":"Akvart galleriassa V\u00e4reily\u00e4-n\u00e4yttely 9.-21.9."},"content":{"rendered":"<div class=\"postie-post\">Espoo Artin akvarellistit esittelev\u00e4t teoksiaan Akvart galleriassa. Kokeneiden akvarellistien ryhm\u00e4 tulkitsee v\u00e4reilyn teemaa vesiv\u00e4rin keinoin. Teoksissa on esill\u00e4 mm. v\u00e4rien leikki\u00e4, ihmisi\u00e4 osana ymp\u00e4rist\u00f6\u00e4\u00e4n, syksyyn k\u00e4\u00e4ntyv\u00e4\u00e4 luontoa sek\u00e4 veden eri olomuotoja.<br \/>\nL\u00e4mpim\u00e4sti tervetuloa my\u00f6s avajaisiin 8.9. klo 17-19<br \/>\nN\u00e4yttelyn taiteilijat: Helena Ingvall, Soile J\u00e4k\u00e4l\u00e4, Kaija Kirmo, Ingeborg Lawson, Riitta Lindstr\u00f6m, Sirkka Mokko, Anne Ollila, Sinkka Pietil\u00e4, Benita Suomi, Sirkka-Liisa Suvanto, Aino Tiihonen, Kirsti Uimonen ja Vuokko Yll\u00f6<br \/>\n Terveisin Akvart hallitus<\/p>\n<div class=\"postie-attachments\"><a href=\"http:\/\/www.deski.fi\/?attachment_id=888\"><img decoding=\"async\" src=\"http:\/\/www.deski.fi\/wp-content\/uploads\/2025\/09\/akvart-vareilya-212x300.jpg\" alt=\"\" width=\"212px\" height=\"300px\" class=\"alignnone size-medium wp-image-888\" srcset=\"https:\/\/www.deski.fi\/wp-content\/uploads\/2025\/09\/akvart-vareilya-212x300.jpg 212w, https:\/\/www.deski.fi\/wp-content\/uploads\/2025\/09\/akvart-vareilya-230x325.jpg 230w, https:\/\/www.deski.fi\/wp-content\/uploads\/2025\/09\/akvart-vareilya-350x494.jpg 350w, https:\/\/www.deski.fi\/wp-content\/uploads\/2025\/09\/akvart-vareilya-480x678.jpg 480w, https:\/\/www.deski.fi\/wp-content\/uploads\/2025\/09\/akvart-vareilya.jpg 562w\" sizes=\"(max-width: 212px) 100vw, 212px\" \/><\/a><\/div>\n<\/div>\n","protected":false},"excerpt":{"rendered":"<p>Espoo Artin akvarellistit esittelev\u00e4t teoksiaan Akvart galleriassa. Kokeneiden akvarellistien ryhm\u00e4 tulkitsee v\u00e4reilyn teemaa vesiv\u00e4rin keinoin. Teoksissa on esill\u00e4 mm. v\u00e4rien leikki\u00e4, ihmisi\u00e4 osana ymp\u00e4rist\u00f6\u00e4\u00e4n, syksyyn k\u00e4\u00e4ntyv\u00e4\u00e4 luontoa sek\u00e4 veden eri olomuotoja. L\u00e4mpim\u00e4sti tervetuloa [&hellip;]<\/p>\n","protected":false},"author":1,"featured_media":888,"comment_status":"closed","ping_status":"open","sticky":false,"template":"","format":"standard","meta":{"_jetpack_memberships_contains_paid_content":false,"footnotes":""},"categories":[1],"tags":[],"class_list":["post-887","post","type-post","status-publish","format-standard","has-post-thumbnail","hentry","category-luokittelematon"],"yoast_head":"<!-- This site is optimized with the Yoast SEO plugin v27.5 - https:\/\/yoast.com\/product\/yoast-seo-wordpress\/ -->\n<title>Akvart galleriassa V\u00e4reily\u00e4-n\u00e4yttely 9.-21.9. - deski.fi<\/title>\n<meta name=\"robots\" content=\"index, follow, max-snippet:-1, max-image-preview:large, max-video-preview:-1\" \/>\n<link rel=\"canonical\" href=\"https:\/\/www.deski.fi\/?p=887\" \/>\n<meta property=\"og:locale\" content=\"fi_FI\" \/>\n<meta property=\"og:type\" content=\"article\" \/>\n<meta property=\"og:title\" content=\"Akvart galleriassa V\u00e4reily\u00e4-n\u00e4yttely 9.-21.9. - deski.fi\" \/>\n<meta property=\"og:description\" content=\"Espoo Artin akvarellistit esittelev\u00e4t teoksiaan Akvart galleriassa. Kokeneiden akvarellistien ryhm\u00e4 tulkitsee v\u00e4reilyn teemaa vesiv\u00e4rin keinoin. Teoksissa on esill\u00e4 mm. v\u00e4rien leikki\u00e4, ihmisi\u00e4 osana ymp\u00e4rist\u00f6\u00e4\u00e4n, syksyyn k\u00e4\u00e4ntyv\u00e4\u00e4 luontoa sek\u00e4 veden eri olomuotoja. L\u00e4mpim\u00e4sti tervetuloa [&hellip;]\" \/>\n<meta property=\"og:url\" content=\"https:\/\/www.deski.fi\/?p=887\" \/>\n<meta property=\"og:site_name\" content=\"deski.fi\" \/>\n<meta property=\"article:published_time\" content=\"2025-09-01T12:43:57+00:00\" \/>\n<meta property=\"article:modified_time\" content=\"2025-09-07T13:01:35+00:00\" \/>\n<meta property=\"og:image\" content=\"https:\/\/www.deski.fi\/wp-content\/uploads\/2025\/09\/akvart-vareilya.jpg\" \/>\n\t<meta property=\"og:image:width\" content=\"562\" \/>\n\t<meta property=\"og:image:height\" content=\"794\" \/>\n\t<meta property=\"og:image:type\" content=\"image\/jpeg\" \/>\n<meta name=\"author\" content=\"deski\" \/>\n<meta name=\"twitter:card\" content=\"summary_large_image\" \/>\n<meta name=\"twitter:label1\" content=\"Kirjoittanut\" \/>\n\t<meta name=\"twitter:data1\" content=\"deski\" \/>\n<script type=\"application\/ld+json\" class=\"yoast-schema-graph\">{\"@context\":\"https:\\\/\\\/schema.org\",\"@graph\":[{\"@type\":\"Article\",\"@id\":\"https:\\\/\\\/www.deski.fi\\\/?p=887#article\",\"isPartOf\":{\"@id\":\"https:\\\/\\\/www.deski.fi\\\/?p=887\"},\"author\":{\"name\":\"deski\",\"@id\":\"http:\\\/\\\/www.deski.fi\\\/#\\\/schema\\\/person\\\/8bd75e57167679d4a7655a115984c5cc\"},\"headline\":\"Akvart galleriassa V\u00e4reily\u00e4-n\u00e4yttely 9.-21.9.\",\"datePublished\":\"2025-09-01T12:43:57+00:00\",\"dateModified\":\"2025-09-07T13:01:35+00:00\",\"mainEntityOfPage\":{\"@id\":\"https:\\\/\\\/www.deski.fi\\\/?p=887\"},\"wordCount\":90,\"image\":{\"@id\":\"https:\\\/\\\/www.deski.fi\\\/?p=887#primaryimage\"},\"thumbnailUrl\":\"https:\\\/\\\/www.deski.fi\\\/wp-content\\\/uploads\\\/2025\\\/09\\\/akvart-vareilya.jpg\",\"articleSection\":[\"Luokittelematon\"],\"inLanguage\":\"fi\"},{\"@type\":\"WebPage\",\"@id\":\"https:\\\/\\\/www.deski.fi\\\/?p=887\",\"url\":\"https:\\\/\\\/www.deski.fi\\\/?p=887\",\"name\":\"Akvart galleriassa V\u00e4reily\u00e4-n\u00e4yttely 9.-21.9. - deski.fi\",\"isPartOf\":{\"@id\":\"http:\\\/\\\/www.deski.fi\\\/#website\"},\"primaryImageOfPage\":{\"@id\":\"https:\\\/\\\/www.deski.fi\\\/?p=887#primaryimage\"},\"image\":{\"@id\":\"https:\\\/\\\/www.deski.fi\\\/?p=887#primaryimage\"},\"thumbnailUrl\":\"https:\\\/\\\/www.deski.fi\\\/wp-content\\\/uploads\\\/2025\\\/09\\\/akvart-vareilya.jpg\",\"datePublished\":\"2025-09-01T12:43:57+00:00\",\"dateModified\":\"2025-09-07T13:01:35+00:00\",\"author\":{\"@id\":\"http:\\\/\\\/www.deski.fi\\\/#\\\/schema\\\/person\\\/8bd75e57167679d4a7655a115984c5cc\"},\"breadcrumb\":{\"@id\":\"https:\\\/\\\/www.deski.fi\\\/?p=887#breadcrumb\"},\"inLanguage\":\"fi\",\"potentialAction\":[{\"@type\":\"ReadAction\",\"target\":[\"https:\\\/\\\/www.deski.fi\\\/?p=887\"]}]},{\"@type\":\"ImageObject\",\"inLanguage\":\"fi\",\"@id\":\"https:\\\/\\\/www.deski.fi\\\/?p=887#primaryimage\",\"url\":\"https:\\\/\\\/www.deski.fi\\\/wp-content\\\/uploads\\\/2025\\\/09\\\/akvart-vareilya.jpg\",\"contentUrl\":\"https:\\\/\\\/www.deski.fi\\\/wp-content\\\/uploads\\\/2025\\\/09\\\/akvart-vareilya.jpg\",\"width\":562,\"height\":794},{\"@type\":\"BreadcrumbList\",\"@id\":\"https:\\\/\\\/www.deski.fi\\\/?p=887#breadcrumb\",\"itemListElement\":[{\"@type\":\"ListItem\",\"position\":1,\"name\":\"Etusivu\",\"item\":\"http:\\\/\\\/www.deski.fi\\\/\"},{\"@type\":\"ListItem\",\"position\":2,\"name\":\"Akvart galleriassa V\u00e4reily\u00e4-n\u00e4yttely 9.-21.9.\"}]},{\"@type\":\"WebSite\",\"@id\":\"http:\\\/\\\/www.deski.fi\\\/#website\",\"url\":\"http:\\\/\\\/www.deski.fi\\\/\",\"name\":\"deski.fi\",\"description\":\"Kaikki tiedotteet yhdess&auml; paikassa.\",\"potentialAction\":[{\"@type\":\"SearchAction\",\"target\":{\"@type\":\"EntryPoint\",\"urlTemplate\":\"http:\\\/\\\/www.deski.fi\\\/?s={search_term_string}\"},\"query-input\":{\"@type\":\"PropertyValueSpecification\",\"valueRequired\":true,\"valueName\":\"search_term_string\"}}],\"inLanguage\":\"fi\"},{\"@type\":\"Person\",\"@id\":\"http:\\\/\\\/www.deski.fi\\\/#\\\/schema\\\/person\\\/8bd75e57167679d4a7655a115984c5cc\",\"name\":\"deski\",\"image\":{\"@type\":\"ImageObject\",\"inLanguage\":\"fi\",\"@id\":\"https:\\\/\\\/secure.gravatar.com\\\/avatar\\\/c0990e16eceeb9f9e57c62830d9dbc4a49e1be722381d63aee238afb4a7fbe91?s=96&d=mm&r=g\",\"url\":\"https:\\\/\\\/secure.gravatar.com\\\/avatar\\\/c0990e16eceeb9f9e57c62830d9dbc4a49e1be722381d63aee238afb4a7fbe91?s=96&d=mm&r=g\",\"contentUrl\":\"https:\\\/\\\/secure.gravatar.com\\\/avatar\\\/c0990e16eceeb9f9e57c62830d9dbc4a49e1be722381d63aee238afb4a7fbe91?s=96&d=mm&r=g\",\"caption\":\"deski\"},\"sameAs\":[\"http:\\\/\\\/www.deski.fi\"],\"url\":\"https:\\\/\\\/www.deski.fi\\\/?author=1\"}]}<\/script>\n<!-- \/ Yoast SEO plugin. -->","yoast_head_json":{"title":"Akvart galleriassa V\u00e4reily\u00e4-n\u00e4yttely 9.-21.9. - deski.fi","robots":{"index":"index","follow":"follow","max-snippet":"max-snippet:-1","max-image-preview":"max-image-preview:large","max-video-preview":"max-video-preview:-1"},"canonical":"https:\/\/www.deski.fi\/?p=887","og_locale":"fi_FI","og_type":"article","og_title":"Akvart galleriassa V\u00e4reily\u00e4-n\u00e4yttely 9.-21.9. - deski.fi","og_description":"Espoo Artin akvarellistit esittelev\u00e4t teoksiaan Akvart galleriassa. Kokeneiden akvarellistien ryhm\u00e4 tulkitsee v\u00e4reilyn teemaa vesiv\u00e4rin keinoin. Teoksissa on esill\u00e4 mm. v\u00e4rien leikki\u00e4, ihmisi\u00e4 osana ymp\u00e4rist\u00f6\u00e4\u00e4n, syksyyn k\u00e4\u00e4ntyv\u00e4\u00e4 luontoa sek\u00e4 veden eri olomuotoja. L\u00e4mpim\u00e4sti tervetuloa [&hellip;]","og_url":"https:\/\/www.deski.fi\/?p=887","og_site_name":"deski.fi","article_published_time":"2025-09-01T12:43:57+00:00","article_modified_time":"2025-09-07T13:01:35+00:00","og_image":[{"width":562,"height":794,"url":"https:\/\/www.deski.fi\/wp-content\/uploads\/2025\/09\/akvart-vareilya.jpg","type":"image\/jpeg"}],"author":"deski","twitter_card":"summary_large_image","twitter_misc":{"Kirjoittanut":"deski"},"schema":{"@context":"https:\/\/schema.org","@graph":[{"@type":"Article","@id":"https:\/\/www.deski.fi\/?p=887#article","isPartOf":{"@id":"https:\/\/www.deski.fi\/?p=887"},"author":{"name":"deski","@id":"http:\/\/www.deski.fi\/#\/schema\/person\/8bd75e57167679d4a7655a115984c5cc"},"headline":"Akvart galleriassa V\u00e4reily\u00e4-n\u00e4yttely 9.-21.9.","datePublished":"2025-09-01T12:43:57+00:00","dateModified":"2025-09-07T13:01:35+00:00","mainEntityOfPage":{"@id":"https:\/\/www.deski.fi\/?p=887"},"wordCount":90,"image":{"@id":"https:\/\/www.deski.fi\/?p=887#primaryimage"},"thumbnailUrl":"https:\/\/www.deski.fi\/wp-content\/uploads\/2025\/09\/akvart-vareilya.jpg","articleSection":["Luokittelematon"],"inLanguage":"fi"},{"@type":"WebPage","@id":"https:\/\/www.deski.fi\/?p=887","url":"https:\/\/www.deski.fi\/?p=887","name":"Akvart galleriassa V\u00e4reily\u00e4-n\u00e4yttely 9.-21.9. - deski.fi","isPartOf":{"@id":"http:\/\/www.deski.fi\/#website"},"primaryImageOfPage":{"@id":"https:\/\/www.deski.fi\/?p=887#primaryimage"},"image":{"@id":"https:\/\/www.deski.fi\/?p=887#primaryimage"},"thumbnailUrl":"https:\/\/www.deski.fi\/wp-content\/uploads\/2025\/09\/akvart-vareilya.jpg","datePublished":"2025-09-01T12:43:57+00:00","dateModified":"2025-09-07T13:01:35+00:00","author":{"@id":"http:\/\/www.deski.fi\/#\/schema\/person\/8bd75e57167679d4a7655a115984c5cc"},"breadcrumb":{"@id":"https:\/\/www.deski.fi\/?p=887#breadcrumb"},"inLanguage":"fi","potentialAction":[{"@type":"ReadAction","target":["https:\/\/www.deski.fi\/?p=887"]}]},{"@type":"ImageObject","inLanguage":"fi","@id":"https:\/\/www.deski.fi\/?p=887#primaryimage","url":"https:\/\/www.deski.fi\/wp-content\/uploads\/2025\/09\/akvart-vareilya.jpg","contentUrl":"https:\/\/www.deski.fi\/wp-content\/uploads\/2025\/09\/akvart-vareilya.jpg","width":562,"height":794},{"@type":"BreadcrumbList","@id":"https:\/\/www.deski.fi\/?p=887#breadcrumb","itemListElement":[{"@type":"ListItem","position":1,"name":"Etusivu","item":"http:\/\/www.deski.fi\/"},{"@type":"ListItem","position":2,"name":"Akvart galleriassa V\u00e4reily\u00e4-n\u00e4yttely 9.-21.9."}]},{"@type":"WebSite","@id":"http:\/\/www.deski.fi\/#website","url":"http:\/\/www.deski.fi\/","name":"deski.fi","description":"Kaikki tiedotteet yhdess&auml; paikassa.","potentialAction":[{"@type":"SearchAction","target":{"@type":"EntryPoint","urlTemplate":"http:\/\/www.deski.fi\/?s={search_term_string}"},"query-input":{"@type":"PropertyValueSpecification","valueRequired":true,"valueName":"search_term_string"}}],"inLanguage":"fi"},{"@type":"Person","@id":"http:\/\/www.deski.fi\/#\/schema\/person\/8bd75e57167679d4a7655a115984c5cc","name":"deski","image":{"@type":"ImageObject","inLanguage":"fi","@id":"https:\/\/secure.gravatar.com\/avatar\/c0990e16eceeb9f9e57c62830d9dbc4a49e1be722381d63aee238afb4a7fbe91?s=96&d=mm&r=g","url":"https:\/\/secure.gravatar.com\/avatar\/c0990e16eceeb9f9e57c62830d9dbc4a49e1be722381d63aee238afb4a7fbe91?s=96&d=mm&r=g","contentUrl":"https:\/\/secure.gravatar.com\/avatar\/c0990e16eceeb9f9e57c62830d9dbc4a49e1be722381d63aee238afb4a7fbe91?s=96&d=mm&r=g","caption":"deski"},"sameAs":["http:\/\/www.deski.fi"],"url":"https:\/\/www.deski.fi\/?author=1"}]}},"jetpack_featured_media_url":"https:\/\/www.deski.fi\/wp-content\/uploads\/2025\/09\/akvart-vareilya.jpg","jetpack_sharing_enabled":true,"_links":{"self":[{"href":"https:\/\/www.deski.fi\/index.php?rest_route=\/wp\/v2\/posts\/887","targetHints":{"allow":["GET"]}}],"collection":[{"href":"https:\/\/www.deski.fi\/index.php?rest_route=\/wp\/v2\/posts"}],"about":[{"href":"https:\/\/www.deski.fi\/index.php?rest_route=\/wp\/v2\/types\/post"}],"author":[{"embeddable":true,"href":"https:\/\/www.deski.fi\/index.php?rest_route=\/wp\/v2\/users\/1"}],"replies":[{"embeddable":true,"href":"https:\/\/www.deski.fi\/index.php?rest_route=%2Fwp%2Fv2%2Fcomments&post=887"}],"version-history":[{"count":1,"href":"https:\/\/www.deski.fi\/index.php?rest_route=\/wp\/v2\/posts\/887\/revisions"}],"predecessor-version":[{"id":897,"href":"https:\/\/www.deski.fi\/index.php?rest_route=\/wp\/v2\/posts\/887\/revisions\/897"}],"wp:featuredmedia":[{"embeddable":true,"href":"https:\/\/www.deski.fi\/index.php?rest_route=\/wp\/v2\/media\/888"}],"wp:attachment":[{"href":"https:\/\/www.deski.fi\/index.php?rest_route=%2Fwp%2Fv2%2Fmedia&parent=887"}],"wp:term":[{"taxonomy":"category","embeddable":true,"href":"https:\/\/www.deski.fi\/index.php?rest_route=%2Fwp%2Fv2%2Fcategories&post=887"},{"taxonomy":"post_tag","embeddable":true,"href":"https:\/\/www.deski.fi\/index.php?rest_route=%2Fwp%2Fv2%2Ftags&post=887"}],"curies":[{"name":"wp","href":"https:\/\/api.w.org\/{rel}","templated":true}]}}