{"id":882,"date":"2025-08-05T13:57:43","date_gmt":"2025-08-05T10:57:43","guid":{"rendered":"https:\/\/www.deski.fi\/?p=882"},"modified":"2025-08-05T13:59:34","modified_gmt":"2025-08-05T10:59:34","slug":"perinteikas-kohta-135-vuotias-helsingin-tyovaen-sekakuoro-ry-laulaa-yha","status":"publish","type":"post","link":"https:\/\/www.deski.fi\/?p=882","title":{"rendered":"Perinteik\u00e4s, kohta 135 -vuotias Helsingin Ty\u00f6v\u00e4en Sekakuoro ry laulaa yh\u00e4"},"content":{"rendered":"<div class=\"postie-post\">EI  TARUA \u0096 VAAN TOTTA. Helsingin Ty\u00f6v\u00e4en Sekakuoro ry      TIEDOTE 28.7.2025<\/p>\n<p>Perinteik\u00e4s, kohta 135 -vuotias Helsingin Ty\u00f6v\u00e4en Sekakuoro ry laulaa yh\u00e4.<\/p>\n<p>Kuoron taiteellinen johtaja Arja Virtanen-Haapasalmi ohjaa \u0094hell\u00e4sti\u0094 kuorolaisia. Normaalisti harjoitukset ovat tiistaisin 17:45-19:45.<br \/>\nKuoro perustettiin v.1891. Yksi perustajista oli Oskar Merikanto. H\u00e4n my\u00f6s johti alkuvuosina kuoroa.<\/p>\n<p>H\u00e4nen kuolemastaan on kulunut 101 vuotta, mutta silti Helsingin Ty\u00f6v\u00e4en Sekakuorossa lauletaan paitsi h\u00e4nen s\u00e4velt\u00e4mi\u00e4\u00e4n lauluja kuten Kes\u00e4illan valssi, Onnelliset, Miss `soutaen tuulessa ym. my\u00f6s muita aiheita kuten: meri-, viihde-, operetti-, musikaali-, kansanmusiikki- aiheisia lauluja sek\u00e4 ihania joululauluja.<\/p>\n<p>Monet laulajasukupolvet ovat vaihtuneet, mutta uusia kuorolaulajia on tullut poistuneiden tilalle.<br \/>\nNyt tarjoutuu hyv\u00e4 tilaisuus uusille laulajille: sopraanoon, alttoon, tenoriin tai bassoon!<\/p>\n<p>Kuoro aloittaa 02.09.2025 tutustumistilaisuudella klo 16:00. Silloin voi ilmoittautua ja my\u00f6s osallistua yhteislauluihin. Kuoron j\u00e4seni\u00e4kin on paikalla, joten tutustutaan ja keskustellaan kuoron kuulumisista. Osoite Helsingiss\u00e4: Yhteis\u00f6talo Saunabaari, Mets\u00e4purontie 25, Maunula tapaamme Maunulasalissa. Jokainen uusi laulaja on tervetullut &#8211; tilaa on kaikissa \u00e4\u00e4niss\u00e4 &#8211; ei laulukokeita \u0096 ei puoluepolitiikkaa.<\/p>\n<p>Lis\u00e4tietoa 25.8.2025 alkaen kuorolaisilta: Hannele 0405374145 ja Seija 0504081568.<\/p>\n<p>Liitteen\u00e4 Kuva 130 -vuotisjuhlasta<\/p>\n<div class=\"postie-attachments\"><a href=\"https:\/\/www.deski.fi\/?attachment_id=883\"><img decoding=\"async\" src=\"https:\/\/www.deski.fi\/wp-content\/uploads\/2025\/08\/image001-282x300.jpg\" alt=\"\" width=\"282px\" height=\"300px\" class=\"alignnone size-medium wp-image-883\" srcset=\"https:\/\/www.deski.fi\/wp-content\/uploads\/2025\/08\/image001-282x300.jpg 282w, https:\/\/www.deski.fi\/wp-content\/uploads\/2025\/08\/image001-962x1024.jpg 962w, https:\/\/www.deski.fi\/wp-content\/uploads\/2025\/08\/image001-768x818.jpg 768w, https:\/\/www.deski.fi\/wp-content\/uploads\/2025\/08\/image001-1000x1065.jpg 1000w, https:\/\/www.deski.fi\/wp-content\/uploads\/2025\/08\/image001-230x245.jpg 230w, https:\/\/www.deski.fi\/wp-content\/uploads\/2025\/08\/image001-350x373.jpg 350w, https:\/\/www.deski.fi\/wp-content\/uploads\/2025\/08\/image001-480x511.jpg 480w, https:\/\/www.deski.fi\/wp-content\/uploads\/2025\/08\/image001.jpg 1377w\" sizes=\"(max-width: 282px) 100vw, 282px\" \/><\/a><\/div>\n<\/div>\n","protected":false},"excerpt":{"rendered":"<p>EI TARUA \u0096 VAAN TOTTA. Helsingin Ty\u00f6v\u00e4en Sekakuoro ry TIEDOTE 28.7.2025 Perinteik\u00e4s, kohta 135 -vuotias Helsingin Ty\u00f6v\u00e4en Sekakuoro ry laulaa yh\u00e4. Kuoron taiteellinen johtaja Arja Virtanen-Haapasalmi ohjaa \u0094hell\u00e4sti\u0094 kuorolaisia. Normaalisti harjoitukset ovat tiistaisin [&hellip;]<\/p>\n","protected":false},"author":1,"featured_media":883,"comment_status":"closed","ping_status":"open","sticky":false,"template":"","format":"standard","meta":{"_jetpack_memberships_contains_paid_content":false,"footnotes":""},"categories":[1],"tags":[],"class_list":["post-882","post","type-post","status-publish","format-standard","has-post-thumbnail","hentry","category-luokittelematon"],"yoast_head":"<!-- This site is optimized with the Yoast SEO plugin v27.4 - https:\/\/yoast.com\/product\/yoast-seo-wordpress\/ -->\n<title>Perinteik\u00e4s, kohta 135 -vuotias Helsingin Ty\u00f6v\u00e4en Sekakuoro ry laulaa yh\u00e4 - deski.fi<\/title>\n<meta name=\"robots\" content=\"index, follow, max-snippet:-1, max-image-preview:large, max-video-preview:-1\" \/>\n<link rel=\"canonical\" href=\"http:\/\/www.deski.fi\/?p=882\" \/>\n<meta property=\"og:locale\" content=\"fi_FI\" \/>\n<meta property=\"og:type\" content=\"article\" \/>\n<meta property=\"og:title\" content=\"Perinteik\u00e4s, kohta 135 -vuotias Helsingin Ty\u00f6v\u00e4en Sekakuoro ry laulaa yh\u00e4 - deski.fi\" \/>\n<meta property=\"og:description\" content=\"EI TARUA \u0096 VAAN TOTTA. Helsingin Ty\u00f6v\u00e4en Sekakuoro ry TIEDOTE 28.7.2025 Perinteik\u00e4s, kohta 135 -vuotias Helsingin Ty\u00f6v\u00e4en Sekakuoro ry laulaa yh\u00e4. Kuoron taiteellinen johtaja Arja Virtanen-Haapasalmi ohjaa \u0094hell\u00e4sti\u0094 kuorolaisia. Normaalisti harjoitukset ovat tiistaisin [&hellip;]\" \/>\n<meta property=\"og:url\" content=\"http:\/\/www.deski.fi\/?p=882\" \/>\n<meta property=\"og:site_name\" content=\"deski.fi\" \/>\n<meta property=\"article:published_time\" content=\"2025-08-05T10:57:43+00:00\" \/>\n<meta property=\"article:modified_time\" content=\"2025-08-05T10:59:34+00:00\" \/>\n<meta property=\"og:image\" content=\"http:\/\/www.deski.fi\/wp-content\/uploads\/2025\/08\/image001.jpg\" \/>\n\t<meta property=\"og:image:width\" content=\"1377\" \/>\n\t<meta property=\"og:image:height\" content=\"1466\" \/>\n\t<meta property=\"og:image:type\" content=\"image\/jpeg\" \/>\n<meta name=\"author\" content=\"deski\" \/>\n<meta name=\"twitter:card\" content=\"summary_large_image\" \/>\n<meta name=\"twitter:label1\" content=\"Kirjoittanut\" \/>\n\t<meta name=\"twitter:data1\" content=\"deski\" \/>\n\t<meta name=\"twitter:label2\" content=\"Arvioitu lukuaika\" \/>\n\t<meta name=\"twitter:data2\" content=\"1 minuutti\" \/>\n<script type=\"application\/ld+json\" class=\"yoast-schema-graph\">{\"@context\":\"https:\\\/\\\/schema.org\",\"@graph\":[{\"@type\":\"Article\",\"@id\":\"http:\\\/\\\/www.deski.fi\\\/?p=882#article\",\"isPartOf\":{\"@id\":\"http:\\\/\\\/www.deski.fi\\\/?p=882\"},\"author\":{\"name\":\"deski\",\"@id\":\"https:\\\/\\\/www.deski.fi\\\/#\\\/schema\\\/person\\\/8bd75e57167679d4a7655a115984c5cc\"},\"headline\":\"Perinteik\u00e4s, kohta 135 -vuotias Helsingin Ty\u00f6v\u00e4en Sekakuoro ry laulaa yh\u00e4\",\"datePublished\":\"2025-08-05T10:57:43+00:00\",\"dateModified\":\"2025-08-05T10:59:34+00:00\",\"mainEntityOfPage\":{\"@id\":\"http:\\\/\\\/www.deski.fi\\\/?p=882\"},\"wordCount\":191,\"image\":{\"@id\":\"http:\\\/\\\/www.deski.fi\\\/?p=882#primaryimage\"},\"thumbnailUrl\":\"https:\\\/\\\/www.deski.fi\\\/wp-content\\\/uploads\\\/2025\\\/08\\\/image001.jpg\",\"articleSection\":[\"Luokittelematon\"],\"inLanguage\":\"fi\"},{\"@type\":\"WebPage\",\"@id\":\"http:\\\/\\\/www.deski.fi\\\/?p=882\",\"url\":\"http:\\\/\\\/www.deski.fi\\\/?p=882\",\"name\":\"Perinteik\u00e4s, kohta 135 -vuotias Helsingin Ty\u00f6v\u00e4en Sekakuoro ry laulaa yh\u00e4 - deski.fi\",\"isPartOf\":{\"@id\":\"https:\\\/\\\/www.deski.fi\\\/#website\"},\"primaryImageOfPage\":{\"@id\":\"http:\\\/\\\/www.deski.fi\\\/?p=882#primaryimage\"},\"image\":{\"@id\":\"http:\\\/\\\/www.deski.fi\\\/?p=882#primaryimage\"},\"thumbnailUrl\":\"https:\\\/\\\/www.deski.fi\\\/wp-content\\\/uploads\\\/2025\\\/08\\\/image001.jpg\",\"datePublished\":\"2025-08-05T10:57:43+00:00\",\"dateModified\":\"2025-08-05T10:59:34+00:00\",\"author\":{\"@id\":\"https:\\\/\\\/www.deski.fi\\\/#\\\/schema\\\/person\\\/8bd75e57167679d4a7655a115984c5cc\"},\"breadcrumb\":{\"@id\":\"http:\\\/\\\/www.deski.fi\\\/?p=882#breadcrumb\"},\"inLanguage\":\"fi\",\"potentialAction\":[{\"@type\":\"ReadAction\",\"target\":[\"http:\\\/\\\/www.deski.fi\\\/?p=882\"]}]},{\"@type\":\"ImageObject\",\"inLanguage\":\"fi\",\"@id\":\"http:\\\/\\\/www.deski.fi\\\/?p=882#primaryimage\",\"url\":\"https:\\\/\\\/www.deski.fi\\\/wp-content\\\/uploads\\\/2025\\\/08\\\/image001.jpg\",\"contentUrl\":\"https:\\\/\\\/www.deski.fi\\\/wp-content\\\/uploads\\\/2025\\\/08\\\/image001.jpg\",\"width\":1377,\"height\":1466},{\"@type\":\"BreadcrumbList\",\"@id\":\"http:\\\/\\\/www.deski.fi\\\/?p=882#breadcrumb\",\"itemListElement\":[{\"@type\":\"ListItem\",\"position\":1,\"name\":\"Etusivu\",\"item\":\"https:\\\/\\\/www.deski.fi\\\/\"},{\"@type\":\"ListItem\",\"position\":2,\"name\":\"Perinteik\u00e4s, kohta 135 -vuotias Helsingin Ty\u00f6v\u00e4en Sekakuoro ry laulaa yh\u00e4\"}]},{\"@type\":\"WebSite\",\"@id\":\"https:\\\/\\\/www.deski.fi\\\/#website\",\"url\":\"https:\\\/\\\/www.deski.fi\\\/\",\"name\":\"deski.fi\",\"description\":\"Kaikki tiedotteet yhdess&auml; paikassa.\",\"potentialAction\":[{\"@type\":\"SearchAction\",\"target\":{\"@type\":\"EntryPoint\",\"urlTemplate\":\"https:\\\/\\\/www.deski.fi\\\/?s={search_term_string}\"},\"query-input\":{\"@type\":\"PropertyValueSpecification\",\"valueRequired\":true,\"valueName\":\"search_term_string\"}}],\"inLanguage\":\"fi\"},{\"@type\":\"Person\",\"@id\":\"https:\\\/\\\/www.deski.fi\\\/#\\\/schema\\\/person\\\/8bd75e57167679d4a7655a115984c5cc\",\"name\":\"deski\",\"image\":{\"@type\":\"ImageObject\",\"inLanguage\":\"fi\",\"@id\":\"https:\\\/\\\/secure.gravatar.com\\\/avatar\\\/c0990e16eceeb9f9e57c62830d9dbc4a49e1be722381d63aee238afb4a7fbe91?s=96&d=mm&r=g\",\"url\":\"https:\\\/\\\/secure.gravatar.com\\\/avatar\\\/c0990e16eceeb9f9e57c62830d9dbc4a49e1be722381d63aee238afb4a7fbe91?s=96&d=mm&r=g\",\"contentUrl\":\"https:\\\/\\\/secure.gravatar.com\\\/avatar\\\/c0990e16eceeb9f9e57c62830d9dbc4a49e1be722381d63aee238afb4a7fbe91?s=96&d=mm&r=g\",\"caption\":\"deski\"},\"sameAs\":[\"http:\\\/\\\/www.deski.fi\"],\"url\":\"https:\\\/\\\/www.deski.fi\\\/?author=1\"}]}<\/script>\n<!-- \/ Yoast SEO plugin. -->","yoast_head_json":{"title":"Perinteik\u00e4s, kohta 135 -vuotias Helsingin Ty\u00f6v\u00e4en Sekakuoro ry laulaa yh\u00e4 - deski.fi","robots":{"index":"index","follow":"follow","max-snippet":"max-snippet:-1","max-image-preview":"max-image-preview:large","max-video-preview":"max-video-preview:-1"},"canonical":"http:\/\/www.deski.fi\/?p=882","og_locale":"fi_FI","og_type":"article","og_title":"Perinteik\u00e4s, kohta 135 -vuotias Helsingin Ty\u00f6v\u00e4en Sekakuoro ry laulaa yh\u00e4 - deski.fi","og_description":"EI TARUA \u0096 VAAN TOTTA. Helsingin Ty\u00f6v\u00e4en Sekakuoro ry TIEDOTE 28.7.2025 Perinteik\u00e4s, kohta 135 -vuotias Helsingin Ty\u00f6v\u00e4en Sekakuoro ry laulaa yh\u00e4. Kuoron taiteellinen johtaja Arja Virtanen-Haapasalmi ohjaa \u0094hell\u00e4sti\u0094 kuorolaisia. Normaalisti harjoitukset ovat tiistaisin [&hellip;]","og_url":"http:\/\/www.deski.fi\/?p=882","og_site_name":"deski.fi","article_published_time":"2025-08-05T10:57:43+00:00","article_modified_time":"2025-08-05T10:59:34+00:00","og_image":[{"width":1377,"height":1466,"url":"http:\/\/www.deski.fi\/wp-content\/uploads\/2025\/08\/image001.jpg","type":"image\/jpeg"}],"author":"deski","twitter_card":"summary_large_image","twitter_misc":{"Kirjoittanut":"deski","Arvioitu lukuaika":"1 minuutti"},"schema":{"@context":"https:\/\/schema.org","@graph":[{"@type":"Article","@id":"http:\/\/www.deski.fi\/?p=882#article","isPartOf":{"@id":"http:\/\/www.deski.fi\/?p=882"},"author":{"name":"deski","@id":"https:\/\/www.deski.fi\/#\/schema\/person\/8bd75e57167679d4a7655a115984c5cc"},"headline":"Perinteik\u00e4s, kohta 135 -vuotias Helsingin Ty\u00f6v\u00e4en Sekakuoro ry laulaa yh\u00e4","datePublished":"2025-08-05T10:57:43+00:00","dateModified":"2025-08-05T10:59:34+00:00","mainEntityOfPage":{"@id":"http:\/\/www.deski.fi\/?p=882"},"wordCount":191,"image":{"@id":"http:\/\/www.deski.fi\/?p=882#primaryimage"},"thumbnailUrl":"https:\/\/www.deski.fi\/wp-content\/uploads\/2025\/08\/image001.jpg","articleSection":["Luokittelematon"],"inLanguage":"fi"},{"@type":"WebPage","@id":"http:\/\/www.deski.fi\/?p=882","url":"http:\/\/www.deski.fi\/?p=882","name":"Perinteik\u00e4s, kohta 135 -vuotias Helsingin Ty\u00f6v\u00e4en Sekakuoro ry laulaa yh\u00e4 - deski.fi","isPartOf":{"@id":"https:\/\/www.deski.fi\/#website"},"primaryImageOfPage":{"@id":"http:\/\/www.deski.fi\/?p=882#primaryimage"},"image":{"@id":"http:\/\/www.deski.fi\/?p=882#primaryimage"},"thumbnailUrl":"https:\/\/www.deski.fi\/wp-content\/uploads\/2025\/08\/image001.jpg","datePublished":"2025-08-05T10:57:43+00:00","dateModified":"2025-08-05T10:59:34+00:00","author":{"@id":"https:\/\/www.deski.fi\/#\/schema\/person\/8bd75e57167679d4a7655a115984c5cc"},"breadcrumb":{"@id":"http:\/\/www.deski.fi\/?p=882#breadcrumb"},"inLanguage":"fi","potentialAction":[{"@type":"ReadAction","target":["http:\/\/www.deski.fi\/?p=882"]}]},{"@type":"ImageObject","inLanguage":"fi","@id":"http:\/\/www.deski.fi\/?p=882#primaryimage","url":"https:\/\/www.deski.fi\/wp-content\/uploads\/2025\/08\/image001.jpg","contentUrl":"https:\/\/www.deski.fi\/wp-content\/uploads\/2025\/08\/image001.jpg","width":1377,"height":1466},{"@type":"BreadcrumbList","@id":"http:\/\/www.deski.fi\/?p=882#breadcrumb","itemListElement":[{"@type":"ListItem","position":1,"name":"Etusivu","item":"https:\/\/www.deski.fi\/"},{"@type":"ListItem","position":2,"name":"Perinteik\u00e4s, kohta 135 -vuotias Helsingin Ty\u00f6v\u00e4en Sekakuoro ry laulaa yh\u00e4"}]},{"@type":"WebSite","@id":"https:\/\/www.deski.fi\/#website","url":"https:\/\/www.deski.fi\/","name":"deski.fi","description":"Kaikki tiedotteet yhdess&auml; paikassa.","potentialAction":[{"@type":"SearchAction","target":{"@type":"EntryPoint","urlTemplate":"https:\/\/www.deski.fi\/?s={search_term_string}"},"query-input":{"@type":"PropertyValueSpecification","valueRequired":true,"valueName":"search_term_string"}}],"inLanguage":"fi"},{"@type":"Person","@id":"https:\/\/www.deski.fi\/#\/schema\/person\/8bd75e57167679d4a7655a115984c5cc","name":"deski","image":{"@type":"ImageObject","inLanguage":"fi","@id":"https:\/\/secure.gravatar.com\/avatar\/c0990e16eceeb9f9e57c62830d9dbc4a49e1be722381d63aee238afb4a7fbe91?s=96&d=mm&r=g","url":"https:\/\/secure.gravatar.com\/avatar\/c0990e16eceeb9f9e57c62830d9dbc4a49e1be722381d63aee238afb4a7fbe91?s=96&d=mm&r=g","contentUrl":"https:\/\/secure.gravatar.com\/avatar\/c0990e16eceeb9f9e57c62830d9dbc4a49e1be722381d63aee238afb4a7fbe91?s=96&d=mm&r=g","caption":"deski"},"sameAs":["http:\/\/www.deski.fi"],"url":"https:\/\/www.deski.fi\/?author=1"}]}},"jetpack_featured_media_url":"https:\/\/www.deski.fi\/wp-content\/uploads\/2025\/08\/image001.jpg","jetpack_sharing_enabled":true,"_links":{"self":[{"href":"https:\/\/www.deski.fi\/index.php?rest_route=\/wp\/v2\/posts\/882","targetHints":{"allow":["GET"]}}],"collection":[{"href":"https:\/\/www.deski.fi\/index.php?rest_route=\/wp\/v2\/posts"}],"about":[{"href":"https:\/\/www.deski.fi\/index.php?rest_route=\/wp\/v2\/types\/post"}],"author":[{"embeddable":true,"href":"https:\/\/www.deski.fi\/index.php?rest_route=\/wp\/v2\/users\/1"}],"replies":[{"embeddable":true,"href":"https:\/\/www.deski.fi\/index.php?rest_route=%2Fwp%2Fv2%2Fcomments&post=882"}],"version-history":[{"count":0,"href":"https:\/\/www.deski.fi\/index.php?rest_route=\/wp\/v2\/posts\/882\/revisions"}],"wp:featuredmedia":[{"embeddable":true,"href":"https:\/\/www.deski.fi\/index.php?rest_route=\/wp\/v2\/media\/883"}],"wp:attachment":[{"href":"https:\/\/www.deski.fi\/index.php?rest_route=%2Fwp%2Fv2%2Fmedia&parent=882"}],"wp:term":[{"taxonomy":"category","embeddable":true,"href":"https:\/\/www.deski.fi\/index.php?rest_route=%2Fwp%2Fv2%2Fcategories&post=882"},{"taxonomy":"post_tag","embeddable":true,"href":"https:\/\/www.deski.fi\/index.php?rest_route=%2Fwp%2Fv2%2Ftags&post=882"}],"curies":[{"name":"wp","href":"https:\/\/api.w.org\/{rel}","templated":true}]}}