{"id":823,"date":"2025-06-02T13:34:33","date_gmt":"2025-06-02T10:34:33","guid":{"rendered":"https:\/\/www.deski.fi\/?p=823"},"modified":"2025-06-06T18:21:05","modified_gmt":"2025-06-06T15:21:05","slug":"turun-ensi-ja-turvakoti-ry-80-vuotta-perheiden-tukena-sukupolvien-ajan","status":"publish","type":"post","link":"https:\/\/www.deski.fi\/?p=823","title":{"rendered":"Turun ensi- ja turvakoti ry 80 vuotta &#8211; perheiden tukena sukupolvien ajan"},"content":{"rendered":"<div class=\"postie-post\">MEDIATIEDOTE Julkaisuvapaa 2.6.2025<br \/>\nTurun ensi- ja turvakoti ry 80 vuotta \u0096 perheiden tukena sukupolvien ajan<br \/>\nVuonna 1945 perustettu yhdistys t\u00e4ytt\u00e4\u00e4 t\u00e4n\u00e4 vuonna 80 vuotta ja juhlii kunnioitettavia toimintavuosiaan kutsuvierastilaisuudessa keskiviikkona 4.6.2025 klo 12\u009614. Juhlapuhujana on presidentti Tarja Halonen.<br \/>\nYhdistys on ollut suunnann\u00e4ytt\u00e4j\u00e4 perhekeskeisess\u00e4 lastensuojelussa ja v\u00e4kivallan ehk\u00e4isyss\u00e4. Juhlap\u00e4iv\u00e4n\u00e4 pys\u00e4hdyt\u00e4\u00e4n paitsi historian, my\u00f6s t\u00e4m\u00e4n p\u00e4iv\u00e4n haasteiden \u00e4\u00e4relle, perheiden tuen tarve on kasvanut, ja samalla j\u00e4rjest\u00f6jen rahoitus on merkitt\u00e4v\u00e4sti heikentynyt.<br \/>\nIhmisten avuntarve Suomessa on 80 vuoden aikana muuttunut monimuotoisemmaksi ja n\u00e4kyv\u00e4mm\u00e4ksi. Kun 1940\u009650-luvuilla apua haettiin l\u00e4hinn\u00e4 aviottomille \u00e4ideille ja kodittomille perheille, on avun tarve nyky\u00e4\u00e4n yh\u00e4 useammin pitk\u00e4kestoista ja kytkeytyy mielenterveyteen, l\u00e4hisuhdev\u00e4kivaltaan, taloudelliseen turvattomuuteen sek\u00e4 moninaisiin perhemuotoihin.<br \/>\nYhteist\u00e4 eri vuosikymmenille on, ett\u00e4 perheet hakevat apua entist\u00e4 avoimemmin ja yhdistys on ollut nopea muotoilemaan palveluita asiakkaiden tarpeen mukaan.<br \/>\n*        Pelk\u00e4st\u00e4\u00e4n 2020-luvulla olemme auttaneet l\u00e4hes 5000 ihmist\u00e4. Olemme kohdanneet heit\u00e4 aina yksitt\u00e4isist\u00e4 tapaamisista yli vuoden mittaisiin kuntoutuksiin saakka ja antaneet jokaiselle apua yksil\u00f6llisen tarpeen mukaan, sanoo toiminnanjohtaja Heli Paasio.<br \/>\nTurun ensi- ja turvakoti ry:n 80-vuotinen historia on osa suomalaista kansalaisyhteiskunnan tarinaa \u0096 tarinaa ihmisist\u00e4, jotka eiv\u00e4t j\u00e4\u00e4neet sivuun, vaan tarttuivat toimeen.<br \/>\n*        J\u00e4rjest\u00f6t, kuten me, tekev\u00e4t korvaamatonta ty\u00f6t\u00e4 silloin, kun yhteiskunnan apu ei yksin riit\u00e4. Tulevaisuuden uhkakuvat ja ep\u00e4varma rahoitus haastavat suuresti t\u00e4t\u00e4 ty\u00f6t\u00e4, mutta juuri siksi meid\u00e4n \u00e4\u00e4nt\u00e4mme tarvitaan nyt enemm\u00e4n kuin koskaan. Miina Sillanp\u00e4\u00e4n sanoin: &#8221;Vaikeimmissakin tilanteissa pit\u00e4\u00e4 sanoa: min\u00e4 yrit\u00e4n.&#8221; T\u00e4t\u00e4 ty\u00f6t\u00e4 me jatkamme \u0096 yhdess\u00e4.<br \/>\nJuhlavuonna j\u00e4rjest\u00f6 haluaa tuoda esiin asiakkaidensa \u00e4\u00e4nt\u00e4 ja muistuttaa sosiaalialan ammattilaisten merkityksest\u00e4 yhteiskunnassa.<br \/>\nTurun ensi- ja turvakoti ry:n ty\u00f6 on vuosikymmenten aikana laajentunut ja uudistunut yhteiskunnan vaatimusten mukaan:<br \/>\n*\t1945: Yhdistys perustetaan Turun ty\u00f6v\u00e4entalossa, avajaispuheen pit\u00e4\u00e4 kansanedustaja Aino Lehtokoski *\t1951: Ensikoti avataan Luolavuorentiell\u00e4, kunniavieraana Miina Sillanp\u00e4\u00e4 \u0096 talo jo alusta asti t\u00e4ynn\u00e4 asiakkaita *\t1979: Turvakotitoiminta alkaa \u0096 Turku oli yksi Suomen ensimm\u00e4isist\u00e4 turvakotitoimijoista *\t1984: Eroauttamisty\u00f6n tapaamispaikka Tenavatupa aloittaa toimintansa<br \/>\n*\t1990\u00962000-luvut: L\u00e4hisuhdev\u00e4kivaltaty\u00f6n miesprojekti Jussi-ty\u00f6, Pid\u00e4 kiinni\u00ae -hoitoj\u00e4rjestelm\u00e4n ensikoti Pinja ja avopalvelu Olivia sek\u00e4 yksin maahan tulleille alaik\u00e4isille nuorille tarkoitettu perheryhm\u00e4koti aloittavat toimintansa. *\t2010: Ensikoti Pinjan \u00e4idit eduskunnassa puhumassa p\u00e4ihdekuntoutuksen puolesta *\t2020-luku: Palvelujen kysynt\u00e4 kasvaa, mutta resurssit niukkenevat<br \/>\nLis\u00e4tiedot ja haastattelupyynn\u00f6t: Heli Paasio Toiminnanjohtaja Turun ensi- ja turvakoti ry p.  <<a href=\"mailto:050%20471%201309\">mailto:050%20471%201309<\/a>> 050 471 1309 | <a href=\"mailto:heli.paasio@tuentu.fi\" >heli.paasio@tuentu.fi<\/a> <<a href=\"mailto:heli.paasio@tuentu.fi\">mailto:<a href=\"mailto:heli.paasio@tuentu.fi\" >heli.paasio@tuentu.fi<\/a><\/a>> <<a href=\"https:\/\/tuentu.fi\/\">tuentu.fi\/<\/a>> <a href=\"http:\/\/www.tuentu.fi\">www.tuentu.fi<\/a><\/p>\n<p>Sari Toivonen<br \/>\nViestint\u00e4- ja j\u00e4rjest\u00f6koordinaattori<br \/>\np. 050-400 12 16<\/p>\n<p>Tilaa yhdistyksen uutiskirje! <<a href=\"https:\/\/tuentu.fi\/tilaa-uutiskirje\">tuentu.fi\/tilaa-uutiskirje<\/a>><\/p>\n<div class=\"postie-attachments\"><a href=\"https:\/\/www.deski.fi\/?attachment_id=819\"><img decoding=\"async\" src=\"\" alt=\"\" width=\"px\" height=\"px\" class=\"alignnone size-medium wp-image-0\" \/><\/a><\/div>\n<\/div>\n","protected":false},"excerpt":{"rendered":"<p>MEDIATIEDOTE Julkaisuvapaa 2.6.2025 Turun ensi- ja turvakoti ry 80 vuotta \u0096 perheiden tukena sukupolvien ajan Vuonna 1945 perustettu yhdistys t\u00e4ytt\u00e4\u00e4 t\u00e4n\u00e4 vuonna 80 vuotta ja juhlii kunnioitettavia toimintavuosiaan kutsuvierastilaisuudessa keskiviikkona 4.6.2025 klo 12\u009614. [&hellip;]<\/p>\n","protected":false},"author":1,"featured_media":0,"comment_status":"closed","ping_status":"open","sticky":false,"template":"","format":"standard","meta":{"_jetpack_memberships_contains_paid_content":false,"footnotes":""},"categories":[1,16],"tags":[],"class_list":["post-823","post","type-post","status-publish","format-standard","hentry","category-luokittelematon","category-tapahtumat"],"yoast_head":"<!-- This site is optimized with the Yoast SEO plugin v27.4 - https:\/\/yoast.com\/product\/yoast-seo-wordpress\/ -->\n<title>Turun ensi- ja turvakoti ry 80 vuotta - perheiden tukena sukupolvien ajan - deski.fi<\/title>\n<meta name=\"robots\" content=\"index, follow, max-snippet:-1, max-image-preview:large, max-video-preview:-1\" \/>\n<link rel=\"canonical\" href=\"https:\/\/www.deski.fi\/?p=823\" \/>\n<meta property=\"og:locale\" content=\"fi_FI\" \/>\n<meta property=\"og:type\" content=\"article\" \/>\n<meta property=\"og:title\" content=\"Turun ensi- ja turvakoti ry 80 vuotta - perheiden tukena sukupolvien ajan - deski.fi\" \/>\n<meta property=\"og:description\" content=\"MEDIATIEDOTE Julkaisuvapaa 2.6.2025 Turun ensi- ja turvakoti ry 80 vuotta \u0096 perheiden tukena sukupolvien ajan Vuonna 1945 perustettu yhdistys t\u00e4ytt\u00e4\u00e4 t\u00e4n\u00e4 vuonna 80 vuotta ja juhlii kunnioitettavia toimintavuosiaan kutsuvierastilaisuudessa keskiviikkona 4.6.2025 klo 12\u009614. [&hellip;]\" \/>\n<meta property=\"og:url\" content=\"https:\/\/www.deski.fi\/?p=823\" \/>\n<meta property=\"og:site_name\" content=\"deski.fi\" \/>\n<meta property=\"article:published_time\" content=\"2025-06-02T10:34:33+00:00\" \/>\n<meta property=\"article:modified_time\" content=\"2025-06-06T15:21:05+00:00\" \/>\n<meta name=\"author\" content=\"deski\" \/>\n<meta name=\"twitter:card\" content=\"summary_large_image\" \/>\n<meta name=\"twitter:label1\" content=\"Kirjoittanut\" \/>\n\t<meta name=\"twitter:data1\" content=\"deski\" \/>\n\t<meta name=\"twitter:label2\" content=\"Arvioitu lukuaika\" \/>\n\t<meta name=\"twitter:data2\" content=\"3 minuuttia\" \/>\n<script type=\"application\/ld+json\" class=\"yoast-schema-graph\">{\"@context\":\"https:\\\/\\\/schema.org\",\"@graph\":[{\"@type\":\"Article\",\"@id\":\"https:\\\/\\\/www.deski.fi\\\/?p=823#article\",\"isPartOf\":{\"@id\":\"https:\\\/\\\/www.deski.fi\\\/?p=823\"},\"author\":{\"name\":\"deski\",\"@id\":\"https:\\\/\\\/www.deski.fi\\\/#\\\/schema\\\/person\\\/8bd75e57167679d4a7655a115984c5cc\"},\"headline\":\"Turun ensi- ja turvakoti ry 80 vuotta &#8211; perheiden tukena sukupolvien ajan\",\"datePublished\":\"2025-06-02T10:34:33+00:00\",\"dateModified\":\"2025-06-06T15:21:05+00:00\",\"mainEntityOfPage\":{\"@id\":\"https:\\\/\\\/www.deski.fi\\\/?p=823\"},\"wordCount\":419,\"articleSection\":[\"Luokittelematon\",\"Tapahtumat\"],\"inLanguage\":\"fi\"},{\"@type\":\"WebPage\",\"@id\":\"https:\\\/\\\/www.deski.fi\\\/?p=823\",\"url\":\"https:\\\/\\\/www.deski.fi\\\/?p=823\",\"name\":\"Turun ensi- ja turvakoti ry 80 vuotta - perheiden tukena sukupolvien ajan - deski.fi\",\"isPartOf\":{\"@id\":\"https:\\\/\\\/www.deski.fi\\\/#website\"},\"datePublished\":\"2025-06-02T10:34:33+00:00\",\"dateModified\":\"2025-06-06T15:21:05+00:00\",\"author\":{\"@id\":\"https:\\\/\\\/www.deski.fi\\\/#\\\/schema\\\/person\\\/8bd75e57167679d4a7655a115984c5cc\"},\"breadcrumb\":{\"@id\":\"https:\\\/\\\/www.deski.fi\\\/?p=823#breadcrumb\"},\"inLanguage\":\"fi\",\"potentialAction\":[{\"@type\":\"ReadAction\",\"target\":[\"https:\\\/\\\/www.deski.fi\\\/?p=823\"]}]},{\"@type\":\"BreadcrumbList\",\"@id\":\"https:\\\/\\\/www.deski.fi\\\/?p=823#breadcrumb\",\"itemListElement\":[{\"@type\":\"ListItem\",\"position\":1,\"name\":\"Etusivu\",\"item\":\"https:\\\/\\\/www.deski.fi\\\/\"},{\"@type\":\"ListItem\",\"position\":2,\"name\":\"Turun ensi- ja turvakoti ry 80 vuotta &#8211; perheiden tukena sukupolvien ajan\"}]},{\"@type\":\"WebSite\",\"@id\":\"https:\\\/\\\/www.deski.fi\\\/#website\",\"url\":\"https:\\\/\\\/www.deski.fi\\\/\",\"name\":\"deski.fi\",\"description\":\"Kaikki tiedotteet yhdess&auml; paikassa.\",\"potentialAction\":[{\"@type\":\"SearchAction\",\"target\":{\"@type\":\"EntryPoint\",\"urlTemplate\":\"https:\\\/\\\/www.deski.fi\\\/?s={search_term_string}\"},\"query-input\":{\"@type\":\"PropertyValueSpecification\",\"valueRequired\":true,\"valueName\":\"search_term_string\"}}],\"inLanguage\":\"fi\"},{\"@type\":\"Person\",\"@id\":\"https:\\\/\\\/www.deski.fi\\\/#\\\/schema\\\/person\\\/8bd75e57167679d4a7655a115984c5cc\",\"name\":\"deski\",\"image\":{\"@type\":\"ImageObject\",\"inLanguage\":\"fi\",\"@id\":\"https:\\\/\\\/secure.gravatar.com\\\/avatar\\\/c0990e16eceeb9f9e57c62830d9dbc4a49e1be722381d63aee238afb4a7fbe91?s=96&d=mm&r=g\",\"url\":\"https:\\\/\\\/secure.gravatar.com\\\/avatar\\\/c0990e16eceeb9f9e57c62830d9dbc4a49e1be722381d63aee238afb4a7fbe91?s=96&d=mm&r=g\",\"contentUrl\":\"https:\\\/\\\/secure.gravatar.com\\\/avatar\\\/c0990e16eceeb9f9e57c62830d9dbc4a49e1be722381d63aee238afb4a7fbe91?s=96&d=mm&r=g\",\"caption\":\"deski\"},\"sameAs\":[\"http:\\\/\\\/www.deski.fi\"],\"url\":\"https:\\\/\\\/www.deski.fi\\\/?author=1\"}]}<\/script>\n<!-- \/ Yoast SEO plugin. -->","yoast_head_json":{"title":"Turun ensi- ja turvakoti ry 80 vuotta - perheiden tukena sukupolvien ajan - deski.fi","robots":{"index":"index","follow":"follow","max-snippet":"max-snippet:-1","max-image-preview":"max-image-preview:large","max-video-preview":"max-video-preview:-1"},"canonical":"https:\/\/www.deski.fi\/?p=823","og_locale":"fi_FI","og_type":"article","og_title":"Turun ensi- ja turvakoti ry 80 vuotta - perheiden tukena sukupolvien ajan - deski.fi","og_description":"MEDIATIEDOTE Julkaisuvapaa 2.6.2025 Turun ensi- ja turvakoti ry 80 vuotta \u0096 perheiden tukena sukupolvien ajan Vuonna 1945 perustettu yhdistys t\u00e4ytt\u00e4\u00e4 t\u00e4n\u00e4 vuonna 80 vuotta ja juhlii kunnioitettavia toimintavuosiaan kutsuvierastilaisuudessa keskiviikkona 4.6.2025 klo 12\u009614. [&hellip;]","og_url":"https:\/\/www.deski.fi\/?p=823","og_site_name":"deski.fi","article_published_time":"2025-06-02T10:34:33+00:00","article_modified_time":"2025-06-06T15:21:05+00:00","author":"deski","twitter_card":"summary_large_image","twitter_misc":{"Kirjoittanut":"deski","Arvioitu lukuaika":"3 minuuttia"},"schema":{"@context":"https:\/\/schema.org","@graph":[{"@type":"Article","@id":"https:\/\/www.deski.fi\/?p=823#article","isPartOf":{"@id":"https:\/\/www.deski.fi\/?p=823"},"author":{"name":"deski","@id":"https:\/\/www.deski.fi\/#\/schema\/person\/8bd75e57167679d4a7655a115984c5cc"},"headline":"Turun ensi- ja turvakoti ry 80 vuotta &#8211; perheiden tukena sukupolvien ajan","datePublished":"2025-06-02T10:34:33+00:00","dateModified":"2025-06-06T15:21:05+00:00","mainEntityOfPage":{"@id":"https:\/\/www.deski.fi\/?p=823"},"wordCount":419,"articleSection":["Luokittelematon","Tapahtumat"],"inLanguage":"fi"},{"@type":"WebPage","@id":"https:\/\/www.deski.fi\/?p=823","url":"https:\/\/www.deski.fi\/?p=823","name":"Turun ensi- ja turvakoti ry 80 vuotta - perheiden tukena sukupolvien ajan - deski.fi","isPartOf":{"@id":"https:\/\/www.deski.fi\/#website"},"datePublished":"2025-06-02T10:34:33+00:00","dateModified":"2025-06-06T15:21:05+00:00","author":{"@id":"https:\/\/www.deski.fi\/#\/schema\/person\/8bd75e57167679d4a7655a115984c5cc"},"breadcrumb":{"@id":"https:\/\/www.deski.fi\/?p=823#breadcrumb"},"inLanguage":"fi","potentialAction":[{"@type":"ReadAction","target":["https:\/\/www.deski.fi\/?p=823"]}]},{"@type":"BreadcrumbList","@id":"https:\/\/www.deski.fi\/?p=823#breadcrumb","itemListElement":[{"@type":"ListItem","position":1,"name":"Etusivu","item":"https:\/\/www.deski.fi\/"},{"@type":"ListItem","position":2,"name":"Turun ensi- ja turvakoti ry 80 vuotta &#8211; perheiden tukena sukupolvien ajan"}]},{"@type":"WebSite","@id":"https:\/\/www.deski.fi\/#website","url":"https:\/\/www.deski.fi\/","name":"deski.fi","description":"Kaikki tiedotteet yhdess&auml; paikassa.","potentialAction":[{"@type":"SearchAction","target":{"@type":"EntryPoint","urlTemplate":"https:\/\/www.deski.fi\/?s={search_term_string}"},"query-input":{"@type":"PropertyValueSpecification","valueRequired":true,"valueName":"search_term_string"}}],"inLanguage":"fi"},{"@type":"Person","@id":"https:\/\/www.deski.fi\/#\/schema\/person\/8bd75e57167679d4a7655a115984c5cc","name":"deski","image":{"@type":"ImageObject","inLanguage":"fi","@id":"https:\/\/secure.gravatar.com\/avatar\/c0990e16eceeb9f9e57c62830d9dbc4a49e1be722381d63aee238afb4a7fbe91?s=96&d=mm&r=g","url":"https:\/\/secure.gravatar.com\/avatar\/c0990e16eceeb9f9e57c62830d9dbc4a49e1be722381d63aee238afb4a7fbe91?s=96&d=mm&r=g","contentUrl":"https:\/\/secure.gravatar.com\/avatar\/c0990e16eceeb9f9e57c62830d9dbc4a49e1be722381d63aee238afb4a7fbe91?s=96&d=mm&r=g","caption":"deski"},"sameAs":["http:\/\/www.deski.fi"],"url":"https:\/\/www.deski.fi\/?author=1"}]}},"jetpack_featured_media_url":"","jetpack_sharing_enabled":true,"_links":{"self":[{"href":"https:\/\/www.deski.fi\/index.php?rest_route=\/wp\/v2\/posts\/823","targetHints":{"allow":["GET"]}}],"collection":[{"href":"https:\/\/www.deski.fi\/index.php?rest_route=\/wp\/v2\/posts"}],"about":[{"href":"https:\/\/www.deski.fi\/index.php?rest_route=\/wp\/v2\/types\/post"}],"author":[{"embeddable":true,"href":"https:\/\/www.deski.fi\/index.php?rest_route=\/wp\/v2\/users\/1"}],"replies":[{"embeddable":true,"href":"https:\/\/www.deski.fi\/index.php?rest_route=%2Fwp%2Fv2%2Fcomments&post=823"}],"version-history":[{"count":1,"href":"https:\/\/www.deski.fi\/index.php?rest_route=\/wp\/v2\/posts\/823\/revisions"}],"predecessor-version":[{"id":832,"href":"https:\/\/www.deski.fi\/index.php?rest_route=\/wp\/v2\/posts\/823\/revisions\/832"}],"wp:attachment":[{"href":"https:\/\/www.deski.fi\/index.php?rest_route=%2Fwp%2Fv2%2Fmedia&parent=823"}],"wp:term":[{"taxonomy":"category","embeddable":true,"href":"https:\/\/www.deski.fi\/index.php?rest_route=%2Fwp%2Fv2%2Fcategories&post=823"},{"taxonomy":"post_tag","embeddable":true,"href":"https:\/\/www.deski.fi\/index.php?rest_route=%2Fwp%2Fv2%2Ftags&post=823"}],"curies":[{"name":"wp","href":"https:\/\/api.w.org\/{rel}","templated":true}]}}