{"id":821,"date":"2025-06-05T13:34:04","date_gmt":"2025-06-05T10:34:04","guid":{"rendered":"https:\/\/www.deski.fi\/?p=821"},"modified":"2025-06-05T13:34:59","modified_gmt":"2025-06-05T10:34:59","slug":"satakunnan-kokoomus-valitsi-hyvinvointialueen-paattajia-mari-kaunistola-aluevaltuuston-1-varapuheenjohtajaksi-anne-holmlund-ryhman-johdossa","status":"publish","type":"post","link":"https:\/\/www.deski.fi\/?p=821","title":{"rendered":"Satakunnan Kokoomus valitsi hyvinvointialueen p\u00e4\u00e4tt\u00e4ji\u00e4 &#8211; Mari Kaunistola aluevaltuuston 1. varapuheenjohtajaksi, Anne Holmlund ryhm\u00e4n johdossa"},"content":{"rendered":"<div class=\"postie-post\">Satakunnan Kokoomus valitsi hyvinvointialueen p\u00e4\u00e4tt\u00e4ji\u00e4 \u0096<\/p>\n<p>Mari Kaunistola aluevaltuuston 1. varapuheenjohtajaksi, Anne Holmlund ryhm\u00e4n johdossa<\/p>\n<p>SATAKUNNAN KOKOOMUS RY, TIEDOTE 22.5.2025<\/p>\n<p>Julkaisuvapaa<\/p>\n<p>Satakunnan Kokoomus ja Kokoomuksen aluevaltuustoryhm\u00e4 Satakunnan hyvinvointialueella ovat valinneet Satakunnan hyvinvointialueen johtavat kokoomusp\u00e4\u00e4tt\u00e4j\u00e4t. Kokoomuksen luottamusteht\u00e4v\u00e4jaossa saamaan merkitt\u00e4vimp\u00e4\u00e4n teht\u00e4v\u00e4\u00e4n, aluevaltuuston 1. varapuheenjohtajaksi nousee aiemmin hyvinvointialueen aluehallituksessa toiminut kansanedustaja, aluevaltuutettu Mari Kaunistola Porista.<\/p>\n<p>Aluehallitusryhm\u00e4n johdossa ja aluehallituksen j\u00e4senen\u00e4 toimii Anne Holmlund Ulvilasta, joka oli jo aiemmin valittu my\u00f6s kokoomuksen aluevaltuustoryhm\u00e4n puheenjohtajaksi. Muut aluehallituksen kokoomuslaiset j\u00e4senet ovat Juha Joutsenlahti Porista sek\u00e4 Atte H\u00f6ltt\u00e4 Huittisista ja Juha Joutsenlahti Porista. Joutsenlahti valittiin my\u00f6s aluehallituksen yksil\u00f6asiain jaoston puheenjohtajaksi.<\/p>\n<p>Puheenjohtaja Jarkko Stenforsin johtama Satakunnan Kokoomuksen piirihallitus teki esityksen hyvinvointialueen luottamusteht\u00e4viin valittavista aluevaltuustoryhm\u00e4n kokoukselle. Kokoomuksen aluevaltuustoryhm\u00e4 hyv\u00e4ksyi piirihallituksen esitykset. Lopullinen lista hyvinvointialueen johtoteht\u00e4viin valittavista kokoomuslaisista vahvistettiin piirihallituksen kokouksessa 21. toukokuuta. Kokoomuksen nime\u00e4miset hyvinvointialueelle ovat lopullisia ja my\u00f6s muiden puolueiden kanssa k\u00e4ydyiss\u00e4 neuvotteluissa vahvistetut. Valinnat tulee sinet\u00f6im\u00e4\u00e4n Satakunnan hyvinvointialueen aluevaltuuston kokous kes\u00e4kuussa.<\/p>\n<p>Satakunnan Kokoomuksen neuvotteluja muiden puolueiden kanssa johtanut puheenjohtaja Jarkko Stenfors on todella tyytyv\u00e4inen kokoomuksen saavuttamaan eritt\u00e4in hyv\u00e4\u00e4n neuvottelutulokseen. Stenforsin lis\u00e4ksi neuvotteluihin osallistuivat kokoomuksen edustajina Satakunnan Kokoomuksen toiminnanjohtaja Antti Ahonen ja aluevaltuustoryhm\u00e4n uusi puheenjohtaja Anne Holmlund. Kokoomus saavutti kaikki tavoitteensa hyvinvointialueen luottamusteht\u00e4vi\u00e4 koskevissa neuvotteluissa. Satakuntaliiton teht\u00e4vien osalta kokoomus jopa ylitti tavoitteensa.<\/p>\n<p>\u0096 Kokoomus saavutti luottamuspaikkaneuvotteluissa kaikki ennalta m\u00e4\u00e4ritetyt tavoitteet, kommentoi puheenjohtaja Jarkko Stenfors.<\/p>\n<p>\u0096 Kokoomuksella oli vaaleissa upea ehdokasjoukko! Saimme aluevaaleissa hyv\u00e4n menestyksen ja pidimme paikkam\u00e4\u00e4r\u00e4mme aluevaltuustossa, jatkaa puheenjohtaja Stenfors.<\/p>\n<p>\u0096 Kokoomuksen aluevaltuustoryhm\u00e4 on tyytyv\u00e4inen puolueiden v\u00e4lisiin neuvotteluihin koskien sek\u00e4 hyvinvointialueen, ett\u00e4 maakunnan liiton luottamusteht\u00e4vien jakoa. Kokoomus saavutti tavoitteensa hyvin ja neuvotteluissa oli rakentava henki, kommentoi aluevaltuustoryhm\u00e4n puheenjohtaja Anne Holmlund.<\/p>\n<p>\u0096 Aluehallituksen ty\u00f6h\u00f6n uudelle valtuustokaudelle l\u00e4hdemme aluehallitusryhm\u00e4mme, eli aluevaltuutettu Juha Joutsenlahden, l\u00e4\u00e4k\u00e4rialuevaltuutettu Atte H\u00f6lt\u00e4n ja allekirjoittaneen, sek\u00e4 aluevaltuuston 1. varapuheenjohtaja Mari Kaunistolan kanssa hyvin motivoituneina. Tahdomme erityisesti pit\u00e4\u00e4 huolta ihmisten laadukkaista palveluista, satakuntalaisten yritysten toimintaedellytyksist\u00e4, asukkaiden kuulemisesta sek\u00e4 hyv\u00e4st\u00e4 johtamisesta, p\u00e4\u00e4tt\u00e4\u00e4 ryhm\u00e4n puheenjohtaja Holmlund.<\/p>\n<p>LIS\u00c4TIETOJA:<\/p>\n<p>Jarkko Stenfors, Satakunnan Kokoomuksen puheenjohtaja, piirij\u00e4rjest\u00f6n p\u00e4\u00e4neuvottelija<br \/>\np. 050 3851912<br \/>\n<a href=\"mailto:jaolsten@gmail.com\" >jaolsten@gmail.com<\/a> <<a href=\"mailto:jaolsten@gmail.com\">mailto:<a href=\"mailto:jaolsten@gmail.com\" >jaolsten@gmail.com<\/a><\/a>><\/p>\n<p>Antti Ahonen, Satakunnan Kokoomuksen toiminnanjohtaja, piirij\u00e4rjest\u00f6n neuvottelija<br \/>\np. 0445359400<br \/>\n<a href=\"mailto:antti.ahonen@kokoomus.fi\" >antti.ahonen@kokoomus.fi<\/a> <<a href=\"mailto:antti.ahonen@kokoomus.fi\">mailto:<a href=\"mailto:antti.ahonen@kokoomus.fi\" >antti.ahonen@kokoomus.fi<\/a><\/a>><\/p>\n<p>Anne Holmlund, Kokoomuksen aluevaltuustoryhm\u00e4n puheenjohtaja, piirij\u00e4rjest\u00f6n neuvottelija<br \/>\np. 0505113020<br \/>\n<a href=\"mailto:anne.holmlund@ulvila.fi\" >anne.holmlund@ulvila.fi<\/a> <<a href=\"mailto:anne.holmlund@ulvila.fi\">mailto:<a href=\"mailto:anne.holmlund@ulvila.fi\" >anne.holmlund@ulvila.fi<\/a><\/a>><\/p>\n<p>Linkin takana, Satakunnan Kokoomuksen kotisivuilla luettelo:<\/p>\n<p>SATAKUNNAN HYVINVOINTIALUEEN KOKOOMUSLAISET LUOTTAMUSHENKIL\u00d6T MUISSA TOIMIELIMISS\u00c4 KUIN ALUEVALTUUSTOSSA, VUOSINA 2025 <<a href=\"https:\/\/www.satakunnankokoomus.fi\/2025\/05\/21\/kokoomus-valitsi-hyvinvointial\">www.satakunnankokoomus.fi\/2025\/05\/21\/kokoomus-valitsi-hyvinvointial<\/a> ueen-paattajia-mari-kaunistola-aluevaltuuston-1-varapuheenjohtajaksi-anne-ho lmlund-ryhman-johdossa\/> \u00962029<\/p>\n<div class=\"postie-attachments\"><a href=\"https:\/\/www.deski.fi\/?attachment_id=822\"><img decoding=\"async\" src=\"https:\/\/www.deski.fi\/wp-content\/uploads\/2025\/06\/image-300x150.jpg\" alt=\"\" width=\"300px\" height=\"150px\" class=\"alignnone size-medium wp-image-822\" srcset=\"https:\/\/www.deski.fi\/wp-content\/uploads\/2025\/06\/image-300x150.jpg 300w, https:\/\/www.deski.fi\/wp-content\/uploads\/2025\/06\/image-1024x514.jpg 1024w, https:\/\/www.deski.fi\/wp-content\/uploads\/2025\/06\/image-768x385.jpg 768w, https:\/\/www.deski.fi\/wp-content\/uploads\/2025\/06\/image-1536x770.jpg 1536w, https:\/\/www.deski.fi\/wp-content\/uploads\/2025\/06\/image-1000x501.jpg 1000w, https:\/\/www.deski.fi\/wp-content\/uploads\/2025\/06\/image-230x115.jpg 230w, https:\/\/www.deski.fi\/wp-content\/uploads\/2025\/06\/image-350x176.jpg 350w, https:\/\/www.deski.fi\/wp-content\/uploads\/2025\/06\/image-480x241.jpg 480w, https:\/\/www.deski.fi\/wp-content\/uploads\/2025\/06\/image.jpg 2048w\" sizes=\"(max-width: 300px) 100vw, 300px\" \/><\/a><\/div>\n<\/div>\n","protected":false},"excerpt":{"rendered":"<p>Satakunnan Kokoomus valitsi hyvinvointialueen p\u00e4\u00e4tt\u00e4ji\u00e4 \u0096 Mari Kaunistola aluevaltuuston 1. varapuheenjohtajaksi, Anne Holmlund ryhm\u00e4n johdossa SATAKUNNAN KOKOOMUS RY, TIEDOTE 22.5.2025 Julkaisuvapaa Satakunnan Kokoomus ja Kokoomuksen aluevaltuustoryhm\u00e4 Satakunnan hyvinvointialueella ovat valinneet Satakunnan hyvinvointialueen johtavat [&hellip;]<\/p>\n","protected":false},"author":1,"featured_media":822,"comment_status":"closed","ping_status":"open","sticky":false,"template":"","format":"standard","meta":{"_jetpack_memberships_contains_paid_content":false,"footnotes":""},"categories":[1],"tags":[],"class_list":["post-821","post","type-post","status-publish","format-standard","has-post-thumbnail","hentry","category-luokittelematon"],"yoast_head":"<!-- This site is optimized with the Yoast SEO plugin v27.4 - https:\/\/yoast.com\/product\/yoast-seo-wordpress\/ -->\n<title>Satakunnan Kokoomus valitsi hyvinvointialueen p\u00e4\u00e4tt\u00e4ji\u00e4 - Mari Kaunistola aluevaltuuston 1. varapuheenjohtajaksi, Anne Holmlund ryhm\u00e4n johdossa - deski.fi<\/title>\n<meta name=\"robots\" content=\"index, follow, max-snippet:-1, max-image-preview:large, max-video-preview:-1\" \/>\n<link rel=\"canonical\" href=\"https:\/\/www.deski.fi\/?p=821\" \/>\n<meta property=\"og:locale\" content=\"fi_FI\" \/>\n<meta property=\"og:type\" content=\"article\" \/>\n<meta property=\"og:title\" content=\"Satakunnan Kokoomus valitsi hyvinvointialueen p\u00e4\u00e4tt\u00e4ji\u00e4 - Mari Kaunistola aluevaltuuston 1. varapuheenjohtajaksi, Anne Holmlund ryhm\u00e4n johdossa - deski.fi\" \/>\n<meta property=\"og:description\" content=\"Satakunnan Kokoomus valitsi hyvinvointialueen p\u00e4\u00e4tt\u00e4ji\u00e4 \u0096 Mari Kaunistola aluevaltuuston 1. varapuheenjohtajaksi, Anne Holmlund ryhm\u00e4n johdossa SATAKUNNAN KOKOOMUS RY, TIEDOTE 22.5.2025 Julkaisuvapaa Satakunnan Kokoomus ja Kokoomuksen aluevaltuustoryhm\u00e4 Satakunnan hyvinvointialueella ovat valinneet Satakunnan hyvinvointialueen johtavat [&hellip;]\" \/>\n<meta property=\"og:url\" content=\"https:\/\/www.deski.fi\/?p=821\" \/>\n<meta property=\"og:site_name\" content=\"deski.fi\" \/>\n<meta property=\"article:published_time\" content=\"2025-06-05T10:34:04+00:00\" \/>\n<meta property=\"article:modified_time\" content=\"2025-06-05T10:34:59+00:00\" \/>\n<meta property=\"og:image\" content=\"https:\/\/www.deski.fi\/wp-content\/uploads\/2025\/06\/image.jpg\" \/>\n\t<meta property=\"og:image:width\" content=\"2048\" \/>\n\t<meta property=\"og:image:height\" content=\"1027\" \/>\n\t<meta property=\"og:image:type\" content=\"image\/jpeg\" \/>\n<meta name=\"author\" content=\"deski\" \/>\n<meta name=\"twitter:card\" content=\"summary_large_image\" \/>\n<meta name=\"twitter:label1\" content=\"Kirjoittanut\" \/>\n\t<meta name=\"twitter:data1\" content=\"deski\" \/>\n\t<meta name=\"twitter:label2\" content=\"Arvioitu lukuaika\" \/>\n\t<meta name=\"twitter:data2\" content=\"2 minuuttia\" \/>\n<script type=\"application\/ld+json\" class=\"yoast-schema-graph\">{\"@context\":\"https:\\\/\\\/schema.org\",\"@graph\":[{\"@type\":\"Article\",\"@id\":\"https:\\\/\\\/www.deski.fi\\\/?p=821#article\",\"isPartOf\":{\"@id\":\"https:\\\/\\\/www.deski.fi\\\/?p=821\"},\"author\":{\"name\":\"deski\",\"@id\":\"https:\\\/\\\/www.deski.fi\\\/#\\\/schema\\\/person\\\/8bd75e57167679d4a7655a115984c5cc\"},\"headline\":\"Satakunnan Kokoomus valitsi hyvinvointialueen p\u00e4\u00e4tt\u00e4ji\u00e4 &#8211; Mari Kaunistola aluevaltuuston 1. varapuheenjohtajaksi, Anne Holmlund ryhm\u00e4n johdossa\",\"datePublished\":\"2025-06-05T10:34:04+00:00\",\"dateModified\":\"2025-06-05T10:34:59+00:00\",\"mainEntityOfPage\":{\"@id\":\"https:\\\/\\\/www.deski.fi\\\/?p=821\"},\"wordCount\":421,\"image\":{\"@id\":\"https:\\\/\\\/www.deski.fi\\\/?p=821#primaryimage\"},\"thumbnailUrl\":\"https:\\\/\\\/www.deski.fi\\\/wp-content\\\/uploads\\\/2025\\\/06\\\/image.jpg\",\"articleSection\":[\"Luokittelematon\"],\"inLanguage\":\"fi\"},{\"@type\":\"WebPage\",\"@id\":\"https:\\\/\\\/www.deski.fi\\\/?p=821\",\"url\":\"https:\\\/\\\/www.deski.fi\\\/?p=821\",\"name\":\"Satakunnan Kokoomus valitsi hyvinvointialueen p\u00e4\u00e4tt\u00e4ji\u00e4 - Mari Kaunistola aluevaltuuston 1. varapuheenjohtajaksi, Anne Holmlund ryhm\u00e4n johdossa - deski.fi\",\"isPartOf\":{\"@id\":\"https:\\\/\\\/www.deski.fi\\\/#website\"},\"primaryImageOfPage\":{\"@id\":\"https:\\\/\\\/www.deski.fi\\\/?p=821#primaryimage\"},\"image\":{\"@id\":\"https:\\\/\\\/www.deski.fi\\\/?p=821#primaryimage\"},\"thumbnailUrl\":\"https:\\\/\\\/www.deski.fi\\\/wp-content\\\/uploads\\\/2025\\\/06\\\/image.jpg\",\"datePublished\":\"2025-06-05T10:34:04+00:00\",\"dateModified\":\"2025-06-05T10:34:59+00:00\",\"author\":{\"@id\":\"https:\\\/\\\/www.deski.fi\\\/#\\\/schema\\\/person\\\/8bd75e57167679d4a7655a115984c5cc\"},\"breadcrumb\":{\"@id\":\"https:\\\/\\\/www.deski.fi\\\/?p=821#breadcrumb\"},\"inLanguage\":\"fi\",\"potentialAction\":[{\"@type\":\"ReadAction\",\"target\":[\"https:\\\/\\\/www.deski.fi\\\/?p=821\"]}]},{\"@type\":\"ImageObject\",\"inLanguage\":\"fi\",\"@id\":\"https:\\\/\\\/www.deski.fi\\\/?p=821#primaryimage\",\"url\":\"https:\\\/\\\/www.deski.fi\\\/wp-content\\\/uploads\\\/2025\\\/06\\\/image.jpg\",\"contentUrl\":\"https:\\\/\\\/www.deski.fi\\\/wp-content\\\/uploads\\\/2025\\\/06\\\/image.jpg\",\"width\":2048,\"height\":1027},{\"@type\":\"BreadcrumbList\",\"@id\":\"https:\\\/\\\/www.deski.fi\\\/?p=821#breadcrumb\",\"itemListElement\":[{\"@type\":\"ListItem\",\"position\":1,\"name\":\"Etusivu\",\"item\":\"https:\\\/\\\/www.deski.fi\\\/\"},{\"@type\":\"ListItem\",\"position\":2,\"name\":\"Satakunnan Kokoomus valitsi hyvinvointialueen p\u00e4\u00e4tt\u00e4ji\u00e4 &#8211; Mari Kaunistola aluevaltuuston 1. varapuheenjohtajaksi, Anne Holmlund ryhm\u00e4n johdossa\"}]},{\"@type\":\"WebSite\",\"@id\":\"https:\\\/\\\/www.deski.fi\\\/#website\",\"url\":\"https:\\\/\\\/www.deski.fi\\\/\",\"name\":\"deski.fi\",\"description\":\"Kaikki tiedotteet yhdess&auml; paikassa.\",\"potentialAction\":[{\"@type\":\"SearchAction\",\"target\":{\"@type\":\"EntryPoint\",\"urlTemplate\":\"https:\\\/\\\/www.deski.fi\\\/?s={search_term_string}\"},\"query-input\":{\"@type\":\"PropertyValueSpecification\",\"valueRequired\":true,\"valueName\":\"search_term_string\"}}],\"inLanguage\":\"fi\"},{\"@type\":\"Person\",\"@id\":\"https:\\\/\\\/www.deski.fi\\\/#\\\/schema\\\/person\\\/8bd75e57167679d4a7655a115984c5cc\",\"name\":\"deski\",\"image\":{\"@type\":\"ImageObject\",\"inLanguage\":\"fi\",\"@id\":\"https:\\\/\\\/secure.gravatar.com\\\/avatar\\\/c0990e16eceeb9f9e57c62830d9dbc4a49e1be722381d63aee238afb4a7fbe91?s=96&d=mm&r=g\",\"url\":\"https:\\\/\\\/secure.gravatar.com\\\/avatar\\\/c0990e16eceeb9f9e57c62830d9dbc4a49e1be722381d63aee238afb4a7fbe91?s=96&d=mm&r=g\",\"contentUrl\":\"https:\\\/\\\/secure.gravatar.com\\\/avatar\\\/c0990e16eceeb9f9e57c62830d9dbc4a49e1be722381d63aee238afb4a7fbe91?s=96&d=mm&r=g\",\"caption\":\"deski\"},\"sameAs\":[\"http:\\\/\\\/www.deski.fi\"],\"url\":\"https:\\\/\\\/www.deski.fi\\\/?author=1\"}]}<\/script>\n<!-- \/ Yoast SEO plugin. -->","yoast_head_json":{"title":"Satakunnan Kokoomus valitsi hyvinvointialueen p\u00e4\u00e4tt\u00e4ji\u00e4 - Mari Kaunistola aluevaltuuston 1. varapuheenjohtajaksi, Anne Holmlund ryhm\u00e4n johdossa - deski.fi","robots":{"index":"index","follow":"follow","max-snippet":"max-snippet:-1","max-image-preview":"max-image-preview:large","max-video-preview":"max-video-preview:-1"},"canonical":"https:\/\/www.deski.fi\/?p=821","og_locale":"fi_FI","og_type":"article","og_title":"Satakunnan Kokoomus valitsi hyvinvointialueen p\u00e4\u00e4tt\u00e4ji\u00e4 - Mari Kaunistola aluevaltuuston 1. varapuheenjohtajaksi, Anne Holmlund ryhm\u00e4n johdossa - deski.fi","og_description":"Satakunnan Kokoomus valitsi hyvinvointialueen p\u00e4\u00e4tt\u00e4ji\u00e4 \u0096 Mari Kaunistola aluevaltuuston 1. varapuheenjohtajaksi, Anne Holmlund ryhm\u00e4n johdossa SATAKUNNAN KOKOOMUS RY, TIEDOTE 22.5.2025 Julkaisuvapaa Satakunnan Kokoomus ja Kokoomuksen aluevaltuustoryhm\u00e4 Satakunnan hyvinvointialueella ovat valinneet Satakunnan hyvinvointialueen johtavat [&hellip;]","og_url":"https:\/\/www.deski.fi\/?p=821","og_site_name":"deski.fi","article_published_time":"2025-06-05T10:34:04+00:00","article_modified_time":"2025-06-05T10:34:59+00:00","og_image":[{"width":2048,"height":1027,"url":"https:\/\/www.deski.fi\/wp-content\/uploads\/2025\/06\/image.jpg","type":"image\/jpeg"}],"author":"deski","twitter_card":"summary_large_image","twitter_misc":{"Kirjoittanut":"deski","Arvioitu lukuaika":"2 minuuttia"},"schema":{"@context":"https:\/\/schema.org","@graph":[{"@type":"Article","@id":"https:\/\/www.deski.fi\/?p=821#article","isPartOf":{"@id":"https:\/\/www.deski.fi\/?p=821"},"author":{"name":"deski","@id":"https:\/\/www.deski.fi\/#\/schema\/person\/8bd75e57167679d4a7655a115984c5cc"},"headline":"Satakunnan Kokoomus valitsi hyvinvointialueen p\u00e4\u00e4tt\u00e4ji\u00e4 &#8211; Mari Kaunistola aluevaltuuston 1. varapuheenjohtajaksi, Anne Holmlund ryhm\u00e4n johdossa","datePublished":"2025-06-05T10:34:04+00:00","dateModified":"2025-06-05T10:34:59+00:00","mainEntityOfPage":{"@id":"https:\/\/www.deski.fi\/?p=821"},"wordCount":421,"image":{"@id":"https:\/\/www.deski.fi\/?p=821#primaryimage"},"thumbnailUrl":"https:\/\/www.deski.fi\/wp-content\/uploads\/2025\/06\/image.jpg","articleSection":["Luokittelematon"],"inLanguage":"fi"},{"@type":"WebPage","@id":"https:\/\/www.deski.fi\/?p=821","url":"https:\/\/www.deski.fi\/?p=821","name":"Satakunnan Kokoomus valitsi hyvinvointialueen p\u00e4\u00e4tt\u00e4ji\u00e4 - Mari Kaunistola aluevaltuuston 1. varapuheenjohtajaksi, Anne Holmlund ryhm\u00e4n johdossa - deski.fi","isPartOf":{"@id":"https:\/\/www.deski.fi\/#website"},"primaryImageOfPage":{"@id":"https:\/\/www.deski.fi\/?p=821#primaryimage"},"image":{"@id":"https:\/\/www.deski.fi\/?p=821#primaryimage"},"thumbnailUrl":"https:\/\/www.deski.fi\/wp-content\/uploads\/2025\/06\/image.jpg","datePublished":"2025-06-05T10:34:04+00:00","dateModified":"2025-06-05T10:34:59+00:00","author":{"@id":"https:\/\/www.deski.fi\/#\/schema\/person\/8bd75e57167679d4a7655a115984c5cc"},"breadcrumb":{"@id":"https:\/\/www.deski.fi\/?p=821#breadcrumb"},"inLanguage":"fi","potentialAction":[{"@type":"ReadAction","target":["https:\/\/www.deski.fi\/?p=821"]}]},{"@type":"ImageObject","inLanguage":"fi","@id":"https:\/\/www.deski.fi\/?p=821#primaryimage","url":"https:\/\/www.deski.fi\/wp-content\/uploads\/2025\/06\/image.jpg","contentUrl":"https:\/\/www.deski.fi\/wp-content\/uploads\/2025\/06\/image.jpg","width":2048,"height":1027},{"@type":"BreadcrumbList","@id":"https:\/\/www.deski.fi\/?p=821#breadcrumb","itemListElement":[{"@type":"ListItem","position":1,"name":"Etusivu","item":"https:\/\/www.deski.fi\/"},{"@type":"ListItem","position":2,"name":"Satakunnan Kokoomus valitsi hyvinvointialueen p\u00e4\u00e4tt\u00e4ji\u00e4 &#8211; Mari Kaunistola aluevaltuuston 1. varapuheenjohtajaksi, Anne Holmlund ryhm\u00e4n johdossa"}]},{"@type":"WebSite","@id":"https:\/\/www.deski.fi\/#website","url":"https:\/\/www.deski.fi\/","name":"deski.fi","description":"Kaikki tiedotteet yhdess&auml; paikassa.","potentialAction":[{"@type":"SearchAction","target":{"@type":"EntryPoint","urlTemplate":"https:\/\/www.deski.fi\/?s={search_term_string}"},"query-input":{"@type":"PropertyValueSpecification","valueRequired":true,"valueName":"search_term_string"}}],"inLanguage":"fi"},{"@type":"Person","@id":"https:\/\/www.deski.fi\/#\/schema\/person\/8bd75e57167679d4a7655a115984c5cc","name":"deski","image":{"@type":"ImageObject","inLanguage":"fi","@id":"https:\/\/secure.gravatar.com\/avatar\/c0990e16eceeb9f9e57c62830d9dbc4a49e1be722381d63aee238afb4a7fbe91?s=96&d=mm&r=g","url":"https:\/\/secure.gravatar.com\/avatar\/c0990e16eceeb9f9e57c62830d9dbc4a49e1be722381d63aee238afb4a7fbe91?s=96&d=mm&r=g","contentUrl":"https:\/\/secure.gravatar.com\/avatar\/c0990e16eceeb9f9e57c62830d9dbc4a49e1be722381d63aee238afb4a7fbe91?s=96&d=mm&r=g","caption":"deski"},"sameAs":["http:\/\/www.deski.fi"],"url":"https:\/\/www.deski.fi\/?author=1"}]}},"jetpack_featured_media_url":"https:\/\/www.deski.fi\/wp-content\/uploads\/2025\/06\/image.jpg","jetpack_sharing_enabled":true,"_links":{"self":[{"href":"https:\/\/www.deski.fi\/index.php?rest_route=\/wp\/v2\/posts\/821","targetHints":{"allow":["GET"]}}],"collection":[{"href":"https:\/\/www.deski.fi\/index.php?rest_route=\/wp\/v2\/posts"}],"about":[{"href":"https:\/\/www.deski.fi\/index.php?rest_route=\/wp\/v2\/types\/post"}],"author":[{"embeddable":true,"href":"https:\/\/www.deski.fi\/index.php?rest_route=\/wp\/v2\/users\/1"}],"replies":[{"embeddable":true,"href":"https:\/\/www.deski.fi\/index.php?rest_route=%2Fwp%2Fv2%2Fcomments&post=821"}],"version-history":[{"count":0,"href":"https:\/\/www.deski.fi\/index.php?rest_route=\/wp\/v2\/posts\/821\/revisions"}],"wp:featuredmedia":[{"embeddable":true,"href":"https:\/\/www.deski.fi\/index.php?rest_route=\/wp\/v2\/media\/822"}],"wp:attachment":[{"href":"https:\/\/www.deski.fi\/index.php?rest_route=%2Fwp%2Fv2%2Fmedia&parent=821"}],"wp:term":[{"taxonomy":"category","embeddable":true,"href":"https:\/\/www.deski.fi\/index.php?rest_route=%2Fwp%2Fv2%2Fcategories&post=821"},{"taxonomy":"post_tag","embeddable":true,"href":"https:\/\/www.deski.fi\/index.php?rest_route=%2Fwp%2Fv2%2Ftags&post=821"}],"curies":[{"name":"wp","href":"https:\/\/api.w.org\/{rel}","templated":true}]}}