{"id":816,"date":"2025-05-06T13:32:00","date_gmt":"2025-05-06T10:32:00","guid":{"rendered":"http:\/\/www.deski.fi\/?p=816"},"modified":"2025-06-06T18:29:13","modified_gmt":"2025-06-06T15:29:13","slug":"puujalkaritarin-ritarinimityksesta-80-vuotta-viljo-laaksoa-muistetaan-seminaarein-humppilassa-hameenlinnassa-ja-helsingissa","status":"publish","type":"post","link":"https:\/\/www.deski.fi\/?p=816","title":{"rendered":"PUUJALKARITARIN RITARINIMITYKSEST\u00c4 80 VUOTTA &#8211; VILJO LAAKSOA -MUISTETAAN SEMINAAREIN HUMPPILASSA, H\u00c4MEENLINNASSA JA HELSINGISS\u00c4"},"content":{"rendered":"<div class=\"postie-post\">Mannerheim-ristin ritari Viljo &#8221;Puujalkaritari&#8221; Laakso (Kuva: Wikimedia Commons)<\/p>\n<p>PUUJALKARITARIN RITARINIMITYKSEST\u00c4 80 VUOTTA \u0096 VILJO LAAKSOA -MUISTETAAN SEMINAAREIN HUMPPILASSA, H\u00c4MEENLINNASSA JA HELSINGISS\u00c4<\/p>\n<p>Tiedote 6.5.2025 | Mannerheim-ristin ritarien museon tukiyhdistys \u0096 Ritarigalleria ry.<\/p>\n<p>MANNERHEIM-RISTIN RITARI VILJO LAAKSON KUNNIAKSI SEMINAARISARJA KOLMELLA PAIKKAKUNNALLA 7.-9.5.2025<\/p>\n<p>Humppilassa perustettu Mannerheim-ristin ritarien museon tukiyhdistys, Ritarigalleria ry. j\u00e4rjest\u00e4\u00e4 yhteisty\u00f6ss\u00e4 useiden yhteisty\u00f6kumppanien kanssa toukokuussa 2025 kolmen seminaarin seminaarisarjan sek\u00e4 kuukauden mittaisen pienoisn\u00e4yttelyn, kunnioittaen viimeisen\u00e4 Mannerheim-ristin ritariksi nimitetty\u00e4 Viljo Laaksoa.<\/p>\n<p>Viimeisen\u00e4 Mannerheim-ristin ritariksi nimetyn Viljo Laakson ritarinimityksest\u00e4 tulee keskiviikkona 7. toukokuuta 2025 tasan 80 vuotta. Laakson syntym\u00e4st\u00e4 tulee t\u00e4n\u00e4 vuonna tasan 130 vuotta.<\/p>\n<p>Viljo Laakso -seminaareista ensimm\u00e4inen j\u00e4rjestet\u00e4\u00e4n Kauppakeskus Humppilan Lasin aulassa, keskiviikkona 7. toukokuuta alkaen kello 15. Humppilan seminaari on samalla kuukauden kest\u00e4v\u00e4n, samassa kauppakeskuksessa sijaitsevan, valtakunnallisen Mannerheim-ristin ritarien museon eli Ritarigallerian tiloissa j\u00e4rjestett\u00e4v\u00e4n Viljo Laakso -pienoisn\u00e4yttelyn avajaistilaisuus.<\/p>\n<p>Seminaarisarjan toinen seminaari j\u00e4rjestet\u00e4\u00e4n H\u00e4meenlinnassa, Museo Militarian Tykkihallissa samana iltana, keskiviikkona 7. toukokuuta alkaen kello 18.30.<\/p>\n<p>Sarjan kolmas seminaari j\u00e4rjestet\u00e4\u00e4n t\u00e4m\u00e4n viikon perjantaina, 9. toukokuuta j\u00e4\u00e4k\u00e4riliikkeen syntysijoilla Helsingin Ostrobotnian juhlasalissa, alkaen kello 18.30.<\/p>\n<p>Kaikissa kolmessa seminaarissa on kolme asiantuntijapuhujaa: Mannerheim-ristin ritarien hallituksen j\u00e4sen Heikki Lehtonen, dosentti Lasse Laaksonen sek\u00e4 kirjailija Heikki Peltom\u00e4ki, joka on kirjoittanut Viljo Laakson el\u00e4m\u00e4kertakirjan.<\/p>\n<p>Viljo Laakso oli Mannerheim-ristin ritari j\u00e4rjestysnumerolla 191., j\u00e4\u00e4k\u00e4ri ja vakinaisessa v\u00e4ess\u00e4 palvellut upseeri, joka tuli erityisen tunnetuksi palvellessaan johtoteht\u00e4viss\u00e4 talvisodassa, jatkosodassa ja Lapin sodassa. Nimityksen Puujalkaritari Viljo Laakso sai, koska oli menett\u00e4nyt miinaan toisen jalkansa jatkosodan alussa, palvellen omasta tahdostaan viel\u00e4 vaikean haavoittumisensa j\u00e4lkeen vuosien ajan sodissamme. Sotien v\u00e4lisen\u00e4 aikana Viljo Laakso palveli mm. suojeluskunnissa paikallisp\u00e4\u00e4llikk\u00f6n\u00e4 Humppilassa, Hattulassa ja Lepp\u00e4virroilla sek\u00e4 suojeluskuntapiirien tasolla. Lis\u00e4ksi h\u00e4n palveli vakinaisessa v\u00e4ess\u00e4.<\/p>\n<p>Viljo Laakso -seminaarit toukokuussa 2025 ovat kaikille kiinnostuneille avoimia ja maksuttomia. Seminaarisarja on osa &#8221;Vapaussoturit ritarien joukossa&#8221; -hanketta, jota tukee VIMS-s\u00e4\u00e4ti\u00f6 (Vapaussodan Invalidien Muistos\u00e4\u00e4ti\u00f6).<\/p>\n<p>LIS\u00c4TIETOJA VILJO LAAKSO -SEMINAAREISTA JA PIENOISN\u00c4YTTELYST\u00c4:<\/p>\n<p>Antti Ahonen<br \/>\nMannerheim-ristin ritarien museon tukiyhdistys &#8211; Ritarigalleria ry:n puheenjohtaja<br \/>\n044 5359400<br \/>\n<a href=\"mailto:antti.ahonen@hmlkaupunki.fi\" >antti.ahonen@hmlkaupunki.fi<\/a> <<a href=\"mailto:antti.ahonen@hmlkaupunki.fi\">mailto:<a href=\"mailto:antti.ahonen@hmlkaupunki.fi\" >antti.ahonen@hmlkaupunki.fi<\/a><\/a>><\/p>\n<p>*****<\/p>\n<p>MANNERHEIM-RISTIN RITARI VILJO LAAKSO<\/p>\n<p>VILJO AUKUSTI LAAKSO (1895\u00961950) oli h\u00e4m\u00e4lainen j\u00e4\u00e4k\u00e4rieverstiluutnantti ja Mannerheim-ristin ritari, joka sai lis\u00e4nimen Puujalkaritari.<\/p>\n<p>Viljo Laakso oli j\u00e4rjestysnumeroltaan viimeinen Mannerheim-ristin ritari.<br \/>\nViljo Laakso oli ainoa mies, joka nimitettiin Mannerheim-ristin ritariksi my\u00f6s Lapin sodan p\u00e4\u00e4tytty\u00e4. Laakson nimitys tapahtui 80 vuotta sitten, toukokuun 7. p\u00e4iv\u00e4n\u00e4 1945.<\/p>\n<p>Pitk\u00e4n sotilasuransa Laakso aloitti j\u00e4\u00e4k\u00e4rin\u00e4 ja vapaussoturina, jatkaen sotilasuralla my\u00f6s sotien v\u00e4lisen\u00e4 aikana. Vapaussodassa h\u00e4n toimi muun muassa V\u00f6yrin sotakoulussa opettajana. Vuoden 1918 j\u00e4lkeen siirtyi suojeluskuntaj\u00e4rjest\u00f6n puolelle. Laakso toimi paikallisp\u00e4\u00e4llikk\u00f6n\u00e4 Humppilassa, Hattulassa ja Lepp\u00e4virralla sek\u00e4 alueellisena suojeluskuntap\u00e4\u00e4llikk\u00f6n\u00e4 Turun suojeluskuntapiiriss\u00e4 ja Etel\u00e4-H\u00e4meen suojeluskuntapiiriss\u00e4.<\/p>\n<p>My\u00f6hemmin 1920-luvulla sek\u00e4 1930-luvulla Viljo Laakso palveli vakinaisessa v\u00e4ess\u00e4 upseerina mm. Tampereen rykmentiss\u00e4 ja Porin rykmentiss\u00e4.<\/p>\n<p>Talvisodassa Laakso johti Loimaan seudun reservil\u00e4isist\u00e4 muodostettua pataljoonaa. Siit\u00e4 tuli 5. divisioonaan kuuluvan Jalkav\u00e4kirykmentti 13:n III pataljoona (III\/JR 13). Talvisodassa Laakso toimi ensin Summan rintamalla Lumpeistenojan lohkon komentajana.<\/p>\n<p>Pataljoonan komentaja Viljo Laakson peitenimi &#8221;Kissa&#8221; k\u00e4\u00e4ntyi muotoon &#8221;Is\u00e4kissa&#8221; ja sai nopeasti legendan piirteit\u00e4, sill\u00e4 komentaja liikkui alituiseen etulinjassa ja osallistui jopa partioihin vihollisen alueelle. Loimaan pataljoona torjui lohkollaan joulukuun suurhy\u00f6kk\u00e4yksen ja Laakso palkittiin toisen luokan Vapaudenristill\u00e4. Tammikuun alussa Vaalan rykmentti vaihdettiin rintamavastuusta N\u00e4ykkij\u00e4rvelle rakentamaan v\u00e4liasemaa. P\u00e4\u00e4aseman puhkeamisen j\u00e4lkeen JR 13 taisteli ankarasti L\u00e4hteen lohkon takamaastossa.<\/p>\n<p>Talvisodan aikana v\u00e4liaseman taisteluissa 20.-27. helmikuuta 1940 Laakson pataljoona m\u00e4\u00e4r\u00e4ttiin vastahy\u00f6kk\u00e4ykseen, jolla yritettiin palauttaa v\u00e4liasemaan edellisen\u00e4 p\u00e4iv\u00e4n\u00e4 tullut painauma Sel\u00e4nm\u00e4ess\u00e4. Hy\u00f6kk\u00e4ys onnistui osittain ja vihollisen todettiin asettaneen panssarihy\u00f6kk\u00e4yksens\u00e4 painopisteen juuri t\u00e4lle alueelle. Tilanne vaikeutui nopeasti ja v\u00e4liasema oli vaarassa kokonaan murtua. T\u00e4ss\u00e4 tilanteessa Viljo Laaksolle alistettiin pataljoona toisensa j\u00e4lkeen niin, ett\u00e4 h\u00e4n helmikuun lopussa johti kuusi pataljoonaa k\u00e4sitt\u00e4v\u00e4\u00e4 erikoisosastoa. Laakson talvisota p\u00e4\u00e4ttyi 3. maaliskuuta 1940 tapahtuneeseen haavoittumiseen taka-asemassa Viipurin pohjoispuolella K\u00e4rstil\u00e4ss\u00e4.<\/p>\n<p>Jatkosotaan Laakso l\u00e4hti Laatokan pohjoispuolella edelleen Loimaan pataljoonan komentajana. Se oli nyt Jalkav\u00e4kirykmentti 35:n III Pataljoona. Laakson toiminta pataljoonatasolla p\u00e4\u00e4ttyi 22. hein\u00e4kuuta 1941, jolloin h\u00e4n sai oman rykmentin. Teht\u00e4v\u00e4 Jalkav\u00e4kirykmentti 60:n komentajana j\u00e4i kuitenkin lyhyeksi, sill\u00e4 jo 3. elokuuta 1941 h\u00e4n astui polkumiinaan Lustj\u00e4rvell\u00e4. R\u00e4j\u00e4hdys vei h\u00e4nen oikean jalkansa puolis\u00e4\u00e4reen saakka.<\/p>\n<p>Laakso kuului niihin, joille oli jo talvisodan ansioiden perusteella esitetty Mannerheim-risti\u00e4. H\u00e4nen haavoittuessaan oli j\u00e4lleen vet\u00e4m\u00e4ss\u00e4 esimiehen ritariesitys hy\u00f6kk\u00e4ysvaiheen toiminnan johdosta. P\u00e4\u00e4t\u00f6s ristin my\u00f6nt\u00e4misest\u00e4 tehtiin ja tieto siit\u00e4 ehti Karjalan armeijan esikuntaan. Vajaan tunnin kuluttua p\u00e4\u00e4t\u00f6s kuitenkin peruttiin, sill\u00e4 Laakson ei uskottu selvi\u00e4v\u00e4n hengiss\u00e4. Sen sijaan h\u00e4net ylennettiin everstiluutnantiksi ja my\u00f6nnettiin ensimm\u00e4isen luokan Vapaudenristi.<\/p>\n<p>Jalan menetyksest\u00e4 huolimatta Viljo Laakso halusi jatkaa aktiivipalveluksessa. H\u00e4n toimi syksyyn 1942 saakka J\u00e4rjestelykeskus 2:n p\u00e4\u00e4llikk\u00f6n\u00e4 Keuruulla ja oli sen j\u00e4lkeen Turun sotilaspiiriss\u00e4. Sota jatkui ja kes\u00e4kuun 1944 kriittisess\u00e4 vaiheessa korkeat esimiehet muistivat talvisodan v\u00e4liaseman lujan kentt\u00e4johtajan. Laakso kutsuttiin rintamalle ja h\u00e4n otti 22. hein\u00e4kuuta 1944 Loimolassa komentoonsa Ukko-rykmentin, Jalkav\u00e4kirykmentti 8:n (JR 8).<\/p>\n<p>Kaarlo &#8221;Kylm\u00e4-Kalle&#8221; Heiskasen divisioona ja siihen kuuluva Laakson johtama rykmentti, &#8221;Tuntemattoman sotilaan rykmentti&#8221; joutui jatkamaan sotaa viel\u00e4 Lapissa. JR 8 asetettiin k\u00e4rkeen Ylitorniolla, josta se eteni taistellen yl\u00f6s jokivartta L\u00e4t\u00e4senoon saakka. Laaksolle esitettiin taas Mannerheim-risti\u00e4. Nyt kolmannen kerran, kolmannen esimiehen aloitteesta. Viljo Laaksosta tuli 7. toukokuuta 1945 ritari numero 191.<\/p>\n<p>Palkitsemista alleviivasi viel\u00e4 rauhanajan armeijavirka Sein\u00e4joen sotilaspiirin komentajana sotien j\u00e4lkeen. Laakso erosi armeijasta helmikuussa 1948. Siviiliss\u00e4 h\u00e4n toimi ensin sahanjohtajana Rengossa ja siirtyi vakuutusalalle. Laakso kuoli 75 vuotta sitten, 30. syyskuuta 1950 vain 55-vuotiaana verenmyrkytykseen. H\u00e4net on haudattu nykyisen H\u00e4meenlinnan alueelle, Rengon kirkon l\u00e4heisyyteen.<\/p>\n<div class=\"postie-attachments\"><a href=\"http:\/\/www.deski.fi\/?attachment_id=817\"><img decoding=\"async\" src=\"http:\/\/www.deski.fi\/wp-content\/uploads\/2025\/06\/Humppilan-suojeluskunnan-paallikko-Laakso-216x300.png\" alt=\"\" width=\"216px\" height=\"300px\" class=\"alignnone size-medium wp-image-817\" srcset=\"https:\/\/www.deski.fi\/wp-content\/uploads\/2025\/06\/Humppilan-suojeluskunnan-paallikko-Laakso-216x300.png 216w, https:\/\/www.deski.fi\/wp-content\/uploads\/2025\/06\/Humppilan-suojeluskunnan-paallikko-Laakso-230x319.png 230w, https:\/\/www.deski.fi\/wp-content\/uploads\/2025\/06\/Humppilan-suojeluskunnan-paallikko-Laakso.png 324w\" sizes=\"(max-width: 216px) 100vw, 216px\" \/><\/a><br \/>\n<a href=\"http:\/\/www.deski.fi\/?attachment_id=818\"><img decoding=\"async\" src=\"http:\/\/www.deski.fi\/wp-content\/uploads\/2025\/06\/Humppilan-suojeluskunnan-paallikko-Laakso-1-216x300.png\" alt=\"\" width=\"216px\" height=\"300px\" class=\"alignnone size-medium wp-image-818\" srcset=\"https:\/\/www.deski.fi\/wp-content\/uploads\/2025\/06\/Humppilan-suojeluskunnan-paallikko-Laakso-1-216x300.png 216w, https:\/\/www.deski.fi\/wp-content\/uploads\/2025\/06\/Humppilan-suojeluskunnan-paallikko-Laakso-1-230x319.png 230w, https:\/\/www.deski.fi\/wp-content\/uploads\/2025\/06\/Humppilan-suojeluskunnan-paallikko-Laakso-1.png 324w\" sizes=\"(max-width: 216px) 100vw, 216px\" \/><\/a><\/div>\n<\/div>\n","protected":false},"excerpt":{"rendered":"<p>Mannerheim-ristin ritari Viljo &#8221;Puujalkaritari&#8221; Laakso (Kuva: Wikimedia Commons) PUUJALKARITARIN RITARINIMITYKSEST\u00c4 80 VUOTTA \u0096 VILJO LAAKSOA -MUISTETAAN SEMINAAREIN HUMPPILASSA, H\u00c4MEENLINNASSA JA HELSINGISS\u00c4 Tiedote 6.5.2025 | Mannerheim-ristin ritarien museon tukiyhdistys \u0096 Ritarigalleria ry. MANNERHEIM-RISTIN RITARI [&hellip;]<\/p>\n","protected":false},"author":1,"featured_media":817,"comment_status":"closed","ping_status":"open","sticky":false,"template":"","format":"standard","meta":{"_jetpack_memberships_contains_paid_content":false,"footnotes":""},"categories":[12,16],"tags":[],"class_list":["post-816","post","type-post","status-publish","format-standard","has-post-thumbnail","hentry","category-taide","category-tapahtumat"],"yoast_head":"<!-- This site is optimized with the Yoast SEO plugin v27.4 - https:\/\/yoast.com\/product\/yoast-seo-wordpress\/ -->\n<title>PUUJALKARITARIN RITARINIMITYKSEST\u00c4 80 VUOTTA - VILJO LAAKSOA -MUISTETAAN SEMINAAREIN HUMPPILASSA, H\u00c4MEENLINNASSA JA HELSINGISS\u00c4 - deski.fi<\/title>\n<meta name=\"robots\" content=\"index, follow, max-snippet:-1, max-image-preview:large, max-video-preview:-1\" \/>\n<link rel=\"canonical\" href=\"https:\/\/www.deski.fi\/?p=816\" \/>\n<meta property=\"og:locale\" content=\"fi_FI\" \/>\n<meta property=\"og:type\" content=\"article\" \/>\n<meta property=\"og:title\" content=\"PUUJALKARITARIN RITARINIMITYKSEST\u00c4 80 VUOTTA - VILJO LAAKSOA -MUISTETAAN SEMINAAREIN HUMPPILASSA, H\u00c4MEENLINNASSA JA HELSINGISS\u00c4 - deski.fi\" \/>\n<meta property=\"og:description\" content=\"Mannerheim-ristin ritari Viljo &#8221;Puujalkaritari&#8221; Laakso (Kuva: Wikimedia Commons) PUUJALKARITARIN RITARINIMITYKSEST\u00c4 80 VUOTTA \u0096 VILJO LAAKSOA -MUISTETAAN SEMINAAREIN HUMPPILASSA, H\u00c4MEENLINNASSA JA HELSINGISS\u00c4 Tiedote 6.5.2025 | Mannerheim-ristin ritarien museon tukiyhdistys \u0096 Ritarigalleria ry. MANNERHEIM-RISTIN RITARI [&hellip;]\" \/>\n<meta property=\"og:url\" content=\"https:\/\/www.deski.fi\/?p=816\" \/>\n<meta property=\"og:site_name\" content=\"deski.fi\" \/>\n<meta property=\"article:published_time\" content=\"2025-05-06T10:32:00+00:00\" \/>\n<meta property=\"article:modified_time\" content=\"2025-06-06T15:29:13+00:00\" \/>\n<meta property=\"og:image\" content=\"https:\/\/www.deski.fi\/wp-content\/uploads\/2025\/06\/Humppilan-suojeluskunnan-paallikko-Laakso.png\" \/>\n\t<meta property=\"og:image:width\" content=\"324\" \/>\n\t<meta property=\"og:image:height\" content=\"449\" \/>\n\t<meta property=\"og:image:type\" content=\"image\/png\" \/>\n<meta name=\"author\" content=\"deski\" \/>\n<meta name=\"twitter:card\" content=\"summary_large_image\" \/>\n<meta name=\"twitter:label1\" content=\"Kirjoittanut\" \/>\n\t<meta name=\"twitter:data1\" content=\"deski\" \/>\n\t<meta name=\"twitter:label2\" content=\"Arvioitu lukuaika\" \/>\n\t<meta name=\"twitter:data2\" content=\"6 minuuttia\" \/>\n<script type=\"application\/ld+json\" class=\"yoast-schema-graph\">{\"@context\":\"https:\\\/\\\/schema.org\",\"@graph\":[{\"@type\":\"Article\",\"@id\":\"https:\\\/\\\/www.deski.fi\\\/?p=816#article\",\"isPartOf\":{\"@id\":\"https:\\\/\\\/www.deski.fi\\\/?p=816\"},\"author\":{\"name\":\"deski\",\"@id\":\"https:\\\/\\\/www.deski.fi\\\/#\\\/schema\\\/person\\\/8bd75e57167679d4a7655a115984c5cc\"},\"headline\":\"PUUJALKARITARIN RITARINIMITYKSEST\u00c4 80 VUOTTA &#8211; VILJO LAAKSOA -MUISTETAAN SEMINAAREIN HUMPPILASSA, H\u00c4MEENLINNASSA JA HELSINGISS\u00c4\",\"datePublished\":\"2025-05-06T10:32:00+00:00\",\"dateModified\":\"2025-06-06T15:29:13+00:00\",\"mainEntityOfPage\":{\"@id\":\"https:\\\/\\\/www.deski.fi\\\/?p=816\"},\"wordCount\":945,\"image\":{\"@id\":\"https:\\\/\\\/www.deski.fi\\\/?p=816#primaryimage\"},\"thumbnailUrl\":\"https:\\\/\\\/www.deski.fi\\\/wp-content\\\/uploads\\\/2025\\\/06\\\/Humppilan-suojeluskunnan-paallikko-Laakso.png\",\"articleSection\":[\"Taide\",\"Tapahtumat\"],\"inLanguage\":\"fi\"},{\"@type\":\"WebPage\",\"@id\":\"https:\\\/\\\/www.deski.fi\\\/?p=816\",\"url\":\"https:\\\/\\\/www.deski.fi\\\/?p=816\",\"name\":\"PUUJALKARITARIN RITARINIMITYKSEST\u00c4 80 VUOTTA - VILJO LAAKSOA -MUISTETAAN SEMINAAREIN HUMPPILASSA, H\u00c4MEENLINNASSA JA HELSINGISS\u00c4 - deski.fi\",\"isPartOf\":{\"@id\":\"https:\\\/\\\/www.deski.fi\\\/#website\"},\"primaryImageOfPage\":{\"@id\":\"https:\\\/\\\/www.deski.fi\\\/?p=816#primaryimage\"},\"image\":{\"@id\":\"https:\\\/\\\/www.deski.fi\\\/?p=816#primaryimage\"},\"thumbnailUrl\":\"https:\\\/\\\/www.deski.fi\\\/wp-content\\\/uploads\\\/2025\\\/06\\\/Humppilan-suojeluskunnan-paallikko-Laakso.png\",\"datePublished\":\"2025-05-06T10:32:00+00:00\",\"dateModified\":\"2025-06-06T15:29:13+00:00\",\"author\":{\"@id\":\"https:\\\/\\\/www.deski.fi\\\/#\\\/schema\\\/person\\\/8bd75e57167679d4a7655a115984c5cc\"},\"breadcrumb\":{\"@id\":\"https:\\\/\\\/www.deski.fi\\\/?p=816#breadcrumb\"},\"inLanguage\":\"fi\",\"potentialAction\":[{\"@type\":\"ReadAction\",\"target\":[\"https:\\\/\\\/www.deski.fi\\\/?p=816\"]}]},{\"@type\":\"ImageObject\",\"inLanguage\":\"fi\",\"@id\":\"https:\\\/\\\/www.deski.fi\\\/?p=816#primaryimage\",\"url\":\"https:\\\/\\\/www.deski.fi\\\/wp-content\\\/uploads\\\/2025\\\/06\\\/Humppilan-suojeluskunnan-paallikko-Laakso.png\",\"contentUrl\":\"https:\\\/\\\/www.deski.fi\\\/wp-content\\\/uploads\\\/2025\\\/06\\\/Humppilan-suojeluskunnan-paallikko-Laakso.png\",\"width\":324,\"height\":449},{\"@type\":\"BreadcrumbList\",\"@id\":\"https:\\\/\\\/www.deski.fi\\\/?p=816#breadcrumb\",\"itemListElement\":[{\"@type\":\"ListItem\",\"position\":1,\"name\":\"Etusivu\",\"item\":\"https:\\\/\\\/www.deski.fi\\\/\"},{\"@type\":\"ListItem\",\"position\":2,\"name\":\"PUUJALKARITARIN RITARINIMITYKSEST\u00c4 80 VUOTTA &#8211; VILJO LAAKSOA -MUISTETAAN SEMINAAREIN HUMPPILASSA, H\u00c4MEENLINNASSA JA HELSINGISS\u00c4\"}]},{\"@type\":\"WebSite\",\"@id\":\"https:\\\/\\\/www.deski.fi\\\/#website\",\"url\":\"https:\\\/\\\/www.deski.fi\\\/\",\"name\":\"deski.fi\",\"description\":\"Kaikki tiedotteet yhdess&auml; paikassa.\",\"potentialAction\":[{\"@type\":\"SearchAction\",\"target\":{\"@type\":\"EntryPoint\",\"urlTemplate\":\"https:\\\/\\\/www.deski.fi\\\/?s={search_term_string}\"},\"query-input\":{\"@type\":\"PropertyValueSpecification\",\"valueRequired\":true,\"valueName\":\"search_term_string\"}}],\"inLanguage\":\"fi\"},{\"@type\":\"Person\",\"@id\":\"https:\\\/\\\/www.deski.fi\\\/#\\\/schema\\\/person\\\/8bd75e57167679d4a7655a115984c5cc\",\"name\":\"deski\",\"image\":{\"@type\":\"ImageObject\",\"inLanguage\":\"fi\",\"@id\":\"https:\\\/\\\/secure.gravatar.com\\\/avatar\\\/c0990e16eceeb9f9e57c62830d9dbc4a49e1be722381d63aee238afb4a7fbe91?s=96&d=mm&r=g\",\"url\":\"https:\\\/\\\/secure.gravatar.com\\\/avatar\\\/c0990e16eceeb9f9e57c62830d9dbc4a49e1be722381d63aee238afb4a7fbe91?s=96&d=mm&r=g\",\"contentUrl\":\"https:\\\/\\\/secure.gravatar.com\\\/avatar\\\/c0990e16eceeb9f9e57c62830d9dbc4a49e1be722381d63aee238afb4a7fbe91?s=96&d=mm&r=g\",\"caption\":\"deski\"},\"sameAs\":[\"http:\\\/\\\/www.deski.fi\"],\"url\":\"https:\\\/\\\/www.deski.fi\\\/?author=1\"}]}<\/script>\n<!-- \/ Yoast SEO plugin. -->","yoast_head_json":{"title":"PUUJALKARITARIN RITARINIMITYKSEST\u00c4 80 VUOTTA - VILJO LAAKSOA -MUISTETAAN SEMINAAREIN HUMPPILASSA, H\u00c4MEENLINNASSA JA HELSINGISS\u00c4 - deski.fi","robots":{"index":"index","follow":"follow","max-snippet":"max-snippet:-1","max-image-preview":"max-image-preview:large","max-video-preview":"max-video-preview:-1"},"canonical":"https:\/\/www.deski.fi\/?p=816","og_locale":"fi_FI","og_type":"article","og_title":"PUUJALKARITARIN RITARINIMITYKSEST\u00c4 80 VUOTTA - VILJO LAAKSOA -MUISTETAAN SEMINAAREIN HUMPPILASSA, H\u00c4MEENLINNASSA JA HELSINGISS\u00c4 - deski.fi","og_description":"Mannerheim-ristin ritari Viljo &#8221;Puujalkaritari&#8221; Laakso (Kuva: Wikimedia Commons) PUUJALKARITARIN RITARINIMITYKSEST\u00c4 80 VUOTTA \u0096 VILJO LAAKSOA -MUISTETAAN SEMINAAREIN HUMPPILASSA, H\u00c4MEENLINNASSA JA HELSINGISS\u00c4 Tiedote 6.5.2025 | Mannerheim-ristin ritarien museon tukiyhdistys \u0096 Ritarigalleria ry. MANNERHEIM-RISTIN RITARI [&hellip;]","og_url":"https:\/\/www.deski.fi\/?p=816","og_site_name":"deski.fi","article_published_time":"2025-05-06T10:32:00+00:00","article_modified_time":"2025-06-06T15:29:13+00:00","og_image":[{"width":324,"height":449,"url":"https:\/\/www.deski.fi\/wp-content\/uploads\/2025\/06\/Humppilan-suojeluskunnan-paallikko-Laakso.png","type":"image\/png"}],"author":"deski","twitter_card":"summary_large_image","twitter_misc":{"Kirjoittanut":"deski","Arvioitu lukuaika":"6 minuuttia"},"schema":{"@context":"https:\/\/schema.org","@graph":[{"@type":"Article","@id":"https:\/\/www.deski.fi\/?p=816#article","isPartOf":{"@id":"https:\/\/www.deski.fi\/?p=816"},"author":{"name":"deski","@id":"https:\/\/www.deski.fi\/#\/schema\/person\/8bd75e57167679d4a7655a115984c5cc"},"headline":"PUUJALKARITARIN RITARINIMITYKSEST\u00c4 80 VUOTTA &#8211; VILJO LAAKSOA -MUISTETAAN SEMINAAREIN HUMPPILASSA, H\u00c4MEENLINNASSA JA HELSINGISS\u00c4","datePublished":"2025-05-06T10:32:00+00:00","dateModified":"2025-06-06T15:29:13+00:00","mainEntityOfPage":{"@id":"https:\/\/www.deski.fi\/?p=816"},"wordCount":945,"image":{"@id":"https:\/\/www.deski.fi\/?p=816#primaryimage"},"thumbnailUrl":"https:\/\/www.deski.fi\/wp-content\/uploads\/2025\/06\/Humppilan-suojeluskunnan-paallikko-Laakso.png","articleSection":["Taide","Tapahtumat"],"inLanguage":"fi"},{"@type":"WebPage","@id":"https:\/\/www.deski.fi\/?p=816","url":"https:\/\/www.deski.fi\/?p=816","name":"PUUJALKARITARIN RITARINIMITYKSEST\u00c4 80 VUOTTA - VILJO LAAKSOA -MUISTETAAN SEMINAAREIN HUMPPILASSA, H\u00c4MEENLINNASSA JA HELSINGISS\u00c4 - deski.fi","isPartOf":{"@id":"https:\/\/www.deski.fi\/#website"},"primaryImageOfPage":{"@id":"https:\/\/www.deski.fi\/?p=816#primaryimage"},"image":{"@id":"https:\/\/www.deski.fi\/?p=816#primaryimage"},"thumbnailUrl":"https:\/\/www.deski.fi\/wp-content\/uploads\/2025\/06\/Humppilan-suojeluskunnan-paallikko-Laakso.png","datePublished":"2025-05-06T10:32:00+00:00","dateModified":"2025-06-06T15:29:13+00:00","author":{"@id":"https:\/\/www.deski.fi\/#\/schema\/person\/8bd75e57167679d4a7655a115984c5cc"},"breadcrumb":{"@id":"https:\/\/www.deski.fi\/?p=816#breadcrumb"},"inLanguage":"fi","potentialAction":[{"@type":"ReadAction","target":["https:\/\/www.deski.fi\/?p=816"]}]},{"@type":"ImageObject","inLanguage":"fi","@id":"https:\/\/www.deski.fi\/?p=816#primaryimage","url":"https:\/\/www.deski.fi\/wp-content\/uploads\/2025\/06\/Humppilan-suojeluskunnan-paallikko-Laakso.png","contentUrl":"https:\/\/www.deski.fi\/wp-content\/uploads\/2025\/06\/Humppilan-suojeluskunnan-paallikko-Laakso.png","width":324,"height":449},{"@type":"BreadcrumbList","@id":"https:\/\/www.deski.fi\/?p=816#breadcrumb","itemListElement":[{"@type":"ListItem","position":1,"name":"Etusivu","item":"https:\/\/www.deski.fi\/"},{"@type":"ListItem","position":2,"name":"PUUJALKARITARIN RITARINIMITYKSEST\u00c4 80 VUOTTA &#8211; VILJO LAAKSOA -MUISTETAAN SEMINAAREIN HUMPPILASSA, H\u00c4MEENLINNASSA JA HELSINGISS\u00c4"}]},{"@type":"WebSite","@id":"https:\/\/www.deski.fi\/#website","url":"https:\/\/www.deski.fi\/","name":"deski.fi","description":"Kaikki tiedotteet yhdess&auml; paikassa.","potentialAction":[{"@type":"SearchAction","target":{"@type":"EntryPoint","urlTemplate":"https:\/\/www.deski.fi\/?s={search_term_string}"},"query-input":{"@type":"PropertyValueSpecification","valueRequired":true,"valueName":"search_term_string"}}],"inLanguage":"fi"},{"@type":"Person","@id":"https:\/\/www.deski.fi\/#\/schema\/person\/8bd75e57167679d4a7655a115984c5cc","name":"deski","image":{"@type":"ImageObject","inLanguage":"fi","@id":"https:\/\/secure.gravatar.com\/avatar\/c0990e16eceeb9f9e57c62830d9dbc4a49e1be722381d63aee238afb4a7fbe91?s=96&d=mm&r=g","url":"https:\/\/secure.gravatar.com\/avatar\/c0990e16eceeb9f9e57c62830d9dbc4a49e1be722381d63aee238afb4a7fbe91?s=96&d=mm&r=g","contentUrl":"https:\/\/secure.gravatar.com\/avatar\/c0990e16eceeb9f9e57c62830d9dbc4a49e1be722381d63aee238afb4a7fbe91?s=96&d=mm&r=g","caption":"deski"},"sameAs":["http:\/\/www.deski.fi"],"url":"https:\/\/www.deski.fi\/?author=1"}]}},"jetpack_featured_media_url":"https:\/\/www.deski.fi\/wp-content\/uploads\/2025\/06\/Humppilan-suojeluskunnan-paallikko-Laakso.png","jetpack_sharing_enabled":true,"_links":{"self":[{"href":"https:\/\/www.deski.fi\/index.php?rest_route=\/wp\/v2\/posts\/816","targetHints":{"allow":["GET"]}}],"collection":[{"href":"https:\/\/www.deski.fi\/index.php?rest_route=\/wp\/v2\/posts"}],"about":[{"href":"https:\/\/www.deski.fi\/index.php?rest_route=\/wp\/v2\/types\/post"}],"author":[{"embeddable":true,"href":"https:\/\/www.deski.fi\/index.php?rest_route=\/wp\/v2\/users\/1"}],"replies":[{"embeddable":true,"href":"https:\/\/www.deski.fi\/index.php?rest_route=%2Fwp%2Fv2%2Fcomments&post=816"}],"version-history":[{"count":1,"href":"https:\/\/www.deski.fi\/index.php?rest_route=\/wp\/v2\/posts\/816\/revisions"}],"predecessor-version":[{"id":859,"href":"https:\/\/www.deski.fi\/index.php?rest_route=\/wp\/v2\/posts\/816\/revisions\/859"}],"wp:featuredmedia":[{"embeddable":true,"href":"https:\/\/www.deski.fi\/index.php?rest_route=\/wp\/v2\/media\/817"}],"wp:attachment":[{"href":"https:\/\/www.deski.fi\/index.php?rest_route=%2Fwp%2Fv2%2Fmedia&parent=816"}],"wp:term":[{"taxonomy":"category","embeddable":true,"href":"https:\/\/www.deski.fi\/index.php?rest_route=%2Fwp%2Fv2%2Fcategories&post=816"},{"taxonomy":"post_tag","embeddable":true,"href":"https:\/\/www.deski.fi\/index.php?rest_route=%2Fwp%2Fv2%2Ftags&post=816"}],"curies":[{"name":"wp","href":"https:\/\/api.w.org\/{rel}","templated":true}]}}