{"id":813,"date":"2025-04-28T13:31:00","date_gmt":"2025-04-28T10:31:00","guid":{"rendered":"http:\/\/www.deski.fi\/?p=813"},"modified":"2025-06-06T18:28:36","modified_gmt":"2025-06-06T15:28:36","slug":"tulokasbandi-hostikka-lataa-tunteet-levylle-aikaa-julkaistaan-toukokuussa","status":"publish","type":"post","link":"https:\/\/www.deski.fi\/?p=813","title":{"rendered":"Tulokasb\u00e4ndi HOSTIKKA lataa tunteet levylle \u2013 aikaa julkaistaan toukokuussa"},"content":{"rendered":"<div class=\"postie-post\">TIEDOTE \u2013 Julkaisuvapaa heti<br \/>\n \u200b\u200bAjassa kiinni, ajasta irrallaan &#8211; Kotimainen tulokas HOSTIKKA julkaisee debyyttialbuminsa 9.5.2025<br \/>\n Tulokasb\u00e4ndi HOSTIKKA lataa tunteet levylle \u2013 aikaa julkaistaan toukokuussa<br \/>\n Kuusihenkinen uuden aallon instrumentaali folk-yhtye HOSTIKKA julkaisee odotetun debyyttialbuminsa aikaa perjantaina 9. toukokuuta 2025. Kymmenen kappaleen kokonaisuus vie kuulijan matkalle tunteiden halki \u2013 melankoliaa, toivoa ja hetki\u00e4, joissa on aikaa.<br \/>\n\u201cAlbumi ei ole hetken mielijohde. Koin tarvetta panostaa omaan musiikkiin ja taiteeseen. Mink\u00e4laista musiikkia minusta tulee, kun on basistina ja rivimuusikkona toteuttanut pitk\u00e4lti muiden musiikillisia visioita. L\u00e4hdimme s\u00e4velt\u00e4m\u00e4\u00e4n vain biisej\u00e4, joka sitten alkoikin muodostua kokonaisuudeksi jolta HOSTIKKA nyt t\u00e4ll\u00e4 hetkell\u00e4 kuulostaa. Musiikki peilaa meille eletty\u00e4 el\u00e4m\u00e4\u00e4 ja sen kerrostumia.\u201d yhtyeen s\u00e4velt\u00e4j\u00e4 ja kontrabasisti Saija Hostikka kertoo.<br \/>\nYhtyeen s\u00e4vellyksist\u00e4 vastaa kansanmuusikko ja kontrabasisti Saija Hostikka sek\u00e4 musiikkialan moniosaaja kitaristi-tuottaja Jaakko Penttil\u00e4. Ainutlaatuinen soundi syntyy, kun jokainen muusikko tuo kappaleisiin oman tarinansa ja luo sen avulla instrumentaalimusiikkiin v\u00e4ri\u00e4, el\u00e4v\u00e4\u00e4 el\u00e4m\u00e4\u00e4 ja kauneutta.<br \/>\n\u201cLevy\u00e4 on tehty vuosina 2022-2025 ja ensimm\u00e4inen single \u00b4Mahonki\u00b4 julkaistiin 2023, eli otimme kirjaimellisesti aikaa.\u201d Saija naurahtaa.<\/p>\n<p>Kuuntele albumi t\u00e4\u00e4lt\u00e4:  <<a href=\"https:\/\/s.disco.ac\/vtvpapderihh\">s.disco.ac\/vtvpapderihh<\/a>> <a href=\"https:\/\/s.disco.ac\/vtvpapderihh\">s.disco.ac\/vtvpapderihh<\/a><br \/>\nLis\u00e4tiedot ja haastattelupyynn\u00f6t: Saija Hostikka<br \/>\n+358 445572886,<br \/>\n<<a href=\"mailto:info@hostikkaofficial.fi\">mailto:<a href=\"mailto:info@hostikkaofficial.fi\" >info@hostikkaofficial.fi<\/a><\/a>> <a href=\"mailto:info@hostikkaofficial.fi\" >info@hostikkaofficial.fi<\/a><\/p>\n<p>Instagram:  <<a href=\"https:\/\/www.instagram.com\/hostikka_official\/\">www.instagram.com\/hostikka_official\/<\/a>> <a href=\"https:\/\/www.instagram.com\/hostikka_official\/\">www.instagram.com\/hostikka_official\/<\/a><br \/>\nFacebook:  <<a href=\"https:\/\/www.facebook.com\/hostikkaofficial\">www.facebook.com\/hostikkaofficial<\/a>> <a href=\"https:\/\/www.facebook.com\/hostikkaofficial\">www.facebook.com\/hostikkaofficial<\/a><br \/>\nNettisivut:  <<a href=\"https:\/\/penttilaemusic.com\/\">penttilaemusic.com\/<\/a>> <a href=\"https:\/\/penttilaemusic.com\/\">penttilaemusic.com\/<\/a><br \/>\nYoutube:  <<a href=\"https:\/\/www.youtube.com\/@HOSTIKKA_official\"><a href=\"mailto:www.youtube.com\/@HOSTIKKA_official\" >www.youtube.com\/@HOSTIKKA_official<\/a><\/a>> <a href=\"https:\/\/www.youtube.com\/@HOSTIKKA_official\"><a href=\"mailto:www.youtube.com\/@HOSTIKKA_official\" >www.youtube.com\/@HOSTIKKA_official<\/a><\/a><\/p>\n<p>HOSTIKKA &#8211; aikaa<\/p>\n<p>*\tL\u00e4ht\u00f6laulu (04:48)<br \/>\n*\tPihapiiri (03:21)<br \/>\n*\tLeijonanharja (03:59)<br \/>\n*\tUnton &#038; Lakun kalareissu (02:14)<br \/>\n*\tSyd\u00e4nyst\u00e4v\u00e4lle (04:47)<br \/>\n*\tKivihaka (03:00)<br \/>\n*\tManalan jatkot (04:28)<br \/>\n*\tJopo parkkiin (03:24)<br \/>\n*\tKelo (07:08)<br \/>\n*\tMahonki (04:56)<\/p>\n<p>SAIJA HOSTIKKA kontrabasso, perkussiot<br \/>\nJAAKKO PENTTIL\u00c4 kitarat ja mandoliini<br \/>\nAINO KINNUNEN viulu<br \/>\nJARI KANKARE poikkihuilu, tinapilli, low whistle, bansuri ja sopraanosaksofoni<br \/>\nMAIMU J\u00d5GEDA harmonikka<br \/>\nJESSE LEHTO rummut ja perkussiot<\/p>\n<p>EINARI K\u00c4RN\u00c4 viulu (10)<br \/>\nHENRI LINTULA rummut (10)<\/p>\n<p>S\u00e4vellykset SAIJA HOSTIKKA (2, 3, 4, 6, 7, 9, 10) JAAKKO PENTTIL\u00c4 (1, 5, 8, 9, 10)<br \/>\nTuottajat SAIJA HOSTIKKA ja JAAKKO PENTTIL\u00c4<br \/>\n\u00c4\u00e4nitys JENNA HIIPAKKA ja JAAKKO PENTTIL\u00c4<br \/>\nMiksaus JAAKKO PENTTIL\u00c4<br \/>\nMasterointi JANNE HAKALA<br \/>\nKannet SARA RITALA ja JORI GR\u00d6NROOS<\/p>\n<div class=\"postie-attachments\"><a href=\"http:\/\/www.deski.fi\/?attachment_id=814\"><img decoding=\"async\" src=\"http:\/\/www.deski.fi\/wp-content\/uploads\/2025\/06\/HOSTIKKA_IlariKauppi-300x189.jpg\" alt=\"\" width=\"300px\" height=\"189px\" class=\"alignnone size-medium wp-image-814\" srcset=\"https:\/\/www.deski.fi\/wp-content\/uploads\/2025\/06\/HOSTIKKA_IlariKauppi-300x189.jpg 300w, https:\/\/www.deski.fi\/wp-content\/uploads\/2025\/06\/HOSTIKKA_IlariKauppi-1024x644.jpg 1024w, https:\/\/www.deski.fi\/wp-content\/uploads\/2025\/06\/HOSTIKKA_IlariKauppi-768x483.jpg 768w, https:\/\/www.deski.fi\/wp-content\/uploads\/2025\/06\/HOSTIKKA_IlariKauppi-1536x965.jpg 1536w, https:\/\/www.deski.fi\/wp-content\/uploads\/2025\/06\/HOSTIKKA_IlariKauppi-2048x1287.jpg 2048w, https:\/\/www.deski.fi\/wp-content\/uploads\/2025\/06\/HOSTIKKA_IlariKauppi-1000x628.jpg 1000w, https:\/\/www.deski.fi\/wp-content\/uploads\/2025\/06\/HOSTIKKA_IlariKauppi-230x145.jpg 230w, https:\/\/www.deski.fi\/wp-content\/uploads\/2025\/06\/HOSTIKKA_IlariKauppi-350x220.jpg 350w, https:\/\/www.deski.fi\/wp-content\/uploads\/2025\/06\/HOSTIKKA_IlariKauppi-480x302.jpg 480w\" sizes=\"(max-width: 300px) 100vw, 300px\" \/><\/a><br \/>\n<a href=\"http:\/\/www.deski.fi\/?attachment_id=815\"><img decoding=\"async\" src=\"http:\/\/www.deski.fi\/wp-content\/uploads\/2025\/06\/0398452e-300x64.png\" alt=\"\" width=\"300px\" height=\"64px\" class=\"alignnone size-medium wp-image-815\" srcset=\"https:\/\/www.deski.fi\/wp-content\/uploads\/2025\/06\/0398452e-300x64.png 300w, https:\/\/www.deski.fi\/wp-content\/uploads\/2025\/06\/0398452e-1024x220.png 1024w, https:\/\/www.deski.fi\/wp-content\/uploads\/2025\/06\/0398452e-768x165.png 768w, https:\/\/www.deski.fi\/wp-content\/uploads\/2025\/06\/0398452e-1536x330.png 1536w, https:\/\/www.deski.fi\/wp-content\/uploads\/2025\/06\/0398452e-2048x439.png 2048w, https:\/\/www.deski.fi\/wp-content\/uploads\/2025\/06\/0398452e-1000x215.png 1000w, https:\/\/www.deski.fi\/wp-content\/uploads\/2025\/06\/0398452e-230x49.png 230w, https:\/\/www.deski.fi\/wp-content\/uploads\/2025\/06\/0398452e-350x75.png 350w, https:\/\/www.deski.fi\/wp-content\/uploads\/2025\/06\/0398452e-480x103.png 480w\" sizes=\"(max-width: 300px) 100vw, 300px\" \/><\/a><\/div>\n<\/div>\n","protected":false},"excerpt":{"rendered":"<p>TIEDOTE \u2013 Julkaisuvapaa heti \u200b\u200bAjassa kiinni, ajasta irrallaan &#8211; Kotimainen tulokas HOSTIKKA julkaisee debyyttialbuminsa 9.5.2025 Tulokasb\u00e4ndi HOSTIKKA lataa tunteet levylle \u2013 aikaa julkaistaan toukokuussa Kuusihenkinen uuden aallon instrumentaali folk-yhtye HOSTIKKA julkaisee odotetun debyyttialbuminsa [&hellip;]<\/p>\n","protected":false},"author":1,"featured_media":814,"comment_status":"closed","ping_status":"open","sticky":false,"template":"","format":"standard","meta":{"_jetpack_memberships_contains_paid_content":false,"footnotes":""},"categories":[13],"tags":[],"class_list":["post-813","post","type-post","status-publish","format-standard","has-post-thumbnail","hentry","category-viihde"],"yoast_head":"<!-- This site is optimized with the Yoast SEO plugin v27.4 - https:\/\/yoast.com\/product\/yoast-seo-wordpress\/ -->\n<title>Tulokasb\u00e4ndi HOSTIKKA lataa tunteet levylle \u2013 aikaa julkaistaan toukokuussa - deski.fi<\/title>\n<meta name=\"robots\" content=\"index, follow, max-snippet:-1, max-image-preview:large, max-video-preview:-1\" \/>\n<link rel=\"canonical\" href=\"https:\/\/www.deski.fi\/?p=813\" \/>\n<meta property=\"og:locale\" content=\"fi_FI\" \/>\n<meta property=\"og:type\" content=\"article\" \/>\n<meta property=\"og:title\" content=\"Tulokasb\u00e4ndi HOSTIKKA lataa tunteet levylle \u2013 aikaa julkaistaan toukokuussa - deski.fi\" \/>\n<meta property=\"og:description\" content=\"TIEDOTE \u2013 Julkaisuvapaa heti \u200b\u200bAjassa kiinni, ajasta irrallaan &#8211; Kotimainen tulokas HOSTIKKA julkaisee debyyttialbuminsa 9.5.2025 Tulokasb\u00e4ndi HOSTIKKA lataa tunteet levylle \u2013 aikaa julkaistaan toukokuussa Kuusihenkinen uuden aallon instrumentaali folk-yhtye HOSTIKKA julkaisee odotetun debyyttialbuminsa [&hellip;]\" \/>\n<meta property=\"og:url\" content=\"https:\/\/www.deski.fi\/?p=813\" \/>\n<meta property=\"og:site_name\" content=\"deski.fi\" \/>\n<meta property=\"article:published_time\" content=\"2025-04-28T10:31:00+00:00\" \/>\n<meta property=\"article:modified_time\" content=\"2025-06-06T15:28:36+00:00\" \/>\n<meta property=\"og:image\" content=\"https:\/\/www.deski.fi\/wp-content\/uploads\/2025\/06\/HOSTIKKA_IlariKauppi-scaled.jpg\" \/>\n\t<meta property=\"og:image:width\" content=\"2560\" \/>\n\t<meta property=\"og:image:height\" content=\"1609\" \/>\n\t<meta property=\"og:image:type\" content=\"image\/jpeg\" \/>\n<meta name=\"author\" content=\"deski\" \/>\n<meta name=\"twitter:card\" content=\"summary_large_image\" \/>\n<meta name=\"twitter:label1\" content=\"Kirjoittanut\" \/>\n\t<meta name=\"twitter:data1\" content=\"deski\" \/>\n\t<meta name=\"twitter:label2\" content=\"Arvioitu lukuaika\" \/>\n\t<meta name=\"twitter:data2\" content=\"3 minuuttia\" \/>\n<script type=\"application\/ld+json\" class=\"yoast-schema-graph\">{\"@context\":\"https:\\\/\\\/schema.org\",\"@graph\":[{\"@type\":\"Article\",\"@id\":\"https:\\\/\\\/www.deski.fi\\\/?p=813#article\",\"isPartOf\":{\"@id\":\"https:\\\/\\\/www.deski.fi\\\/?p=813\"},\"author\":{\"name\":\"deski\",\"@id\":\"https:\\\/\\\/www.deski.fi\\\/#\\\/schema\\\/person\\\/8bd75e57167679d4a7655a115984c5cc\"},\"headline\":\"Tulokasb\u00e4ndi HOSTIKKA lataa tunteet levylle \u2013 aikaa julkaistaan toukokuussa\",\"datePublished\":\"2025-04-28T10:31:00+00:00\",\"dateModified\":\"2025-06-06T15:28:36+00:00\",\"mainEntityOfPage\":{\"@id\":\"https:\\\/\\\/www.deski.fi\\\/?p=813\"},\"wordCount\":307,\"image\":{\"@id\":\"https:\\\/\\\/www.deski.fi\\\/?p=813#primaryimage\"},\"thumbnailUrl\":\"https:\\\/\\\/www.deski.fi\\\/wp-content\\\/uploads\\\/2025\\\/06\\\/HOSTIKKA_IlariKauppi-scaled.jpg\",\"articleSection\":[\"Viihde\"],\"inLanguage\":\"fi\"},{\"@type\":\"WebPage\",\"@id\":\"https:\\\/\\\/www.deski.fi\\\/?p=813\",\"url\":\"https:\\\/\\\/www.deski.fi\\\/?p=813\",\"name\":\"Tulokasb\u00e4ndi HOSTIKKA lataa tunteet levylle \u2013 aikaa julkaistaan toukokuussa - deski.fi\",\"isPartOf\":{\"@id\":\"https:\\\/\\\/www.deski.fi\\\/#website\"},\"primaryImageOfPage\":{\"@id\":\"https:\\\/\\\/www.deski.fi\\\/?p=813#primaryimage\"},\"image\":{\"@id\":\"https:\\\/\\\/www.deski.fi\\\/?p=813#primaryimage\"},\"thumbnailUrl\":\"https:\\\/\\\/www.deski.fi\\\/wp-content\\\/uploads\\\/2025\\\/06\\\/HOSTIKKA_IlariKauppi-scaled.jpg\",\"datePublished\":\"2025-04-28T10:31:00+00:00\",\"dateModified\":\"2025-06-06T15:28:36+00:00\",\"author\":{\"@id\":\"https:\\\/\\\/www.deski.fi\\\/#\\\/schema\\\/person\\\/8bd75e57167679d4a7655a115984c5cc\"},\"breadcrumb\":{\"@id\":\"https:\\\/\\\/www.deski.fi\\\/?p=813#breadcrumb\"},\"inLanguage\":\"fi\",\"potentialAction\":[{\"@type\":\"ReadAction\",\"target\":[\"https:\\\/\\\/www.deski.fi\\\/?p=813\"]}]},{\"@type\":\"ImageObject\",\"inLanguage\":\"fi\",\"@id\":\"https:\\\/\\\/www.deski.fi\\\/?p=813#primaryimage\",\"url\":\"https:\\\/\\\/www.deski.fi\\\/wp-content\\\/uploads\\\/2025\\\/06\\\/HOSTIKKA_IlariKauppi-scaled.jpg\",\"contentUrl\":\"https:\\\/\\\/www.deski.fi\\\/wp-content\\\/uploads\\\/2025\\\/06\\\/HOSTIKKA_IlariKauppi-scaled.jpg\",\"width\":2560,\"height\":1609},{\"@type\":\"BreadcrumbList\",\"@id\":\"https:\\\/\\\/www.deski.fi\\\/?p=813#breadcrumb\",\"itemListElement\":[{\"@type\":\"ListItem\",\"position\":1,\"name\":\"Etusivu\",\"item\":\"https:\\\/\\\/www.deski.fi\\\/\"},{\"@type\":\"ListItem\",\"position\":2,\"name\":\"Tulokasb\u00e4ndi HOSTIKKA lataa tunteet levylle \u2013 aikaa julkaistaan toukokuussa\"}]},{\"@type\":\"WebSite\",\"@id\":\"https:\\\/\\\/www.deski.fi\\\/#website\",\"url\":\"https:\\\/\\\/www.deski.fi\\\/\",\"name\":\"deski.fi\",\"description\":\"Kaikki tiedotteet yhdess&auml; paikassa.\",\"potentialAction\":[{\"@type\":\"SearchAction\",\"target\":{\"@type\":\"EntryPoint\",\"urlTemplate\":\"https:\\\/\\\/www.deski.fi\\\/?s={search_term_string}\"},\"query-input\":{\"@type\":\"PropertyValueSpecification\",\"valueRequired\":true,\"valueName\":\"search_term_string\"}}],\"inLanguage\":\"fi\"},{\"@type\":\"Person\",\"@id\":\"https:\\\/\\\/www.deski.fi\\\/#\\\/schema\\\/person\\\/8bd75e57167679d4a7655a115984c5cc\",\"name\":\"deski\",\"image\":{\"@type\":\"ImageObject\",\"inLanguage\":\"fi\",\"@id\":\"https:\\\/\\\/secure.gravatar.com\\\/avatar\\\/c0990e16eceeb9f9e57c62830d9dbc4a49e1be722381d63aee238afb4a7fbe91?s=96&d=mm&r=g\",\"url\":\"https:\\\/\\\/secure.gravatar.com\\\/avatar\\\/c0990e16eceeb9f9e57c62830d9dbc4a49e1be722381d63aee238afb4a7fbe91?s=96&d=mm&r=g\",\"contentUrl\":\"https:\\\/\\\/secure.gravatar.com\\\/avatar\\\/c0990e16eceeb9f9e57c62830d9dbc4a49e1be722381d63aee238afb4a7fbe91?s=96&d=mm&r=g\",\"caption\":\"deski\"},\"sameAs\":[\"http:\\\/\\\/www.deski.fi\"],\"url\":\"https:\\\/\\\/www.deski.fi\\\/?author=1\"}]}<\/script>\n<!-- \/ Yoast SEO plugin. -->","yoast_head_json":{"title":"Tulokasb\u00e4ndi HOSTIKKA lataa tunteet levylle \u2013 aikaa julkaistaan toukokuussa - deski.fi","robots":{"index":"index","follow":"follow","max-snippet":"max-snippet:-1","max-image-preview":"max-image-preview:large","max-video-preview":"max-video-preview:-1"},"canonical":"https:\/\/www.deski.fi\/?p=813","og_locale":"fi_FI","og_type":"article","og_title":"Tulokasb\u00e4ndi HOSTIKKA lataa tunteet levylle \u2013 aikaa julkaistaan toukokuussa - deski.fi","og_description":"TIEDOTE \u2013 Julkaisuvapaa heti \u200b\u200bAjassa kiinni, ajasta irrallaan &#8211; Kotimainen tulokas HOSTIKKA julkaisee debyyttialbuminsa 9.5.2025 Tulokasb\u00e4ndi HOSTIKKA lataa tunteet levylle \u2013 aikaa julkaistaan toukokuussa Kuusihenkinen uuden aallon instrumentaali folk-yhtye HOSTIKKA julkaisee odotetun debyyttialbuminsa [&hellip;]","og_url":"https:\/\/www.deski.fi\/?p=813","og_site_name":"deski.fi","article_published_time":"2025-04-28T10:31:00+00:00","article_modified_time":"2025-06-06T15:28:36+00:00","og_image":[{"width":2560,"height":1609,"url":"https:\/\/www.deski.fi\/wp-content\/uploads\/2025\/06\/HOSTIKKA_IlariKauppi-scaled.jpg","type":"image\/jpeg"}],"author":"deski","twitter_card":"summary_large_image","twitter_misc":{"Kirjoittanut":"deski","Arvioitu lukuaika":"3 minuuttia"},"schema":{"@context":"https:\/\/schema.org","@graph":[{"@type":"Article","@id":"https:\/\/www.deski.fi\/?p=813#article","isPartOf":{"@id":"https:\/\/www.deski.fi\/?p=813"},"author":{"name":"deski","@id":"https:\/\/www.deski.fi\/#\/schema\/person\/8bd75e57167679d4a7655a115984c5cc"},"headline":"Tulokasb\u00e4ndi HOSTIKKA lataa tunteet levylle \u2013 aikaa julkaistaan toukokuussa","datePublished":"2025-04-28T10:31:00+00:00","dateModified":"2025-06-06T15:28:36+00:00","mainEntityOfPage":{"@id":"https:\/\/www.deski.fi\/?p=813"},"wordCount":307,"image":{"@id":"https:\/\/www.deski.fi\/?p=813#primaryimage"},"thumbnailUrl":"https:\/\/www.deski.fi\/wp-content\/uploads\/2025\/06\/HOSTIKKA_IlariKauppi-scaled.jpg","articleSection":["Viihde"],"inLanguage":"fi"},{"@type":"WebPage","@id":"https:\/\/www.deski.fi\/?p=813","url":"https:\/\/www.deski.fi\/?p=813","name":"Tulokasb\u00e4ndi HOSTIKKA lataa tunteet levylle \u2013 aikaa julkaistaan toukokuussa - deski.fi","isPartOf":{"@id":"https:\/\/www.deski.fi\/#website"},"primaryImageOfPage":{"@id":"https:\/\/www.deski.fi\/?p=813#primaryimage"},"image":{"@id":"https:\/\/www.deski.fi\/?p=813#primaryimage"},"thumbnailUrl":"https:\/\/www.deski.fi\/wp-content\/uploads\/2025\/06\/HOSTIKKA_IlariKauppi-scaled.jpg","datePublished":"2025-04-28T10:31:00+00:00","dateModified":"2025-06-06T15:28:36+00:00","author":{"@id":"https:\/\/www.deski.fi\/#\/schema\/person\/8bd75e57167679d4a7655a115984c5cc"},"breadcrumb":{"@id":"https:\/\/www.deski.fi\/?p=813#breadcrumb"},"inLanguage":"fi","potentialAction":[{"@type":"ReadAction","target":["https:\/\/www.deski.fi\/?p=813"]}]},{"@type":"ImageObject","inLanguage":"fi","@id":"https:\/\/www.deski.fi\/?p=813#primaryimage","url":"https:\/\/www.deski.fi\/wp-content\/uploads\/2025\/06\/HOSTIKKA_IlariKauppi-scaled.jpg","contentUrl":"https:\/\/www.deski.fi\/wp-content\/uploads\/2025\/06\/HOSTIKKA_IlariKauppi-scaled.jpg","width":2560,"height":1609},{"@type":"BreadcrumbList","@id":"https:\/\/www.deski.fi\/?p=813#breadcrumb","itemListElement":[{"@type":"ListItem","position":1,"name":"Etusivu","item":"https:\/\/www.deski.fi\/"},{"@type":"ListItem","position":2,"name":"Tulokasb\u00e4ndi HOSTIKKA lataa tunteet levylle \u2013 aikaa julkaistaan toukokuussa"}]},{"@type":"WebSite","@id":"https:\/\/www.deski.fi\/#website","url":"https:\/\/www.deski.fi\/","name":"deski.fi","description":"Kaikki tiedotteet yhdess&auml; paikassa.","potentialAction":[{"@type":"SearchAction","target":{"@type":"EntryPoint","urlTemplate":"https:\/\/www.deski.fi\/?s={search_term_string}"},"query-input":{"@type":"PropertyValueSpecification","valueRequired":true,"valueName":"search_term_string"}}],"inLanguage":"fi"},{"@type":"Person","@id":"https:\/\/www.deski.fi\/#\/schema\/person\/8bd75e57167679d4a7655a115984c5cc","name":"deski","image":{"@type":"ImageObject","inLanguage":"fi","@id":"https:\/\/secure.gravatar.com\/avatar\/c0990e16eceeb9f9e57c62830d9dbc4a49e1be722381d63aee238afb4a7fbe91?s=96&d=mm&r=g","url":"https:\/\/secure.gravatar.com\/avatar\/c0990e16eceeb9f9e57c62830d9dbc4a49e1be722381d63aee238afb4a7fbe91?s=96&d=mm&r=g","contentUrl":"https:\/\/secure.gravatar.com\/avatar\/c0990e16eceeb9f9e57c62830d9dbc4a49e1be722381d63aee238afb4a7fbe91?s=96&d=mm&r=g","caption":"deski"},"sameAs":["http:\/\/www.deski.fi"],"url":"https:\/\/www.deski.fi\/?author=1"}]}},"jetpack_featured_media_url":"https:\/\/www.deski.fi\/wp-content\/uploads\/2025\/06\/HOSTIKKA_IlariKauppi-scaled.jpg","jetpack_sharing_enabled":true,"_links":{"self":[{"href":"https:\/\/www.deski.fi\/index.php?rest_route=\/wp\/v2\/posts\/813","targetHints":{"allow":["GET"]}}],"collection":[{"href":"https:\/\/www.deski.fi\/index.php?rest_route=\/wp\/v2\/posts"}],"about":[{"href":"https:\/\/www.deski.fi\/index.php?rest_route=\/wp\/v2\/types\/post"}],"author":[{"embeddable":true,"href":"https:\/\/www.deski.fi\/index.php?rest_route=\/wp\/v2\/users\/1"}],"replies":[{"embeddable":true,"href":"https:\/\/www.deski.fi\/index.php?rest_route=%2Fwp%2Fv2%2Fcomments&post=813"}],"version-history":[{"count":1,"href":"https:\/\/www.deski.fi\/index.php?rest_route=\/wp\/v2\/posts\/813\/revisions"}],"predecessor-version":[{"id":858,"href":"https:\/\/www.deski.fi\/index.php?rest_route=\/wp\/v2\/posts\/813\/revisions\/858"}],"wp:featuredmedia":[{"embeddable":true,"href":"https:\/\/www.deski.fi\/index.php?rest_route=\/wp\/v2\/media\/814"}],"wp:attachment":[{"href":"https:\/\/www.deski.fi\/index.php?rest_route=%2Fwp%2Fv2%2Fmedia&parent=813"}],"wp:term":[{"taxonomy":"category","embeddable":true,"href":"https:\/\/www.deski.fi\/index.php?rest_route=%2Fwp%2Fv2%2Fcategories&post=813"},{"taxonomy":"post_tag","embeddable":true,"href":"https:\/\/www.deski.fi\/index.php?rest_route=%2Fwp%2Fv2%2Ftags&post=813"}],"curies":[{"name":"wp","href":"https:\/\/api.w.org\/{rel}","templated":true}]}}