{"id":807,"date":"2025-04-24T13:30:00","date_gmt":"2025-04-24T10:30:00","guid":{"rendered":"http:\/\/www.deski.fi\/?p=807"},"modified":"2025-06-06T18:26:50","modified_gmt":"2025-06-06T15:26:50","slug":"ulkoavaruuden-lapset-saa-ensi-iltansa-unga-teaternissa-syksylla","status":"publish","type":"post","link":"https:\/\/www.deski.fi\/?p=807","title":{"rendered":"Ulkoavaruuden lapset saa ensi-iltansa Unga Teaternissa syksyll\u00e4"},"content":{"rendered":"<div class=\"postie-post\">Lehdist\u00f6tiedote \u0096 Unga Teatern 24.4.2025<br \/>\nUlkoavaruuden lapset saa ensi-iltansa Unga Teaternissa syksyll\u00e4<br \/>\nUlkoavaruuden lapset on tarina tavallisesta perheest\u00e4, jonka el\u00e4m\u00e4 j\u00e4rkkyy, kun avaruusolennot ilmestyv\u00e4t heid\u00e4n el\u00e4m\u00e4\u00e4ns\u00e4. N\u00e4ytelm\u00e4 k\u00e4sittelee rohkeutta uskoa itseens\u00e4 \u0096 silloinkin kun ymp\u00e4rist\u00f6 ep\u00e4ilee \u0096 mutta my\u00f6s sit\u00e4, miten suhtaudumme tuntemattomaan sek\u00e4 kulttuurin merkityst\u00e4 yhteiskunnassamme. Ensi-ilta 27. syyskuuta.<br \/>\nRuotsalaisen n\u00e4ytelm\u00e4kirjailijan Stefan Lindbergin Ulkoavaruuden lapset saa ensi-iltansa Unga Teaternissa 27. syyskuuta 2025. Teatterinjohtaja ja ohjaaja Matti Raita kuvailee n\u00e4ytelm\u00e4\u00e4 arjen realismin ja mystisten, fantastisten elementtien yhdistelm\u00e4ksi.<br \/>\n\u0096 T\u00e4ysin tunnistettavan perheen arkeen tupsahtaa avaruusolentoja ja koko el\u00e4m\u00e4 mullistuu. Siit\u00e4 syntyy tarina, joka on j\u00e4nnitt\u00e4v\u00e4 mutta sis\u00e4lt\u00e4\u00e4 my\u00f6s syv\u00e4llisi\u00e4 teemoja: Miten suhtaudumme tuntemattomaan? Kehen uskomme \u0096 ja miksi pelk\u00e4\u00e4mme asioita, joita emme tunne? Uskon, ett\u00e4 n\u00e4ytelm\u00e4 nostaa esiin jotakin universaalia tavastamme k\u00e4sitell\u00e4 asioita, joita emme ymm\u00e4rr\u00e4 tai pysty hallitsemaan \u0096 ja t\u00e4m\u00e4 teema on t\u00e4n\u00e4 p\u00e4iv\u00e4n\u00e4 ajankohtaisempi kuin koskaan.<br \/>\nH\u00e4n toivoo, ett\u00e4 lapset ja nuoret kokevat, ett\u00e4 heid\u00e4n n\u00e4k\u00f6kulmansa ja ajatuksensa ovat t\u00e4rkeit\u00e4, kun kaksi eri planeetoilta kotoisin olevaa lasta, Babo ja Piku, kohtaavat n\u00e4ytelm\u00e4ss\u00e4.<br \/>\n\u0096 N\u00e4ytelm\u00e4n Piku kokee, ett\u00e4 aikuiset ep\u00e4ilev\u00e4t h\u00e4nen kertomustaan avaruusolennoista \u0096 mutta h\u00e4n pysyy kannassaan ja uskaltaa seurata omaa vakaumustaan. Toivon, ett\u00e4 nuoret saavat n\u00e4ytelm\u00e4st\u00e4 mukaansa rohkeutta luottaa omaan mielikuvitukseensa ja kykyihins\u00e4, silloinkin kun ymp\u00e4rist\u00f6 ep\u00e4ilee. Ja aikuisille n\u00e4ytelm\u00e4 voi olla muistutus siit\u00e4, ett\u00e4 joskus kaikkein ep\u00e4todenn\u00e4k\u00f6isimm\u00e4t tarinat sis\u00e4lt\u00e4v\u00e4t suurimmat totuudet.<br \/>\nTunne siit\u00e4, ett\u00e4 oli kuin UFO muiden joukossa, inspiroi Stefan Lindbergi\u00e4 kirjoittamaan Ulkoavaruuden lapset jo vuonna 2013. \u0096 Ja ett\u00e4 huomasin, etten ollut ainoa UFO. Ett\u00e4 toivoa on! Meit\u00e4 on useampia! N\u00e4ytelm\u00e4 k\u00e4sittelee tunnetta siit\u00e4, ett\u00e4 on erilainen tai ettei sovi joukkoon \u0096 mutta my\u00f6s sit\u00e4, miten l\u00f6yt\u00e4\u00e4 oma paikkansa maailmassa, vaikka ei ehk\u00e4 n\u00e4ytt\u00e4isik\u00e4\u00e4n samalta kuin muut, kertoo Stefan Lindberg.<br \/>\nH\u00e4n on todella iloinen, ett\u00e4 n\u00e4ytelm\u00e4 toteutetaan nyt my\u00f6s Suomessa. \u0096 T\u00e4m\u00e4 on niin hauskaa, ett\u00e4 se tuntuu ihan hullulta! Erityisesti siksi, ett\u00e4 n\u00e4ytelm\u00e4 esitet\u00e4\u00e4n sek\u00e4 suomeksi ett\u00e4 ruotsiksi. On aina j\u00e4nnitt\u00e4v\u00e4\u00e4 n\u00e4hd\u00e4, mit\u00e4 tapahtuu, kun tarina siirtyy v\u00e4h\u00e4n kauemmas itsest\u00e4. Jos k\u00e4y hyv\u00e4 tuuri, ei tunnista yht\u00e4\u00e4n mit\u00e4\u00e4n siit\u00e4 mit\u00e4 luuli tehneens\u00e4 (niin min\u00e4 aina sanon). Silloin n\u00e4yttelij\u00e4t, lavastaja, ohjaaja ja kaikki muut ovat luoneet jotain t\u00e4ysin omaa. Jolla on oikeus omaan el\u00e4m\u00e4\u00e4n. On upeaa olla osa sit\u00e4 prosessia.<br \/>\nN\u00e4ytelm\u00e4 esitet\u00e4\u00e4n sek\u00e4 suomeksi ett\u00e4 ruotsiksi. Suomenkielinen kantaesitys on 27. syyskuuta ja ruotsinkielinen ensi-ilta 31. lokakuuta.<br \/>\nEnsi-ilta: 27.9.2025 Unga Teatern, Nuijalantie 9, Espoo Ohjaus: Matti Raita N\u00e4yttelij\u00e4t: Edith Holmstr\u00f6m, Robert Kock, Stella Laine, Markus Riuttu ja Kristian Thulesius<br \/>\nLehdist\u00f6kuvat ovat ladattavissa osoitteessa: <<a href=\"https:\/\/ungateatern.fi\/fi\/medialle\/\">ungateatern.fi\/fi\/medialle\/<\/a>> Lehdist\u00f6kuvat &#8211; Ungateatern<br \/>\nLis\u00e4tietoja:<br \/>\nHelene Wallin, tiedotusvastaava, puh. 050 3302 425, <<a href=\"mailto:helene.wallin@ungateatern.fi\">mailto:<a href=\"mailto:helene.wallin@ungateatern.fi\" >helene.wallin@ungateatern.fi<\/a><\/a>> <a href=\"mailto:helene.wallin@ungateatern.fi\" >helene.wallin@ungateatern.fi<\/a><\/p>\n<div class=\"postie-attachments\"><a href=\"http:\/\/www.deski.fi\/?attachment_id=808\"><img decoding=\"async\" src=\"http:\/\/www.deski.fi\/wp-content\/uploads\/2025\/06\/UlkoavaruudenLapset_FB-EVENT_Jenny_Haapimaa-300x157.jpg\" alt=\"\" width=\"300px\" height=\"157px\" class=\"alignnone size-medium wp-image-808\" srcset=\"https:\/\/www.deski.fi\/wp-content\/uploads\/2025\/06\/UlkoavaruudenLapset_FB-EVENT_Jenny_Haapimaa-300x157.jpg 300w, https:\/\/www.deski.fi\/wp-content\/uploads\/2025\/06\/UlkoavaruudenLapset_FB-EVENT_Jenny_Haapimaa-1024x536.jpg 1024w, https:\/\/www.deski.fi\/wp-content\/uploads\/2025\/06\/UlkoavaruudenLapset_FB-EVENT_Jenny_Haapimaa-768x402.jpg 768w, https:\/\/www.deski.fi\/wp-content\/uploads\/2025\/06\/UlkoavaruudenLapset_FB-EVENT_Jenny_Haapimaa-1536x804.jpg 1536w, https:\/\/www.deski.fi\/wp-content\/uploads\/2025\/06\/UlkoavaruudenLapset_FB-EVENT_Jenny_Haapimaa-1000x523.jpg 1000w, https:\/\/www.deski.fi\/wp-content\/uploads\/2025\/06\/UlkoavaruudenLapset_FB-EVENT_Jenny_Haapimaa-230x120.jpg 230w, https:\/\/www.deski.fi\/wp-content\/uploads\/2025\/06\/UlkoavaruudenLapset_FB-EVENT_Jenny_Haapimaa-350x183.jpg 350w, https:\/\/www.deski.fi\/wp-content\/uploads\/2025\/06\/UlkoavaruudenLapset_FB-EVENT_Jenny_Haapimaa-480x251.jpg 480w, https:\/\/www.deski.fi\/wp-content\/uploads\/2025\/06\/UlkoavaruudenLapset_FB-EVENT_Jenny_Haapimaa.jpg 1920w\" sizes=\"(max-width: 300px) 100vw, 300px\" \/><\/a><br \/>\n<a href=\"http:\/\/www.deski.fi\/?attachment_id=809\"><img decoding=\"async\" src=\"http:\/\/www.deski.fi\/wp-content\/uploads\/2025\/06\/Stefan-Lindberg-200x300.jpg\" alt=\"\" width=\"200px\" height=\"300px\" class=\"alignnone size-medium wp-image-809\" srcset=\"https:\/\/www.deski.fi\/wp-content\/uploads\/2025\/06\/Stefan-Lindberg-200x300.jpg 200w, https:\/\/www.deski.fi\/wp-content\/uploads\/2025\/06\/Stefan-Lindberg-683x1024.jpg 683w, https:\/\/www.deski.fi\/wp-content\/uploads\/2025\/06\/Stefan-Lindberg-768x1152.jpg 768w, https:\/\/www.deski.fi\/wp-content\/uploads\/2025\/06\/Stefan-Lindberg-1024x1536.jpg 1024w, https:\/\/www.deski.fi\/wp-content\/uploads\/2025\/06\/Stefan-Lindberg-1365x2048.jpg 1365w, https:\/\/www.deski.fi\/wp-content\/uploads\/2025\/06\/Stefan-Lindberg-1000x1500.jpg 1000w, https:\/\/www.deski.fi\/wp-content\/uploads\/2025\/06\/Stefan-Lindberg-230x345.jpg 230w, https:\/\/www.deski.fi\/wp-content\/uploads\/2025\/06\/Stefan-Lindberg-350x525.jpg 350w, https:\/\/www.deski.fi\/wp-content\/uploads\/2025\/06\/Stefan-Lindberg-480x720.jpg 480w, https:\/\/www.deski.fi\/wp-content\/uploads\/2025\/06\/Stefan-Lindberg-scaled.jpg 1707w\" sizes=\"(max-width: 200px) 100vw, 200px\" \/><\/a><\/div>\n<\/div>\n","protected":false},"excerpt":{"rendered":"<p>Lehdist\u00f6tiedote \u0096 Unga Teatern 24.4.2025 Ulkoavaruuden lapset saa ensi-iltansa Unga Teaternissa syksyll\u00e4 Ulkoavaruuden lapset on tarina tavallisesta perheest\u00e4, jonka el\u00e4m\u00e4 j\u00e4rkkyy, kun avaruusolennot ilmestyv\u00e4t heid\u00e4n el\u00e4m\u00e4\u00e4ns\u00e4. N\u00e4ytelm\u00e4 k\u00e4sittelee rohkeutta uskoa itseens\u00e4 \u0096 silloinkin [&hellip;]<\/p>\n","protected":false},"author":1,"featured_media":808,"comment_status":"closed","ping_status":"open","sticky":false,"template":"","format":"standard","meta":{"_jetpack_memberships_contains_paid_content":false,"footnotes":""},"categories":[12,13],"tags":[],"class_list":["post-807","post","type-post","status-publish","format-standard","has-post-thumbnail","hentry","category-taide","category-viihde"],"yoast_head":"<!-- This site is optimized with the Yoast SEO plugin v27.4 - https:\/\/yoast.com\/product\/yoast-seo-wordpress\/ -->\n<title>Ulkoavaruuden lapset saa ensi-iltansa Unga Teaternissa syksyll\u00e4 - deski.fi<\/title>\n<meta name=\"robots\" content=\"index, follow, max-snippet:-1, max-image-preview:large, max-video-preview:-1\" \/>\n<link rel=\"canonical\" href=\"https:\/\/www.deski.fi\/?p=807\" \/>\n<meta property=\"og:locale\" content=\"fi_FI\" \/>\n<meta property=\"og:type\" content=\"article\" \/>\n<meta property=\"og:title\" content=\"Ulkoavaruuden lapset saa ensi-iltansa Unga Teaternissa syksyll\u00e4 - deski.fi\" \/>\n<meta property=\"og:description\" content=\"Lehdist\u00f6tiedote \u0096 Unga Teatern 24.4.2025 Ulkoavaruuden lapset saa ensi-iltansa Unga Teaternissa syksyll\u00e4 Ulkoavaruuden lapset on tarina tavallisesta perheest\u00e4, jonka el\u00e4m\u00e4 j\u00e4rkkyy, kun avaruusolennot ilmestyv\u00e4t heid\u00e4n el\u00e4m\u00e4\u00e4ns\u00e4. N\u00e4ytelm\u00e4 k\u00e4sittelee rohkeutta uskoa itseens\u00e4 \u0096 silloinkin [&hellip;]\" \/>\n<meta property=\"og:url\" content=\"https:\/\/www.deski.fi\/?p=807\" \/>\n<meta property=\"og:site_name\" content=\"deski.fi\" \/>\n<meta property=\"article:published_time\" content=\"2025-04-24T10:30:00+00:00\" \/>\n<meta property=\"article:modified_time\" content=\"2025-06-06T15:26:50+00:00\" \/>\n<meta property=\"og:image\" content=\"https:\/\/www.deski.fi\/wp-content\/uploads\/2025\/06\/UlkoavaruudenLapset_FB-EVENT_Jenny_Haapimaa.jpg\" \/>\n\t<meta property=\"og:image:width\" content=\"1920\" \/>\n\t<meta property=\"og:image:height\" content=\"1005\" \/>\n\t<meta property=\"og:image:type\" content=\"image\/jpeg\" \/>\n<meta name=\"author\" content=\"deski\" \/>\n<meta name=\"twitter:card\" content=\"summary_large_image\" \/>\n<meta name=\"twitter:label1\" content=\"Kirjoittanut\" \/>\n\t<meta name=\"twitter:data1\" content=\"deski\" \/>\n\t<meta name=\"twitter:label2\" content=\"Arvioitu lukuaika\" \/>\n\t<meta name=\"twitter:data2\" content=\"4 minuuttia\" \/>\n<script type=\"application\/ld+json\" class=\"yoast-schema-graph\">{\"@context\":\"https:\\\/\\\/schema.org\",\"@graph\":[{\"@type\":\"Article\",\"@id\":\"https:\\\/\\\/www.deski.fi\\\/?p=807#article\",\"isPartOf\":{\"@id\":\"https:\\\/\\\/www.deski.fi\\\/?p=807\"},\"author\":{\"name\":\"deski\",\"@id\":\"https:\\\/\\\/www.deski.fi\\\/#\\\/schema\\\/person\\\/8bd75e57167679d4a7655a115984c5cc\"},\"headline\":\"Ulkoavaruuden lapset saa ensi-iltansa Unga Teaternissa syksyll\u00e4\",\"datePublished\":\"2025-04-24T10:30:00+00:00\",\"dateModified\":\"2025-06-06T15:26:50+00:00\",\"mainEntityOfPage\":{\"@id\":\"https:\\\/\\\/www.deski.fi\\\/?p=807\"},\"wordCount\":487,\"image\":{\"@id\":\"https:\\\/\\\/www.deski.fi\\\/?p=807#primaryimage\"},\"thumbnailUrl\":\"https:\\\/\\\/www.deski.fi\\\/wp-content\\\/uploads\\\/2025\\\/06\\\/UlkoavaruudenLapset_FB-EVENT_Jenny_Haapimaa.jpg\",\"articleSection\":[\"Taide\",\"Viihde\"],\"inLanguage\":\"fi\"},{\"@type\":\"WebPage\",\"@id\":\"https:\\\/\\\/www.deski.fi\\\/?p=807\",\"url\":\"https:\\\/\\\/www.deski.fi\\\/?p=807\",\"name\":\"Ulkoavaruuden lapset saa ensi-iltansa Unga Teaternissa syksyll\u00e4 - deski.fi\",\"isPartOf\":{\"@id\":\"https:\\\/\\\/www.deski.fi\\\/#website\"},\"primaryImageOfPage\":{\"@id\":\"https:\\\/\\\/www.deski.fi\\\/?p=807#primaryimage\"},\"image\":{\"@id\":\"https:\\\/\\\/www.deski.fi\\\/?p=807#primaryimage\"},\"thumbnailUrl\":\"https:\\\/\\\/www.deski.fi\\\/wp-content\\\/uploads\\\/2025\\\/06\\\/UlkoavaruudenLapset_FB-EVENT_Jenny_Haapimaa.jpg\",\"datePublished\":\"2025-04-24T10:30:00+00:00\",\"dateModified\":\"2025-06-06T15:26:50+00:00\",\"author\":{\"@id\":\"https:\\\/\\\/www.deski.fi\\\/#\\\/schema\\\/person\\\/8bd75e57167679d4a7655a115984c5cc\"},\"breadcrumb\":{\"@id\":\"https:\\\/\\\/www.deski.fi\\\/?p=807#breadcrumb\"},\"inLanguage\":\"fi\",\"potentialAction\":[{\"@type\":\"ReadAction\",\"target\":[\"https:\\\/\\\/www.deski.fi\\\/?p=807\"]}]},{\"@type\":\"ImageObject\",\"inLanguage\":\"fi\",\"@id\":\"https:\\\/\\\/www.deski.fi\\\/?p=807#primaryimage\",\"url\":\"https:\\\/\\\/www.deski.fi\\\/wp-content\\\/uploads\\\/2025\\\/06\\\/UlkoavaruudenLapset_FB-EVENT_Jenny_Haapimaa.jpg\",\"contentUrl\":\"https:\\\/\\\/www.deski.fi\\\/wp-content\\\/uploads\\\/2025\\\/06\\\/UlkoavaruudenLapset_FB-EVENT_Jenny_Haapimaa.jpg\",\"width\":1920,\"height\":1005},{\"@type\":\"BreadcrumbList\",\"@id\":\"https:\\\/\\\/www.deski.fi\\\/?p=807#breadcrumb\",\"itemListElement\":[{\"@type\":\"ListItem\",\"position\":1,\"name\":\"Etusivu\",\"item\":\"https:\\\/\\\/www.deski.fi\\\/\"},{\"@type\":\"ListItem\",\"position\":2,\"name\":\"Ulkoavaruuden lapset saa ensi-iltansa Unga Teaternissa syksyll\u00e4\"}]},{\"@type\":\"WebSite\",\"@id\":\"https:\\\/\\\/www.deski.fi\\\/#website\",\"url\":\"https:\\\/\\\/www.deski.fi\\\/\",\"name\":\"deski.fi\",\"description\":\"Kaikki tiedotteet yhdess&auml; paikassa.\",\"potentialAction\":[{\"@type\":\"SearchAction\",\"target\":{\"@type\":\"EntryPoint\",\"urlTemplate\":\"https:\\\/\\\/www.deski.fi\\\/?s={search_term_string}\"},\"query-input\":{\"@type\":\"PropertyValueSpecification\",\"valueRequired\":true,\"valueName\":\"search_term_string\"}}],\"inLanguage\":\"fi\"},{\"@type\":\"Person\",\"@id\":\"https:\\\/\\\/www.deski.fi\\\/#\\\/schema\\\/person\\\/8bd75e57167679d4a7655a115984c5cc\",\"name\":\"deski\",\"image\":{\"@type\":\"ImageObject\",\"inLanguage\":\"fi\",\"@id\":\"https:\\\/\\\/secure.gravatar.com\\\/avatar\\\/c0990e16eceeb9f9e57c62830d9dbc4a49e1be722381d63aee238afb4a7fbe91?s=96&d=mm&r=g\",\"url\":\"https:\\\/\\\/secure.gravatar.com\\\/avatar\\\/c0990e16eceeb9f9e57c62830d9dbc4a49e1be722381d63aee238afb4a7fbe91?s=96&d=mm&r=g\",\"contentUrl\":\"https:\\\/\\\/secure.gravatar.com\\\/avatar\\\/c0990e16eceeb9f9e57c62830d9dbc4a49e1be722381d63aee238afb4a7fbe91?s=96&d=mm&r=g\",\"caption\":\"deski\"},\"sameAs\":[\"http:\\\/\\\/www.deski.fi\"],\"url\":\"https:\\\/\\\/www.deski.fi\\\/?author=1\"}]}<\/script>\n<!-- \/ Yoast SEO plugin. -->","yoast_head_json":{"title":"Ulkoavaruuden lapset saa ensi-iltansa Unga Teaternissa syksyll\u00e4 - deski.fi","robots":{"index":"index","follow":"follow","max-snippet":"max-snippet:-1","max-image-preview":"max-image-preview:large","max-video-preview":"max-video-preview:-1"},"canonical":"https:\/\/www.deski.fi\/?p=807","og_locale":"fi_FI","og_type":"article","og_title":"Ulkoavaruuden lapset saa ensi-iltansa Unga Teaternissa syksyll\u00e4 - deski.fi","og_description":"Lehdist\u00f6tiedote \u0096 Unga Teatern 24.4.2025 Ulkoavaruuden lapset saa ensi-iltansa Unga Teaternissa syksyll\u00e4 Ulkoavaruuden lapset on tarina tavallisesta perheest\u00e4, jonka el\u00e4m\u00e4 j\u00e4rkkyy, kun avaruusolennot ilmestyv\u00e4t heid\u00e4n el\u00e4m\u00e4\u00e4ns\u00e4. N\u00e4ytelm\u00e4 k\u00e4sittelee rohkeutta uskoa itseens\u00e4 \u0096 silloinkin [&hellip;]","og_url":"https:\/\/www.deski.fi\/?p=807","og_site_name":"deski.fi","article_published_time":"2025-04-24T10:30:00+00:00","article_modified_time":"2025-06-06T15:26:50+00:00","og_image":[{"width":1920,"height":1005,"url":"https:\/\/www.deski.fi\/wp-content\/uploads\/2025\/06\/UlkoavaruudenLapset_FB-EVENT_Jenny_Haapimaa.jpg","type":"image\/jpeg"}],"author":"deski","twitter_card":"summary_large_image","twitter_misc":{"Kirjoittanut":"deski","Arvioitu lukuaika":"4 minuuttia"},"schema":{"@context":"https:\/\/schema.org","@graph":[{"@type":"Article","@id":"https:\/\/www.deski.fi\/?p=807#article","isPartOf":{"@id":"https:\/\/www.deski.fi\/?p=807"},"author":{"name":"deski","@id":"https:\/\/www.deski.fi\/#\/schema\/person\/8bd75e57167679d4a7655a115984c5cc"},"headline":"Ulkoavaruuden lapset saa ensi-iltansa Unga Teaternissa syksyll\u00e4","datePublished":"2025-04-24T10:30:00+00:00","dateModified":"2025-06-06T15:26:50+00:00","mainEntityOfPage":{"@id":"https:\/\/www.deski.fi\/?p=807"},"wordCount":487,"image":{"@id":"https:\/\/www.deski.fi\/?p=807#primaryimage"},"thumbnailUrl":"https:\/\/www.deski.fi\/wp-content\/uploads\/2025\/06\/UlkoavaruudenLapset_FB-EVENT_Jenny_Haapimaa.jpg","articleSection":["Taide","Viihde"],"inLanguage":"fi"},{"@type":"WebPage","@id":"https:\/\/www.deski.fi\/?p=807","url":"https:\/\/www.deski.fi\/?p=807","name":"Ulkoavaruuden lapset saa ensi-iltansa Unga Teaternissa syksyll\u00e4 - deski.fi","isPartOf":{"@id":"https:\/\/www.deski.fi\/#website"},"primaryImageOfPage":{"@id":"https:\/\/www.deski.fi\/?p=807#primaryimage"},"image":{"@id":"https:\/\/www.deski.fi\/?p=807#primaryimage"},"thumbnailUrl":"https:\/\/www.deski.fi\/wp-content\/uploads\/2025\/06\/UlkoavaruudenLapset_FB-EVENT_Jenny_Haapimaa.jpg","datePublished":"2025-04-24T10:30:00+00:00","dateModified":"2025-06-06T15:26:50+00:00","author":{"@id":"https:\/\/www.deski.fi\/#\/schema\/person\/8bd75e57167679d4a7655a115984c5cc"},"breadcrumb":{"@id":"https:\/\/www.deski.fi\/?p=807#breadcrumb"},"inLanguage":"fi","potentialAction":[{"@type":"ReadAction","target":["https:\/\/www.deski.fi\/?p=807"]}]},{"@type":"ImageObject","inLanguage":"fi","@id":"https:\/\/www.deski.fi\/?p=807#primaryimage","url":"https:\/\/www.deski.fi\/wp-content\/uploads\/2025\/06\/UlkoavaruudenLapset_FB-EVENT_Jenny_Haapimaa.jpg","contentUrl":"https:\/\/www.deski.fi\/wp-content\/uploads\/2025\/06\/UlkoavaruudenLapset_FB-EVENT_Jenny_Haapimaa.jpg","width":1920,"height":1005},{"@type":"BreadcrumbList","@id":"https:\/\/www.deski.fi\/?p=807#breadcrumb","itemListElement":[{"@type":"ListItem","position":1,"name":"Etusivu","item":"https:\/\/www.deski.fi\/"},{"@type":"ListItem","position":2,"name":"Ulkoavaruuden lapset saa ensi-iltansa Unga Teaternissa syksyll\u00e4"}]},{"@type":"WebSite","@id":"https:\/\/www.deski.fi\/#website","url":"https:\/\/www.deski.fi\/","name":"deski.fi","description":"Kaikki tiedotteet yhdess&auml; paikassa.","potentialAction":[{"@type":"SearchAction","target":{"@type":"EntryPoint","urlTemplate":"https:\/\/www.deski.fi\/?s={search_term_string}"},"query-input":{"@type":"PropertyValueSpecification","valueRequired":true,"valueName":"search_term_string"}}],"inLanguage":"fi"},{"@type":"Person","@id":"https:\/\/www.deski.fi\/#\/schema\/person\/8bd75e57167679d4a7655a115984c5cc","name":"deski","image":{"@type":"ImageObject","inLanguage":"fi","@id":"https:\/\/secure.gravatar.com\/avatar\/c0990e16eceeb9f9e57c62830d9dbc4a49e1be722381d63aee238afb4a7fbe91?s=96&d=mm&r=g","url":"https:\/\/secure.gravatar.com\/avatar\/c0990e16eceeb9f9e57c62830d9dbc4a49e1be722381d63aee238afb4a7fbe91?s=96&d=mm&r=g","contentUrl":"https:\/\/secure.gravatar.com\/avatar\/c0990e16eceeb9f9e57c62830d9dbc4a49e1be722381d63aee238afb4a7fbe91?s=96&d=mm&r=g","caption":"deski"},"sameAs":["http:\/\/www.deski.fi"],"url":"https:\/\/www.deski.fi\/?author=1"}]}},"jetpack_featured_media_url":"https:\/\/www.deski.fi\/wp-content\/uploads\/2025\/06\/UlkoavaruudenLapset_FB-EVENT_Jenny_Haapimaa.jpg","jetpack_sharing_enabled":true,"_links":{"self":[{"href":"https:\/\/www.deski.fi\/index.php?rest_route=\/wp\/v2\/posts\/807","targetHints":{"allow":["GET"]}}],"collection":[{"href":"https:\/\/www.deski.fi\/index.php?rest_route=\/wp\/v2\/posts"}],"about":[{"href":"https:\/\/www.deski.fi\/index.php?rest_route=\/wp\/v2\/types\/post"}],"author":[{"embeddable":true,"href":"https:\/\/www.deski.fi\/index.php?rest_route=\/wp\/v2\/users\/1"}],"replies":[{"embeddable":true,"href":"https:\/\/www.deski.fi\/index.php?rest_route=%2Fwp%2Fv2%2Fcomments&post=807"}],"version-history":[{"count":1,"href":"https:\/\/www.deski.fi\/index.php?rest_route=\/wp\/v2\/posts\/807\/revisions"}],"predecessor-version":[{"id":856,"href":"https:\/\/www.deski.fi\/index.php?rest_route=\/wp\/v2\/posts\/807\/revisions\/856"}],"wp:featuredmedia":[{"embeddable":true,"href":"https:\/\/www.deski.fi\/index.php?rest_route=\/wp\/v2\/media\/808"}],"wp:attachment":[{"href":"https:\/\/www.deski.fi\/index.php?rest_route=%2Fwp%2Fv2%2Fmedia&parent=807"}],"wp:term":[{"taxonomy":"category","embeddable":true,"href":"https:\/\/www.deski.fi\/index.php?rest_route=%2Fwp%2Fv2%2Fcategories&post=807"},{"taxonomy":"post_tag","embeddable":true,"href":"https:\/\/www.deski.fi\/index.php?rest_route=%2Fwp%2Fv2%2Ftags&post=807"}],"curies":[{"name":"wp","href":"https:\/\/api.w.org\/{rel}","templated":true}]}}