{"id":799,"date":"2025-06-05T13:28:27","date_gmt":"2025-06-05T10:28:27","guid":{"rendered":"http:\/\/www.deski.fi\/?p=799"},"modified":"2025-06-05T13:32:35","modified_gmt":"2025-06-05T10:32:35","slug":"anneli-kannon-uusi-musiikkirevyy-saa-kantaesityksensa-5-11-25","status":"publish","type":"post","link":"https:\/\/www.deski.fi\/?p=799","title":{"rendered":"Anneli Kannon uusi musiikkirevyy saa kantaesityksens\u00e4 5.11.25"},"content":{"rendered":"<div class=\"postie-post\">S\u00f6rkka svengaa Greta Tuotannon ja Musiikkiteatteri Kaps\u00e4kin yhteisty\u00f6<\/p>\n<p> <<a href=\"https:\/\/www.emaileri.fi\/g\/u\/5437556\/88289976\/2557913\/9997\/3169\/0\/\">www.emaileri.fi\/g\/u\/5437556\/88289976\/2557913\/9997\/3169\/0\/<\/a>><\/p>\n<p> LEHDIST\u00d6TIEDOTE &#8211; vapaa julkaistavaksi<\/p>\n<p>Anneli Kannon k\u00e4sikirjoittama S\u00f6rkka svengaa -musiikkirevyy saa kantaesityksens\u00e4 5.11.2025<br \/>\nGreta Tuotannon ja Musiikkiteatteri Kaps\u00e4kin \u201cS\u00f6rkka svengaa\u201d on kuplivan riehakas revyy 1920-luvun Helsingist\u00e4. Anneli Kannon k\u00e4sikirjoittama, Marko Puron s\u00e4velt\u00e4m\u00e4 ja Reetta Ristima\u0308en ohjaama uutuus saa ensi-iltansa 5.11.2025 Musiikkiteatteri Kaps\u00e4kiss\u00e4.<br \/>\nTeos sijoittuu 1920-luvun Helsinkiin, kieltolain aikaan, jolloin maailma oli nuori, toiveikas ja vaarallinen. Ikkunat avattiin Eurooppaan, Suomeen vy\u00f6ryi Virosta viinaa ja Amerikasta jazz. Esityksen tapahtumapaikka on S\u00f6rkassa sijaitseva ravintola Paratiisi, jossa kokoontuvat salakuljettajat, muusikot, modernit jatsityt\u00f6t sek\u00e4 nuori Mika Waltari. Kupissa kuplii kova tee ja jazzin schwungi saa jalat vispaamaan.<br \/>\nTarjoilija Eevan syd\u00e4n pompahtaa, kun kauan vankilassa istunut sulhanen Ema palaa yll\u00e4tt\u00e4en kulmille vanhaan tyyliins\u00e4 puukko taskussaan. L\u00f6yt\u00e4\u00e4k\u00f6 nuuskija viinapiilon ja kuinka k\u00e4y romantiikann\u00e4lk\u00e4isen diakonissan? Rosoisen S\u00f6rkan porttikongeissa vaanivat rakkaus ja kuolema.<br \/>\nEsitys on hilpea\u0308 ja koskettava kuvaus ela\u0308ma\u0308n menosta So\u0308rna\u0308inen-Vallilan seudulla sata vuotta sitten. Teoksen historiallinen viitekehys on huolella tutkittu ja kuriositeettina esityksessa\u0308 kuullaan aitoa sakilaisten kielta\u0308, jota Kapsa\u0308kin kulmilla noihin aikoihin puhuttiin.<br \/>\nEsityksen k\u00e4sikirjoittaja Anneli Kanto on yksi Suomen tunnetuimmista kirjailijoista, jonka teoksiin lukeutuvat mm. Veriruusut (2008), Rottien pyhimys (2021) ja Haihtuneet (2023). Esityksen ohjaaja Reetta Ristim\u00e4en ja Anneli Kannon aikaisempaa yhteisty\u00f6t\u00e4, Rottien pyhimys \u2013musikaalia on esitetty vuodesta 2023 t\u00e4ysille katsomoille. Teoksen s\u00e4velt\u00e4j\u00e4 Marko Puro on s\u00e4velt\u00e4nyt lukuisia musiikkiteatteriesityksi\u00e4, kuten kritiikoiden ylist\u00e4m\u00e4n musiikkin\u00e4ytelm\u00e4n Brechti\u00e4 jokanaiselle (2022). Lavalla loistavat n\u00e4yttelij\u00e4t ja muusikot Karlo Haapiainen, Henrik Hammarberg, Juha Hostikka, Linda Ha\u0308ma\u0308la\u0308inen, Marko Puro ja Hanna Vahtikari.<br \/>\nS\u00f6rkka svengaa -musiikkirevyy ensi-ilta 5.11.2025 klo 18:30 Musiikkiteatteri Kaps\u00e4kiss\u00e4.<br \/>\nMuut esitykset: 7.11.-13.12.2025<br \/>\nRooleissa: Karlo Haapiainen, Henrik Hammarberg, Juha Hostikka, Linda Ha\u0308ma\u0308la\u0308inen, Marko Puro ja Hanna Vahtikari K\u00e4sikirjoitus: Anneli Kanto Ohjaus ja taiteellinen konseptisuunnittelu: Reetta Ristim\u00e4ki S\u00e4vellys ja musiikin johtaminen: Marko Puro Valo- ja lavastussuunnittelu: Janne Teivainen \u00c4\u00e4nisuunnittelu: Max Marshall Tuotanto: Greta Tuotanto ja Musiikkiteatteri Kaps\u00e4kki Kuva: Nils Krogell<br \/>\nLis\u00e4tietoja ja haastattelupyynn\u00f6t:<br \/>\nReetta Ristim\u00e4ki, teatterinjohtaja Musiikkiteatteri Greta Tuotanto <a href=\"mailto:reetta.ristimaki@gretatuotanto.fi\" >reetta.ristimaki@gretatuotanto.fi<\/a> <<a href=\"mailto:reetta.ristimaki@gretatuotanto.fi\">mailto:<a href=\"mailto:reetta.ristimaki@gretatuotanto.fi\" >reetta.ristimaki@gretatuotanto.fi<\/a><\/a>> p. 050 3803050<\/p>\n<p><<a href=\"https:\/\/www.emaileri.fi\/g\/f\/2838879\/88289976\/2557913\/9997\/3169\/0\">www.emaileri.fi\/g\/f\/2838879\/88289976\/2557913\/9997\/3169\/0<\/a>> S\u00f6rkka svengaa -kuva<\/p>\n<p><<a href=\"https:\/\/www.emaileri.fi\/g\/u\/5437101\/88289976\/2557913\/9997\/3169\/0\/\">www.emaileri.fi\/g\/u\/5437101\/88289976\/2557913\/9997\/3169\/0\/<\/a>><\/p>\n<p><<a href=\"https:\/\/www.emaileri.fi\/g\/u\/5437102\/88289976\/2557913\/9997\/3169\/0\/\">www.emaileri.fi\/g\/u\/5437102\/88289976\/2557913\/9997\/3169\/0\/<\/a>> Greta Tuotanto<\/p>\n<p><<a href=\"https:\/\/www.emaileri.fi\/g\/u\/5437103\/88289976\/2557913\/9997\/3169\/0\/\">www.emaileri.fi\/g\/u\/5437103\/88289976\/2557913\/9997\/3169\/0\/<\/a>><\/p>\n<p><<a href=\"https:\/\/www.emaileri.fi\/g\/u\/5437104\/88289976\/2557913\/9997\/3169\/0\/\">www.emaileri.fi\/g\/u\/5437104\/88289976\/2557913\/9997\/3169\/0\/<\/a>> Greta Tuotanto<\/p>\n<p><<a href=\"https:\/\/www.emaileri.fi\/g\/u\/5437105\/88289976\/2557913\/9997\/3169\/0\/\">www.emaileri.fi\/g\/u\/5437105\/88289976\/2557913\/9997\/3169\/0\/<\/a>><\/p>\n<p><<a href=\"https:\/\/www.emaileri.fi\/g\/u\/5437106\/88289976\/2557913\/9997\/3169\/0\/\">www.emaileri.fi\/g\/u\/5437106\/88289976\/2557913\/9997\/3169\/0\/<\/a>> Greta Tuotanto<\/p>\n<p><<a href=\"https:\/\/www.emaileri.fi\/g\/u\/5437107\/88289976\/2557913\/9997\/3169\/0\/\">www.emaileri.fi\/g\/u\/5437107\/88289976\/2557913\/9997\/3169\/0\/<\/a>><\/p>\n<p><<a href=\"https:\/\/www.emaileri.fi\/g\/u\/5437108\/88289976\/2557913\/9997\/3169\/0\/\">www.emaileri.fi\/g\/u\/5437108\/88289976\/2557913\/9997\/3169\/0\/<\/a>> <a href=\"http:\/\/www.gretatuotanto.fi\">www.gretatuotanto.fi<\/a><br \/>\n<<a href=\"https:\/\/www.emaileri.fi\/g\/u\/5437109\/88289976\/2557913\/9997\/3169\/0\/\">www.emaileri.fi\/g\/u\/5437109\/88289976\/2557913\/9997\/3169\/0\/<\/a>> Greta Tuotanto Oy Korkeavuorenkatu 3 A 12 Helsinki 00140 Finland<br \/>\n<<a href=\"mailto:info@gretatuotanto.fi\">mailto:<a href=\"mailto:info@gretatuotanto.fi\" >info@gretatuotanto.fi<\/a><\/a>> <a href=\"mailto:info@gretatuotanto.fi\" >info@gretatuotanto.fi<\/a><br \/>\n<<a href=\"https:\/\/www.emaileri.fi\/g\/u\/5437110\/88289976\/2557913\/9997\/3169\/0\/\">www.emaileri.fi\/g\/u\/5437110\/88289976\/2557913\/9997\/3169\/0\/<\/a>> Tilaa uutiskirje<\/p>\n<p>Osoitel\u00e4hde: Greta Tuotannon asiakasrekisteri ja internetin julkiset l\u00e4hteet.<br \/>\n K\u00e4sittelemme henkil\u00f6tietojasi tietoturvallisesti -tutustu tietosuojaselosteeseemme  <<a href=\"https:\/\/www.emaileri.fi\/g\/r\/384978\/88289976\/2557913\/9997\/3169\/0\">www.emaileri.fi\/g\/r\/384978\/88289976\/2557913\/9997\/3169\/0<\/a>> t\u00e4st\u00e4<br \/>\n Jos et haluat saada meilt\u00e4 enemp\u00e4\u00e4 viestej\u00e4,  <<a href=\"https:\/\/www.emaileri.fi\/g\/c\/384978\/88289976\/2557913\/9997\/3169\/0\">www.emaileri.fi\/g\/c\/384978\/88289976\/2557913\/9997\/3169\/0<\/a>> klikkaa t\u00e4st\u00e4.<\/p>\n<p>Copyright \u00a9 2025 Greta Tuotanto, kaikki oikeudet pid\u00e4tet\u00e4\u00e4n.<\/p>\n<p><<a href=\"https:\/\/stat.emaileri.fi\/st.php?p=88289976;2557913;9997;3169;0\">stat.emaileri.fi\/st.php?p=88289976;2557913;9997;3169;0<\/a>><\/p>\n<div class=\"postie-attachments\"><a href=\"http:\/\/www.deski.fi\/?attachment_id=800\"><img decoding=\"async\" src=\"http:\/\/www.deski.fi\/wp-content\/uploads\/2025\/06\/1.gif\" alt=\"\" width=\"100px\" height=\"1px\" class=\"alignnone size-medium wp-image-800\" \/><\/a><\/div>\n<\/div>\n","protected":false},"excerpt":{"rendered":"<p>S\u00f6rkka svengaa Greta Tuotannon ja Musiikkiteatteri Kaps\u00e4kin yhteisty\u00f6 LEHDIST\u00d6TIEDOTE &#8211; vapaa julkaistavaksi Anneli Kannon k\u00e4sikirjoittama S\u00f6rkka svengaa -musiikkirevyy saa kantaesityksens\u00e4 5.11.2025 Greta Tuotannon ja Musiikkiteatteri Kaps\u00e4kin \u201cS\u00f6rkka svengaa\u201d on kuplivan riehakas revyy 1920-luvun [&hellip;]<\/p>\n","protected":false},"author":1,"featured_media":800,"comment_status":"closed","ping_status":"open","sticky":false,"template":"","format":"standard","meta":{"_jetpack_memberships_contains_paid_content":false,"footnotes":""},"categories":[1],"tags":[],"class_list":["post-799","post","type-post","status-publish","format-standard","has-post-thumbnail","hentry","category-luokittelematon"],"yoast_head":"<!-- This site is optimized with the Yoast SEO plugin v27.4 - https:\/\/yoast.com\/product\/yoast-seo-wordpress\/ -->\n<title>Anneli Kannon uusi musiikkirevyy saa kantaesityksens\u00e4 5.11.25 - deski.fi<\/title>\n<meta name=\"robots\" content=\"index, follow, max-snippet:-1, max-image-preview:large, max-video-preview:-1\" \/>\n<link rel=\"canonical\" href=\"https:\/\/www.deski.fi\/?p=799\" \/>\n<meta property=\"og:locale\" content=\"fi_FI\" \/>\n<meta property=\"og:type\" content=\"article\" \/>\n<meta property=\"og:title\" content=\"Anneli Kannon uusi musiikkirevyy saa kantaesityksens\u00e4 5.11.25 - deski.fi\" \/>\n<meta property=\"og:description\" content=\"S\u00f6rkka svengaa Greta Tuotannon ja Musiikkiteatteri Kaps\u00e4kin yhteisty\u00f6 LEHDIST\u00d6TIEDOTE &#8211; vapaa julkaistavaksi Anneli Kannon k\u00e4sikirjoittama S\u00f6rkka svengaa -musiikkirevyy saa kantaesityksens\u00e4 5.11.2025 Greta Tuotannon ja Musiikkiteatteri Kaps\u00e4kin \u201cS\u00f6rkka svengaa\u201d on kuplivan riehakas revyy 1920-luvun [&hellip;]\" \/>\n<meta property=\"og:url\" content=\"https:\/\/www.deski.fi\/?p=799\" \/>\n<meta property=\"og:site_name\" content=\"deski.fi\" \/>\n<meta property=\"article:published_time\" content=\"2025-06-05T10:28:27+00:00\" \/>\n<meta property=\"article:modified_time\" content=\"2025-06-05T10:32:35+00:00\" \/>\n<meta property=\"og:image\" content=\"https:\/\/www.deski.fi\/wp-content\/uploads\/2025\/06\/1.gif\" \/>\n\t<meta property=\"og:image:width\" content=\"100\" \/>\n\t<meta property=\"og:image:height\" content=\"1\" \/>\n\t<meta property=\"og:image:type\" content=\"image\/gif\" \/>\n<meta name=\"author\" content=\"deski\" \/>\n<meta name=\"twitter:card\" content=\"summary_large_image\" \/>\n<meta name=\"twitter:label1\" content=\"Kirjoittanut\" \/>\n\t<meta name=\"twitter:data1\" content=\"deski\" \/>\n\t<meta name=\"twitter:label2\" content=\"Arvioitu lukuaika\" \/>\n\t<meta name=\"twitter:data2\" content=\"2 minuuttia\" \/>\n<script type=\"application\/ld+json\" class=\"yoast-schema-graph\">{\"@context\":\"https:\\\/\\\/schema.org\",\"@graph\":[{\"@type\":\"Article\",\"@id\":\"https:\\\/\\\/www.deski.fi\\\/?p=799#article\",\"isPartOf\":{\"@id\":\"https:\\\/\\\/www.deski.fi\\\/?p=799\"},\"author\":{\"name\":\"deski\",\"@id\":\"https:\\\/\\\/www.deski.fi\\\/#\\\/schema\\\/person\\\/8bd75e57167679d4a7655a115984c5cc\"},\"headline\":\"Anneli Kannon uusi musiikkirevyy saa kantaesityksens\u00e4 5.11.25\",\"datePublished\":\"2025-06-05T10:28:27+00:00\",\"dateModified\":\"2025-06-05T10:32:35+00:00\",\"mainEntityOfPage\":{\"@id\":\"https:\\\/\\\/www.deski.fi\\\/?p=799\"},\"wordCount\":425,\"image\":{\"@id\":\"https:\\\/\\\/www.deski.fi\\\/?p=799#primaryimage\"},\"thumbnailUrl\":\"https:\\\/\\\/www.deski.fi\\\/wp-content\\\/uploads\\\/2025\\\/06\\\/1.gif\",\"articleSection\":[\"Luokittelematon\"],\"inLanguage\":\"fi\"},{\"@type\":\"WebPage\",\"@id\":\"https:\\\/\\\/www.deski.fi\\\/?p=799\",\"url\":\"https:\\\/\\\/www.deski.fi\\\/?p=799\",\"name\":\"Anneli Kannon uusi musiikkirevyy saa kantaesityksens\u00e4 5.11.25 - deski.fi\",\"isPartOf\":{\"@id\":\"https:\\\/\\\/www.deski.fi\\\/#website\"},\"primaryImageOfPage\":{\"@id\":\"https:\\\/\\\/www.deski.fi\\\/?p=799#primaryimage\"},\"image\":{\"@id\":\"https:\\\/\\\/www.deski.fi\\\/?p=799#primaryimage\"},\"thumbnailUrl\":\"https:\\\/\\\/www.deski.fi\\\/wp-content\\\/uploads\\\/2025\\\/06\\\/1.gif\",\"datePublished\":\"2025-06-05T10:28:27+00:00\",\"dateModified\":\"2025-06-05T10:32:35+00:00\",\"author\":{\"@id\":\"https:\\\/\\\/www.deski.fi\\\/#\\\/schema\\\/person\\\/8bd75e57167679d4a7655a115984c5cc\"},\"breadcrumb\":{\"@id\":\"https:\\\/\\\/www.deski.fi\\\/?p=799#breadcrumb\"},\"inLanguage\":\"fi\",\"potentialAction\":[{\"@type\":\"ReadAction\",\"target\":[\"https:\\\/\\\/www.deski.fi\\\/?p=799\"]}]},{\"@type\":\"ImageObject\",\"inLanguage\":\"fi\",\"@id\":\"https:\\\/\\\/www.deski.fi\\\/?p=799#primaryimage\",\"url\":\"https:\\\/\\\/www.deski.fi\\\/wp-content\\\/uploads\\\/2025\\\/06\\\/1.gif\",\"contentUrl\":\"https:\\\/\\\/www.deski.fi\\\/wp-content\\\/uploads\\\/2025\\\/06\\\/1.gif\",\"width\":100,\"height\":1},{\"@type\":\"BreadcrumbList\",\"@id\":\"https:\\\/\\\/www.deski.fi\\\/?p=799#breadcrumb\",\"itemListElement\":[{\"@type\":\"ListItem\",\"position\":1,\"name\":\"Etusivu\",\"item\":\"https:\\\/\\\/www.deski.fi\\\/\"},{\"@type\":\"ListItem\",\"position\":2,\"name\":\"Anneli Kannon uusi musiikkirevyy saa kantaesityksens\u00e4 5.11.25\"}]},{\"@type\":\"WebSite\",\"@id\":\"https:\\\/\\\/www.deski.fi\\\/#website\",\"url\":\"https:\\\/\\\/www.deski.fi\\\/\",\"name\":\"deski.fi\",\"description\":\"Kaikki tiedotteet yhdess&auml; paikassa.\",\"potentialAction\":[{\"@type\":\"SearchAction\",\"target\":{\"@type\":\"EntryPoint\",\"urlTemplate\":\"https:\\\/\\\/www.deski.fi\\\/?s={search_term_string}\"},\"query-input\":{\"@type\":\"PropertyValueSpecification\",\"valueRequired\":true,\"valueName\":\"search_term_string\"}}],\"inLanguage\":\"fi\"},{\"@type\":\"Person\",\"@id\":\"https:\\\/\\\/www.deski.fi\\\/#\\\/schema\\\/person\\\/8bd75e57167679d4a7655a115984c5cc\",\"name\":\"deski\",\"image\":{\"@type\":\"ImageObject\",\"inLanguage\":\"fi\",\"@id\":\"https:\\\/\\\/secure.gravatar.com\\\/avatar\\\/c0990e16eceeb9f9e57c62830d9dbc4a49e1be722381d63aee238afb4a7fbe91?s=96&d=mm&r=g\",\"url\":\"https:\\\/\\\/secure.gravatar.com\\\/avatar\\\/c0990e16eceeb9f9e57c62830d9dbc4a49e1be722381d63aee238afb4a7fbe91?s=96&d=mm&r=g\",\"contentUrl\":\"https:\\\/\\\/secure.gravatar.com\\\/avatar\\\/c0990e16eceeb9f9e57c62830d9dbc4a49e1be722381d63aee238afb4a7fbe91?s=96&d=mm&r=g\",\"caption\":\"deski\"},\"sameAs\":[\"http:\\\/\\\/www.deski.fi\"],\"url\":\"https:\\\/\\\/www.deski.fi\\\/?author=1\"}]}<\/script>\n<!-- \/ Yoast SEO plugin. -->","yoast_head_json":{"title":"Anneli Kannon uusi musiikkirevyy saa kantaesityksens\u00e4 5.11.25 - deski.fi","robots":{"index":"index","follow":"follow","max-snippet":"max-snippet:-1","max-image-preview":"max-image-preview:large","max-video-preview":"max-video-preview:-1"},"canonical":"https:\/\/www.deski.fi\/?p=799","og_locale":"fi_FI","og_type":"article","og_title":"Anneli Kannon uusi musiikkirevyy saa kantaesityksens\u00e4 5.11.25 - deski.fi","og_description":"S\u00f6rkka svengaa Greta Tuotannon ja Musiikkiteatteri Kaps\u00e4kin yhteisty\u00f6 LEHDIST\u00d6TIEDOTE &#8211; vapaa julkaistavaksi Anneli Kannon k\u00e4sikirjoittama S\u00f6rkka svengaa -musiikkirevyy saa kantaesityksens\u00e4 5.11.2025 Greta Tuotannon ja Musiikkiteatteri Kaps\u00e4kin \u201cS\u00f6rkka svengaa\u201d on kuplivan riehakas revyy 1920-luvun [&hellip;]","og_url":"https:\/\/www.deski.fi\/?p=799","og_site_name":"deski.fi","article_published_time":"2025-06-05T10:28:27+00:00","article_modified_time":"2025-06-05T10:32:35+00:00","og_image":[{"width":100,"height":1,"url":"https:\/\/www.deski.fi\/wp-content\/uploads\/2025\/06\/1.gif","type":"image\/gif"}],"author":"deski","twitter_card":"summary_large_image","twitter_misc":{"Kirjoittanut":"deski","Arvioitu lukuaika":"2 minuuttia"},"schema":{"@context":"https:\/\/schema.org","@graph":[{"@type":"Article","@id":"https:\/\/www.deski.fi\/?p=799#article","isPartOf":{"@id":"https:\/\/www.deski.fi\/?p=799"},"author":{"name":"deski","@id":"https:\/\/www.deski.fi\/#\/schema\/person\/8bd75e57167679d4a7655a115984c5cc"},"headline":"Anneli Kannon uusi musiikkirevyy saa kantaesityksens\u00e4 5.11.25","datePublished":"2025-06-05T10:28:27+00:00","dateModified":"2025-06-05T10:32:35+00:00","mainEntityOfPage":{"@id":"https:\/\/www.deski.fi\/?p=799"},"wordCount":425,"image":{"@id":"https:\/\/www.deski.fi\/?p=799#primaryimage"},"thumbnailUrl":"https:\/\/www.deski.fi\/wp-content\/uploads\/2025\/06\/1.gif","articleSection":["Luokittelematon"],"inLanguage":"fi"},{"@type":"WebPage","@id":"https:\/\/www.deski.fi\/?p=799","url":"https:\/\/www.deski.fi\/?p=799","name":"Anneli Kannon uusi musiikkirevyy saa kantaesityksens\u00e4 5.11.25 - deski.fi","isPartOf":{"@id":"https:\/\/www.deski.fi\/#website"},"primaryImageOfPage":{"@id":"https:\/\/www.deski.fi\/?p=799#primaryimage"},"image":{"@id":"https:\/\/www.deski.fi\/?p=799#primaryimage"},"thumbnailUrl":"https:\/\/www.deski.fi\/wp-content\/uploads\/2025\/06\/1.gif","datePublished":"2025-06-05T10:28:27+00:00","dateModified":"2025-06-05T10:32:35+00:00","author":{"@id":"https:\/\/www.deski.fi\/#\/schema\/person\/8bd75e57167679d4a7655a115984c5cc"},"breadcrumb":{"@id":"https:\/\/www.deski.fi\/?p=799#breadcrumb"},"inLanguage":"fi","potentialAction":[{"@type":"ReadAction","target":["https:\/\/www.deski.fi\/?p=799"]}]},{"@type":"ImageObject","inLanguage":"fi","@id":"https:\/\/www.deski.fi\/?p=799#primaryimage","url":"https:\/\/www.deski.fi\/wp-content\/uploads\/2025\/06\/1.gif","contentUrl":"https:\/\/www.deski.fi\/wp-content\/uploads\/2025\/06\/1.gif","width":100,"height":1},{"@type":"BreadcrumbList","@id":"https:\/\/www.deski.fi\/?p=799#breadcrumb","itemListElement":[{"@type":"ListItem","position":1,"name":"Etusivu","item":"https:\/\/www.deski.fi\/"},{"@type":"ListItem","position":2,"name":"Anneli Kannon uusi musiikkirevyy saa kantaesityksens\u00e4 5.11.25"}]},{"@type":"WebSite","@id":"https:\/\/www.deski.fi\/#website","url":"https:\/\/www.deski.fi\/","name":"deski.fi","description":"Kaikki tiedotteet yhdess&auml; paikassa.","potentialAction":[{"@type":"SearchAction","target":{"@type":"EntryPoint","urlTemplate":"https:\/\/www.deski.fi\/?s={search_term_string}"},"query-input":{"@type":"PropertyValueSpecification","valueRequired":true,"valueName":"search_term_string"}}],"inLanguage":"fi"},{"@type":"Person","@id":"https:\/\/www.deski.fi\/#\/schema\/person\/8bd75e57167679d4a7655a115984c5cc","name":"deski","image":{"@type":"ImageObject","inLanguage":"fi","@id":"https:\/\/secure.gravatar.com\/avatar\/c0990e16eceeb9f9e57c62830d9dbc4a49e1be722381d63aee238afb4a7fbe91?s=96&d=mm&r=g","url":"https:\/\/secure.gravatar.com\/avatar\/c0990e16eceeb9f9e57c62830d9dbc4a49e1be722381d63aee238afb4a7fbe91?s=96&d=mm&r=g","contentUrl":"https:\/\/secure.gravatar.com\/avatar\/c0990e16eceeb9f9e57c62830d9dbc4a49e1be722381d63aee238afb4a7fbe91?s=96&d=mm&r=g","caption":"deski"},"sameAs":["http:\/\/www.deski.fi"],"url":"https:\/\/www.deski.fi\/?author=1"}]}},"jetpack_featured_media_url":"https:\/\/www.deski.fi\/wp-content\/uploads\/2025\/06\/1.gif","jetpack_sharing_enabled":true,"_links":{"self":[{"href":"https:\/\/www.deski.fi\/index.php?rest_route=\/wp\/v2\/posts\/799","targetHints":{"allow":["GET"]}}],"collection":[{"href":"https:\/\/www.deski.fi\/index.php?rest_route=\/wp\/v2\/posts"}],"about":[{"href":"https:\/\/www.deski.fi\/index.php?rest_route=\/wp\/v2\/types\/post"}],"author":[{"embeddable":true,"href":"https:\/\/www.deski.fi\/index.php?rest_route=\/wp\/v2\/users\/1"}],"replies":[{"embeddable":true,"href":"https:\/\/www.deski.fi\/index.php?rest_route=%2Fwp%2Fv2%2Fcomments&post=799"}],"version-history":[{"count":0,"href":"https:\/\/www.deski.fi\/index.php?rest_route=\/wp\/v2\/posts\/799\/revisions"}],"wp:featuredmedia":[{"embeddable":true,"href":"https:\/\/www.deski.fi\/index.php?rest_route=\/wp\/v2\/media\/800"}],"wp:attachment":[{"href":"https:\/\/www.deski.fi\/index.php?rest_route=%2Fwp%2Fv2%2Fmedia&parent=799"}],"wp:term":[{"taxonomy":"category","embeddable":true,"href":"https:\/\/www.deski.fi\/index.php?rest_route=%2Fwp%2Fv2%2Fcategories&post=799"},{"taxonomy":"post_tag","embeddable":true,"href":"https:\/\/www.deski.fi\/index.php?rest_route=%2Fwp%2Fv2%2Ftags&post=799"}],"curies":[{"name":"wp","href":"https:\/\/api.w.org\/{rel}","templated":true}]}}