{"id":790,"date":"2025-03-25T13:26:00","date_gmt":"2025-03-25T11:26:00","guid":{"rendered":"https:\/\/www.deski.fi\/?p=790"},"modified":"2025-06-06T18:23:13","modified_gmt":"2025-06-06T15:23:13","slug":"tiedote-ilmainen-kulttuurielamys-kalliossa-naytelma-pureutuu-ajankohtaiseen-aiheeseen-inhimillisesti","status":"publish","type":"post","link":"https:\/\/www.deski.fi\/?p=790","title":{"rendered":"TIEDOTE: Ilmainen kulttuuriel\u00e4mys Kalliossa \u2013 n\u00e4ytelm\u00e4 pureutuu ajankohtaiseen aiheeseen inhimillisesti"},"content":{"rendered":"<div class=\"postie-post\">TIEDOTE 25.3.2025 Helsingin ty\u00f6v\u00e4enopiston Opistoteatteri<br \/>\nJulkaisuvapaa heti<br \/>\n Ilmainen kulttuuriel\u00e4mys Kalliossa \u2013 n\u00e4ytelm\u00e4 pureutuu ajankohtaiseen aiheeseen inhimillisesti<br \/>\nHelsingin ty\u00f6v\u00e4enopiston suositulla Opistoteatteri-kurssilla ty\u00f6stet\u00e4\u00e4n kokoillan n\u00e4ytelm\u00e4\u00e4, Anna Krogeruksen 9 hyv\u00e4\u00e4 syyt\u00e4 el\u00e4\u00e4. Esityksi\u00e4 on yhteens\u00e4 kuusi, ensi-ilta on torstaina 24.4.2025.<br \/>\n11 onnistui nappaamaan paikan Helsingin ty\u00f6v\u00e4enopiston suositulta Opistoteatteri -kurssilta, kun Opistoteatterin uusi kolmen vuoden kausi alkoi syksyll\u00e4 2024. Innokkaita osallistujia ty\u00f6v\u00e4enopiston suosituimmille kursseille oli niin paljon, ett\u00e4 ilmoittautumissivuston resurssit olivat kovilla.<br \/>\nOpistoteatteri on kolmivuotinen esitt\u00e4v\u00e4 kurssi pitk\u00e4n linjan harrastajan\u00e4yttelij\u00f6ille. Kurssin p\u00e4\u00e4paino on koko illan teatteriesityksen valmistamisessa. Syksyll\u00e4 2024 aloittaneilla on ennakkoilmoittautumisoikeus kev\u00e4tlukukaudelle 2027 asti.<br \/>\nT\u00e4ll\u00e4 hetkell\u00e4 Opistoteatterissa harjoitellaan Anna Krogeruksen n\u00e4ytelm\u00e4\u00e4 9 hyv\u00e4\u00e4 syyt\u00e4 el\u00e4\u00e4. N\u00e4ytelm\u00e4n ohjaa ohjaaja-n\u00e4yttelij\u00e4-k\u00e4sikirjoittaja Heikki H\u00e4kk\u00e4.<br \/>\nVuonna 2018 ensiesityksens\u00e4 Ryhm\u00e4teatterissa saanut n\u00e4ytelm\u00e4 on ohjaajan mielest\u00e4 yh\u00e4 ajankohtainen.<br \/>\n\u201cN\u00e4ytelm\u00e4 sopii valitettavan hyvin nykyaikaan, kun kaikkialta ja kaikesta leikataan\u201d.<br \/>\nN\u00e4ytelm\u00e4 on ajankohtainen kertomus l\u00e4hi\u00f6n asukkaista, erityisesti pieness\u00e4 yksi\u00f6ss\u00e4 asuvasta nuoresta naisesta. Kertomus on samaan aikaan realistinen ja surrealistinen.<br \/>\n\u201cEsitys on omistettu kaikille siipirikoille\u201d, H\u00e4kk\u00e4 kertoo.<br \/>\nHelsingin opistoteatteri on saanut lyhenteen HOT.<br \/>\n\u201cOsuva nimi siin\u00e4kin mieless\u00e4, ett\u00e4 t\u00e4m\u00e4 on niin kuuma paikka &#8211; t\u00e4nne kun on ihan hirve\u00e4 tunku\u201d, H\u00e4kk\u00e4 nauraa.<br \/>\nLeena Kauhanen, on ollut Opistoteatterissa mukana jo yli parikymment\u00e4 vuotta. Kauhanen arvostaa Opistoteatterissa sit\u00e4, ett\u00e4 p\u00e4\u00e4see tekem\u00e4\u00e4n teatteria ammattilaisten opastuksessa. My\u00f6s se, ett\u00e4 on eri-ik\u00e4isi\u00e4 ja eri taustoista tulevia ihmisi\u00e4 on h\u00e4nest\u00e4 rikkaus. Kauhanen pit\u00e4\u00e4 Opistoteatterin yhteishengest\u00e4 ja yhdess\u00e4 tekemisest\u00e4. N\u00e4yttelemisen lis\u00e4ksi h\u00e4n on ollut mukana muun muassa puvustamisessa.<br \/>\nKurssille ilmoittautuminen muistutti hieman j\u00e4nnitysn\u00e4ytelm\u00e4\u00e4.<br \/>\n\u201cIlmoittautumissivu kaatui, kun yritin ilmoittautua Opistoteatteriin. Vasta sitten, kun tuli vahvistuss\u00e4hk\u00f6posti ilmoittautumisesta, pystyin huokaisemaan. Kyll\u00e4 siin\u00e4 sai sormi liipasimella olla\u201d.<br \/>\nP\u00e4\u00e4roolia 9 hyv\u00e4\u00e4 syyt\u00e4 el\u00e4\u00e4 -n\u00e4ytelm\u00e4ss\u00e4 n\u00e4yttelev\u00e4 Minja Sillanp\u00e4\u00e4 on yksi viidest\u00e4 uudesta Opistoteatterin j\u00e4senest\u00e4. Teatteri on aina kiinnostanut Sillanp\u00e4\u00e4t\u00e4, mutta opiskelujen ja ulkomailla asumisen my\u00f6t\u00e4 teatteri oli j\u00e4\u00e4nyt taka-alalle.<br \/>\n\u201cKun muutin pari vuotta sitten takaisin Suomeen, k\u00e4vin l\u00e4pi suuria el\u00e4m\u00e4nmuutoksia ja pohdin paljon, mit\u00e4 el\u00e4m\u00e4lt\u00e4 haluan. Halusin l\u00f6yt\u00e4\u00e4 tiet\u00e4 kohti taiteita, erityisesti teatteria. T\u00f6rm\u00e4sin jo tuolloin Opistoteatteriin, mutta koska silloin oli edellinen kolmivuotinen kausi k\u00e4ynniss\u00e4, ajattelin, ett\u00e4 mahdollisuudet p\u00e4\u00e4st\u00e4 ryhm\u00e4\u00e4n ovat l\u00e4hes olemattomat\u201d.<br \/>\nKun syksyll\u00e4 2024 alkoi uusi kolmen vuoden kausi Opistoteatterissa, Sillanp\u00e4\u00e4 koki, ett\u00e4 nyt olisi paremmat mahdollisuudet p\u00e4\u00e4st\u00e4 mukaan. My\u00f6s Sillanp\u00e4\u00e4 kokee n\u00e4ytelm\u00e4n 9 hyv\u00e4\u00e4 syyt\u00e4 el\u00e4\u00e4 t\u00e4rke\u00e4ksi.<br \/>\n\u201cN\u00e4ytelm\u00e4 koskettaa minua henkil\u00f6kohtaisestikin. Minusta on hienoa, ett\u00e4 vaikeita aiheita k\u00e4sitell\u00e4\u00e4n n\u00e4in humaanilla ja kauniilla tavalla\u201d.<br \/>\n9 hyv\u00e4\u00e4 syyt\u00e4 el\u00e4\u00e4 -n\u00e4ytelm\u00e4n ensi-ilta torstaina 24.4. klo 19. Muut esitykset: pe 25.4. klo 19, su 27.4. klo 14, ma 28.4. klo 19, pe 2.5. klo 19 ja la 3.5. klo 14.<br \/>\nEsityksiin on vapaa p\u00e4\u00e4sy.<br \/>\nEsitykset Helsingin ty\u00f6v\u00e4enopiston Opistotalon suuressa juhlasalissa, Helsinginkatu 26.<br \/>\nKatsomoon mahtuu yli 500 katsojaa, ei ennakkovarauksia.<br \/>\nEsityksen kesto noin 2 tuntia sis\u00e4lt\u00e4en v\u00e4liajan.<br \/>\nN\u00e4ytt\u00e4m\u00f6ll\u00e4 Minja Sillanp\u00e4\u00e4 sek\u00e4 Terhi Ahvonen, Jaana Autio, Laura Haapa, Leena Kauhanen, Pekka Kokko, Aino Kyr\u00f6, Heikki Laaksamo, Joonatan Lahtela, Riikka Mokko ja Pauliina Saarela.<br \/>\n Lis\u00e4tietoja:<br \/>\nHeikki H\u00e4kk\u00e4, ohjaaja 040 558 9501<\/p>\n<div class=\"postie-attachments\"><a href=\"https:\/\/www.deski.fi\/?attachment_id=791\"><img decoding=\"async\" src=\"https:\/\/www.deski.fi\/wp-content\/uploads\/2025\/06\/KUVA_HOT-300x221.jpeg\" alt=\"\" width=\"300px\" height=\"221px\" class=\"alignnone size-medium wp-image-791\" srcset=\"https:\/\/www.deski.fi\/wp-content\/uploads\/2025\/06\/KUVA_HOT-300x221.jpeg 300w, https:\/\/www.deski.fi\/wp-content\/uploads\/2025\/06\/KUVA_HOT-1024x753.jpeg 1024w, https:\/\/www.deski.fi\/wp-content\/uploads\/2025\/06\/KUVA_HOT-768x565.jpeg 768w, https:\/\/www.deski.fi\/wp-content\/uploads\/2025\/06\/KUVA_HOT-1536x1129.jpeg 1536w, https:\/\/www.deski.fi\/wp-content\/uploads\/2025\/06\/KUVA_HOT-2048x1505.jpeg 2048w, https:\/\/www.deski.fi\/wp-content\/uploads\/2025\/06\/KUVA_HOT-1000x735.jpeg 1000w, https:\/\/www.deski.fi\/wp-content\/uploads\/2025\/06\/KUVA_HOT-230x169.jpeg 230w, https:\/\/www.deski.fi\/wp-content\/uploads\/2025\/06\/KUVA_HOT-350x257.jpeg 350w, https:\/\/www.deski.fi\/wp-content\/uploads\/2025\/06\/KUVA_HOT-480x353.jpeg 480w\" sizes=\"(max-width: 300px) 100vw, 300px\" \/><\/a><\/div>\n<\/div>\n","protected":false},"excerpt":{"rendered":"<p>TIEDOTE 25.3.2025 Helsingin ty\u00f6v\u00e4enopiston Opistoteatteri Julkaisuvapaa heti Ilmainen kulttuuriel\u00e4mys Kalliossa \u2013 n\u00e4ytelm\u00e4 pureutuu ajankohtaiseen aiheeseen inhimillisesti Helsingin ty\u00f6v\u00e4enopiston suositulla Opistoteatteri-kurssilla ty\u00f6stet\u00e4\u00e4n kokoillan n\u00e4ytelm\u00e4\u00e4, Anna Krogeruksen 9 hyv\u00e4\u00e4 syyt\u00e4 el\u00e4\u00e4. Esityksi\u00e4 on yhteens\u00e4 kuusi, [&hellip;]<\/p>\n","protected":false},"author":1,"featured_media":791,"comment_status":"closed","ping_status":"open","sticky":false,"template":"","format":"standard","meta":{"_jetpack_memberships_contains_paid_content":false,"footnotes":""},"categories":[1,12,16,13],"tags":[],"class_list":["post-790","post","type-post","status-publish","format-standard","has-post-thumbnail","hentry","category-luokittelematon","category-taide","category-tapahtumat","category-viihde"],"yoast_head":"<!-- This site is optimized with the Yoast SEO plugin v27.4 - https:\/\/yoast.com\/product\/yoast-seo-wordpress\/ -->\n<title>TIEDOTE: Ilmainen kulttuuriel\u00e4mys Kalliossa \u2013 n\u00e4ytelm\u00e4 pureutuu ajankohtaiseen aiheeseen inhimillisesti - deski.fi<\/title>\n<meta name=\"robots\" content=\"index, follow, max-snippet:-1, max-image-preview:large, max-video-preview:-1\" \/>\n<link rel=\"canonical\" href=\"https:\/\/www.deski.fi\/?p=790\" \/>\n<meta property=\"og:locale\" content=\"fi_FI\" \/>\n<meta property=\"og:type\" content=\"article\" \/>\n<meta property=\"og:title\" content=\"TIEDOTE: Ilmainen kulttuuriel\u00e4mys Kalliossa \u2013 n\u00e4ytelm\u00e4 pureutuu ajankohtaiseen aiheeseen inhimillisesti - deski.fi\" \/>\n<meta property=\"og:description\" content=\"TIEDOTE 25.3.2025 Helsingin ty\u00f6v\u00e4enopiston Opistoteatteri Julkaisuvapaa heti Ilmainen kulttuuriel\u00e4mys Kalliossa \u2013 n\u00e4ytelm\u00e4 pureutuu ajankohtaiseen aiheeseen inhimillisesti Helsingin ty\u00f6v\u00e4enopiston suositulla Opistoteatteri-kurssilla ty\u00f6stet\u00e4\u00e4n kokoillan n\u00e4ytelm\u00e4\u00e4, Anna Krogeruksen 9 hyv\u00e4\u00e4 syyt\u00e4 el\u00e4\u00e4. Esityksi\u00e4 on yhteens\u00e4 kuusi, [&hellip;]\" \/>\n<meta property=\"og:url\" content=\"https:\/\/www.deski.fi\/?p=790\" \/>\n<meta property=\"og:site_name\" content=\"deski.fi\" \/>\n<meta property=\"article:published_time\" content=\"2025-03-25T11:26:00+00:00\" \/>\n<meta property=\"article:modified_time\" content=\"2025-06-06T15:23:13+00:00\" \/>\n<meta property=\"og:image\" content=\"https:\/\/www.deski.fi\/wp-content\/uploads\/2025\/06\/KUVA_HOT-scaled.jpeg\" \/>\n\t<meta property=\"og:image:width\" content=\"2560\" \/>\n\t<meta property=\"og:image:height\" content=\"1882\" \/>\n\t<meta property=\"og:image:type\" content=\"image\/jpeg\" \/>\n<meta name=\"author\" content=\"deski\" \/>\n<meta name=\"twitter:card\" content=\"summary_large_image\" \/>\n<meta name=\"twitter:label1\" content=\"Kirjoittanut\" \/>\n\t<meta name=\"twitter:data1\" content=\"deski\" \/>\n\t<meta name=\"twitter:label2\" content=\"Arvioitu lukuaika\" \/>\n\t<meta name=\"twitter:data2\" content=\"4 minuuttia\" \/>\n<script type=\"application\/ld+json\" class=\"yoast-schema-graph\">{\"@context\":\"https:\\\/\\\/schema.org\",\"@graph\":[{\"@type\":\"Article\",\"@id\":\"https:\\\/\\\/www.deski.fi\\\/?p=790#article\",\"isPartOf\":{\"@id\":\"https:\\\/\\\/www.deski.fi\\\/?p=790\"},\"author\":{\"name\":\"deski\",\"@id\":\"https:\\\/\\\/www.deski.fi\\\/#\\\/schema\\\/person\\\/8bd75e57167679d4a7655a115984c5cc\"},\"headline\":\"TIEDOTE: Ilmainen kulttuuriel\u00e4mys Kalliossa \u2013 n\u00e4ytelm\u00e4 pureutuu ajankohtaiseen aiheeseen inhimillisesti\",\"datePublished\":\"2025-03-25T11:26:00+00:00\",\"dateModified\":\"2025-06-06T15:23:13+00:00\",\"mainEntityOfPage\":{\"@id\":\"https:\\\/\\\/www.deski.fi\\\/?p=790\"},\"wordCount\":536,\"image\":{\"@id\":\"https:\\\/\\\/www.deski.fi\\\/?p=790#primaryimage\"},\"thumbnailUrl\":\"https:\\\/\\\/www.deski.fi\\\/wp-content\\\/uploads\\\/2025\\\/06\\\/KUVA_HOT-scaled.jpeg\",\"articleSection\":[\"Luokittelematon\",\"Taide\",\"Tapahtumat\",\"Viihde\"],\"inLanguage\":\"fi\"},{\"@type\":\"WebPage\",\"@id\":\"https:\\\/\\\/www.deski.fi\\\/?p=790\",\"url\":\"https:\\\/\\\/www.deski.fi\\\/?p=790\",\"name\":\"TIEDOTE: Ilmainen kulttuuriel\u00e4mys Kalliossa \u2013 n\u00e4ytelm\u00e4 pureutuu ajankohtaiseen aiheeseen inhimillisesti - deski.fi\",\"isPartOf\":{\"@id\":\"https:\\\/\\\/www.deski.fi\\\/#website\"},\"primaryImageOfPage\":{\"@id\":\"https:\\\/\\\/www.deski.fi\\\/?p=790#primaryimage\"},\"image\":{\"@id\":\"https:\\\/\\\/www.deski.fi\\\/?p=790#primaryimage\"},\"thumbnailUrl\":\"https:\\\/\\\/www.deski.fi\\\/wp-content\\\/uploads\\\/2025\\\/06\\\/KUVA_HOT-scaled.jpeg\",\"datePublished\":\"2025-03-25T11:26:00+00:00\",\"dateModified\":\"2025-06-06T15:23:13+00:00\",\"author\":{\"@id\":\"https:\\\/\\\/www.deski.fi\\\/#\\\/schema\\\/person\\\/8bd75e57167679d4a7655a115984c5cc\"},\"breadcrumb\":{\"@id\":\"https:\\\/\\\/www.deski.fi\\\/?p=790#breadcrumb\"},\"inLanguage\":\"fi\",\"potentialAction\":[{\"@type\":\"ReadAction\",\"target\":[\"https:\\\/\\\/www.deski.fi\\\/?p=790\"]}]},{\"@type\":\"ImageObject\",\"inLanguage\":\"fi\",\"@id\":\"https:\\\/\\\/www.deski.fi\\\/?p=790#primaryimage\",\"url\":\"https:\\\/\\\/www.deski.fi\\\/wp-content\\\/uploads\\\/2025\\\/06\\\/KUVA_HOT-scaled.jpeg\",\"contentUrl\":\"https:\\\/\\\/www.deski.fi\\\/wp-content\\\/uploads\\\/2025\\\/06\\\/KUVA_HOT-scaled.jpeg\",\"width\":2560,\"height\":1882},{\"@type\":\"BreadcrumbList\",\"@id\":\"https:\\\/\\\/www.deski.fi\\\/?p=790#breadcrumb\",\"itemListElement\":[{\"@type\":\"ListItem\",\"position\":1,\"name\":\"Etusivu\",\"item\":\"https:\\\/\\\/www.deski.fi\\\/\"},{\"@type\":\"ListItem\",\"position\":2,\"name\":\"TIEDOTE: Ilmainen kulttuuriel\u00e4mys Kalliossa \u2013 n\u00e4ytelm\u00e4 pureutuu ajankohtaiseen aiheeseen inhimillisesti\"}]},{\"@type\":\"WebSite\",\"@id\":\"https:\\\/\\\/www.deski.fi\\\/#website\",\"url\":\"https:\\\/\\\/www.deski.fi\\\/\",\"name\":\"deski.fi\",\"description\":\"Kaikki tiedotteet yhdess&auml; paikassa.\",\"potentialAction\":[{\"@type\":\"SearchAction\",\"target\":{\"@type\":\"EntryPoint\",\"urlTemplate\":\"https:\\\/\\\/www.deski.fi\\\/?s={search_term_string}\"},\"query-input\":{\"@type\":\"PropertyValueSpecification\",\"valueRequired\":true,\"valueName\":\"search_term_string\"}}],\"inLanguage\":\"fi\"},{\"@type\":\"Person\",\"@id\":\"https:\\\/\\\/www.deski.fi\\\/#\\\/schema\\\/person\\\/8bd75e57167679d4a7655a115984c5cc\",\"name\":\"deski\",\"image\":{\"@type\":\"ImageObject\",\"inLanguage\":\"fi\",\"@id\":\"https:\\\/\\\/secure.gravatar.com\\\/avatar\\\/c0990e16eceeb9f9e57c62830d9dbc4a49e1be722381d63aee238afb4a7fbe91?s=96&d=mm&r=g\",\"url\":\"https:\\\/\\\/secure.gravatar.com\\\/avatar\\\/c0990e16eceeb9f9e57c62830d9dbc4a49e1be722381d63aee238afb4a7fbe91?s=96&d=mm&r=g\",\"contentUrl\":\"https:\\\/\\\/secure.gravatar.com\\\/avatar\\\/c0990e16eceeb9f9e57c62830d9dbc4a49e1be722381d63aee238afb4a7fbe91?s=96&d=mm&r=g\",\"caption\":\"deski\"},\"sameAs\":[\"http:\\\/\\\/www.deski.fi\"],\"url\":\"https:\\\/\\\/www.deski.fi\\\/?author=1\"}]}<\/script>\n<!-- \/ Yoast SEO plugin. -->","yoast_head_json":{"title":"TIEDOTE: Ilmainen kulttuuriel\u00e4mys Kalliossa \u2013 n\u00e4ytelm\u00e4 pureutuu ajankohtaiseen aiheeseen inhimillisesti - deski.fi","robots":{"index":"index","follow":"follow","max-snippet":"max-snippet:-1","max-image-preview":"max-image-preview:large","max-video-preview":"max-video-preview:-1"},"canonical":"https:\/\/www.deski.fi\/?p=790","og_locale":"fi_FI","og_type":"article","og_title":"TIEDOTE: Ilmainen kulttuuriel\u00e4mys Kalliossa \u2013 n\u00e4ytelm\u00e4 pureutuu ajankohtaiseen aiheeseen inhimillisesti - deski.fi","og_description":"TIEDOTE 25.3.2025 Helsingin ty\u00f6v\u00e4enopiston Opistoteatteri Julkaisuvapaa heti Ilmainen kulttuuriel\u00e4mys Kalliossa \u2013 n\u00e4ytelm\u00e4 pureutuu ajankohtaiseen aiheeseen inhimillisesti Helsingin ty\u00f6v\u00e4enopiston suositulla Opistoteatteri-kurssilla ty\u00f6stet\u00e4\u00e4n kokoillan n\u00e4ytelm\u00e4\u00e4, Anna Krogeruksen 9 hyv\u00e4\u00e4 syyt\u00e4 el\u00e4\u00e4. Esityksi\u00e4 on yhteens\u00e4 kuusi, [&hellip;]","og_url":"https:\/\/www.deski.fi\/?p=790","og_site_name":"deski.fi","article_published_time":"2025-03-25T11:26:00+00:00","article_modified_time":"2025-06-06T15:23:13+00:00","og_image":[{"width":2560,"height":1882,"url":"https:\/\/www.deski.fi\/wp-content\/uploads\/2025\/06\/KUVA_HOT-scaled.jpeg","type":"image\/jpeg"}],"author":"deski","twitter_card":"summary_large_image","twitter_misc":{"Kirjoittanut":"deski","Arvioitu lukuaika":"4 minuuttia"},"schema":{"@context":"https:\/\/schema.org","@graph":[{"@type":"Article","@id":"https:\/\/www.deski.fi\/?p=790#article","isPartOf":{"@id":"https:\/\/www.deski.fi\/?p=790"},"author":{"name":"deski","@id":"https:\/\/www.deski.fi\/#\/schema\/person\/8bd75e57167679d4a7655a115984c5cc"},"headline":"TIEDOTE: Ilmainen kulttuuriel\u00e4mys Kalliossa \u2013 n\u00e4ytelm\u00e4 pureutuu ajankohtaiseen aiheeseen inhimillisesti","datePublished":"2025-03-25T11:26:00+00:00","dateModified":"2025-06-06T15:23:13+00:00","mainEntityOfPage":{"@id":"https:\/\/www.deski.fi\/?p=790"},"wordCount":536,"image":{"@id":"https:\/\/www.deski.fi\/?p=790#primaryimage"},"thumbnailUrl":"https:\/\/www.deski.fi\/wp-content\/uploads\/2025\/06\/KUVA_HOT-scaled.jpeg","articleSection":["Luokittelematon","Taide","Tapahtumat","Viihde"],"inLanguage":"fi"},{"@type":"WebPage","@id":"https:\/\/www.deski.fi\/?p=790","url":"https:\/\/www.deski.fi\/?p=790","name":"TIEDOTE: Ilmainen kulttuuriel\u00e4mys Kalliossa \u2013 n\u00e4ytelm\u00e4 pureutuu ajankohtaiseen aiheeseen inhimillisesti - deski.fi","isPartOf":{"@id":"https:\/\/www.deski.fi\/#website"},"primaryImageOfPage":{"@id":"https:\/\/www.deski.fi\/?p=790#primaryimage"},"image":{"@id":"https:\/\/www.deski.fi\/?p=790#primaryimage"},"thumbnailUrl":"https:\/\/www.deski.fi\/wp-content\/uploads\/2025\/06\/KUVA_HOT-scaled.jpeg","datePublished":"2025-03-25T11:26:00+00:00","dateModified":"2025-06-06T15:23:13+00:00","author":{"@id":"https:\/\/www.deski.fi\/#\/schema\/person\/8bd75e57167679d4a7655a115984c5cc"},"breadcrumb":{"@id":"https:\/\/www.deski.fi\/?p=790#breadcrumb"},"inLanguage":"fi","potentialAction":[{"@type":"ReadAction","target":["https:\/\/www.deski.fi\/?p=790"]}]},{"@type":"ImageObject","inLanguage":"fi","@id":"https:\/\/www.deski.fi\/?p=790#primaryimage","url":"https:\/\/www.deski.fi\/wp-content\/uploads\/2025\/06\/KUVA_HOT-scaled.jpeg","contentUrl":"https:\/\/www.deski.fi\/wp-content\/uploads\/2025\/06\/KUVA_HOT-scaled.jpeg","width":2560,"height":1882},{"@type":"BreadcrumbList","@id":"https:\/\/www.deski.fi\/?p=790#breadcrumb","itemListElement":[{"@type":"ListItem","position":1,"name":"Etusivu","item":"https:\/\/www.deski.fi\/"},{"@type":"ListItem","position":2,"name":"TIEDOTE: Ilmainen kulttuuriel\u00e4mys Kalliossa \u2013 n\u00e4ytelm\u00e4 pureutuu ajankohtaiseen aiheeseen inhimillisesti"}]},{"@type":"WebSite","@id":"https:\/\/www.deski.fi\/#website","url":"https:\/\/www.deski.fi\/","name":"deski.fi","description":"Kaikki tiedotteet yhdess&auml; paikassa.","potentialAction":[{"@type":"SearchAction","target":{"@type":"EntryPoint","urlTemplate":"https:\/\/www.deski.fi\/?s={search_term_string}"},"query-input":{"@type":"PropertyValueSpecification","valueRequired":true,"valueName":"search_term_string"}}],"inLanguage":"fi"},{"@type":"Person","@id":"https:\/\/www.deski.fi\/#\/schema\/person\/8bd75e57167679d4a7655a115984c5cc","name":"deski","image":{"@type":"ImageObject","inLanguage":"fi","@id":"https:\/\/secure.gravatar.com\/avatar\/c0990e16eceeb9f9e57c62830d9dbc4a49e1be722381d63aee238afb4a7fbe91?s=96&d=mm&r=g","url":"https:\/\/secure.gravatar.com\/avatar\/c0990e16eceeb9f9e57c62830d9dbc4a49e1be722381d63aee238afb4a7fbe91?s=96&d=mm&r=g","contentUrl":"https:\/\/secure.gravatar.com\/avatar\/c0990e16eceeb9f9e57c62830d9dbc4a49e1be722381d63aee238afb4a7fbe91?s=96&d=mm&r=g","caption":"deski"},"sameAs":["http:\/\/www.deski.fi"],"url":"https:\/\/www.deski.fi\/?author=1"}]}},"jetpack_featured_media_url":"https:\/\/www.deski.fi\/wp-content\/uploads\/2025\/06\/KUVA_HOT-scaled.jpeg","jetpack_sharing_enabled":true,"_links":{"self":[{"href":"https:\/\/www.deski.fi\/index.php?rest_route=\/wp\/v2\/posts\/790","targetHints":{"allow":["GET"]}}],"collection":[{"href":"https:\/\/www.deski.fi\/index.php?rest_route=\/wp\/v2\/posts"}],"about":[{"href":"https:\/\/www.deski.fi\/index.php?rest_route=\/wp\/v2\/types\/post"}],"author":[{"embeddable":true,"href":"https:\/\/www.deski.fi\/index.php?rest_route=\/wp\/v2\/users\/1"}],"replies":[{"embeddable":true,"href":"https:\/\/www.deski.fi\/index.php?rest_route=%2Fwp%2Fv2%2Fcomments&post=790"}],"version-history":[{"count":1,"href":"https:\/\/www.deski.fi\/index.php?rest_route=\/wp\/v2\/posts\/790\/revisions"}],"predecessor-version":[{"id":851,"href":"https:\/\/www.deski.fi\/index.php?rest_route=\/wp\/v2\/posts\/790\/revisions\/851"}],"wp:featuredmedia":[{"embeddable":true,"href":"https:\/\/www.deski.fi\/index.php?rest_route=\/wp\/v2\/media\/791"}],"wp:attachment":[{"href":"https:\/\/www.deski.fi\/index.php?rest_route=%2Fwp%2Fv2%2Fmedia&parent=790"}],"wp:term":[{"taxonomy":"category","embeddable":true,"href":"https:\/\/www.deski.fi\/index.php?rest_route=%2Fwp%2Fv2%2Fcategories&post=790"},{"taxonomy":"post_tag","embeddable":true,"href":"https:\/\/www.deski.fi\/index.php?rest_route=%2Fwp%2Fv2%2Ftags&post=790"}],"curies":[{"name":"wp","href":"https:\/\/api.w.org\/{rel}","templated":true}]}}