{"id":783,"date":"2025-03-05T13:25:00","date_gmt":"2025-03-05T11:25:00","guid":{"rendered":"http:\/\/www.deski.fi\/?p=783"},"modified":"2025-06-06T18:22:08","modified_gmt":"2025-06-06T15:22:08","slug":"kokoomus-kasvatti-satakunnassa-kuntavaalien-ehdokasmaaraa-ja-asetti-tayden-aluevaaliehdokaslistan","status":"publish","type":"post","link":"https:\/\/www.deski.fi\/?p=783","title":{"rendered":"Kokoomus kasvatti Satakunnassa kuntavaalien ehdokasm\u00e4\u00e4r\u00e4\u00e4 ja asetti t\u00e4yden aluevaaliehdokaslistan"},"content":{"rendered":"<div class=\"postie-post\">TIEDOTE: Kokoomus kasvatti Satakunnassa kuntavaalien ehdokasm\u00e4\u00e4r\u00e4\u00e4 ja asetti t\u00e4yden aluevaaliehdokaslistan<\/p>\n<p>TIEDOTE:<br \/>\nKokoomus kasvatti Satakunnassa kuntavaalien ehdokasm\u00e4\u00e4r\u00e4\u00e4 ja asetti t\u00e4yden aluevaaliehdokaslistan<\/p>\n<p>Satakunnan Kokoomus \u0096 TIEDOTE 5.3.2025<br \/>\nJULKAISUVAPAA HETI<\/p>\n<p>Satakunnan kokoomuspiirin johto tiedottaa riemuitsevansa puolueen ehdokastilanteesta Satakunnan alueella. Piirij\u00e4rjest\u00f6 j\u00e4tti viime aluevaalien tapaan t\u00e4yden ehdokaslistan. Kokoomuksen kuntavaaliehdokkaiden m\u00e4\u00e4r\u00e4 kasvoi Satakunnassa 330 ehdokkaaseen. Ehdokasm\u00e4\u00e4r\u00e4 kasvoi useissa kaupungeissa ja kunnissa, mukaan luettuna maakunnan keskuskaupunki Pori.<br \/>\nMy\u00f6s koko Suomen tasolla kokoomuksen ehdokashankinta onnistui odotusten mukaisesti. Satakunnan lis\u00e4ksi puolue j\u00e4tti 19 muulla hyvinvointialueella t\u00e4ydet listat.<br \/>\n\u0096 Aluevaalien listamme on aivan erityisen vahva, t\u00e4ysi lista. Aluevaalien ehdokaslistallemme oli tarjolla kymmeni\u00e4 halukkaita enemm\u00e4n, kuin listalla oli paikkoja, kommentoi Satakunnan Kokoomuksen puheenjohtaja Jarkko Stenfors.<br \/>\n\u0096 Aluevaalien ehdokkaina on kokoomuksen korkeimpia poliittisia vaikuttajia Satakunnassa. T\u00e4llaisia ovat esimerkiksi valtakunnallisestikin hyvin tunnetut kansanedustaja Mari Kaunistola sek\u00e4 aluevaltuuston puheenjohtaja ja aikaisempi ministeri Anne Holmlund. Aluevaaliehdokkaanamme on my\u00f6s varakansanedustaja Mikael Ropo Porista, useita istuvia aluehallituksen j\u00e4seni\u00e4 ja kaupunginhallitusten j\u00e4seni\u00e4, sek\u00e4 monipuolisesti eri tavoin julkisuudesta tunnettuja henkil\u00f6it\u00e4.  Kaiken kaikkiaan ehdokkainamme on eritt\u00e4in osaavia, monipuolisia ja tunnettuja satakuntalaisia, jatkaa Stenfors tyytyv\u00e4isen\u00e4.<br \/>\n\u0096 Olemme hyvin iloisia sek\u00e4 aluevaalien ehdokaslistamme, ett\u00e4 kuntavaalien ehdokaslistojen ammatillisesta ja alueellisesta kattavuudesta. Nuoria on paljon listallamme. Nais- ja miesehdokkaita on varsin tasaisesti. Aluevaaleissa ehdokkainamme on t\u00e4ll\u00e4 kertaa naisehdokkaita enemm\u00e4n kuin miehi\u00e4. Olemme tyytyv\u00e4isi\u00e4 vahvasta asiantuntemuksesta, jota ehdokkaamme edustavat.  Ehdokkainamme on paljon terveysalan ja sosiaalialan ammattilaisia kuten l\u00e4\u00e4k\u00e4reit\u00e4 ja hoitajia, sosionomeja sek\u00e4 diakoneja. On palo- ja pelastustoimen edustajia, poliiseja sek\u00e4 paljon yritt\u00e4ji\u00e4 ja opettajia, jatkaa Stenfors.<br \/>\nKokoomus osallistuu Satakunnassa aluevaaleihin teknisess\u00e4 vaaliliitossa Suomen ruotsalaisen kansanpuolueen kanssa. Vaaliliitossa kokoomus asetti 84 ehdokasta ja RKP 2 ehdokasta.<br \/>\nSuuressa osassa Satakunnan kuntia ehdokasm\u00e4\u00e4r\u00e4 kasvoi my\u00f6s kuntavaaleissa. T\u00e4llaisia kaupunkeja ja kuntia olivat esimerkiksi Pori, Ulvila, Eura, Kokem\u00e4ki ja S\u00e4kyl\u00e4, sek\u00e4 Merikarvia, jossa ehdokasm\u00e4\u00e4r\u00e4 kasvoi suhteessa kaikkein eniten eli 50 prosentilla. Usealla paikkakunnalla Satakunnassa kokoomuksen kuntavaaliehdokaslista on selv\u00e4sti suurin. Kokoomuspiiri ja yhdistykset onnistuivat yli odotusten ehdokasasettelussa ja luottavat vahvaan vaalimenestykseen sek\u00e4 aluevaaleissa, ett\u00e4 kuntavaaleissa.<\/p>\n<p>LIS\u00c4TIETOJA:<br \/>\nJarkko Stenfors, Satakunnan Kokoomuksen puheenjohtaja p. 050 3851912 <<a href=\"mailto:jaolsten@gmail.com\">mailto:<a href=\"mailto:jaolsten@gmail.com\" >jaolsten@gmail.com<\/a><\/a>> <a href=\"mailto:jaolsten@gmail.com\" >jaolsten@gmail.com<\/a><br \/>\nAntti Ahonen, Satakunnan Kokoomuksen toiminnanjohtaja p. 044 5359400 <<a href=\"mailto:antti.ahonen@kokoomus.fi\">mailto:<a href=\"mailto:antti.ahonen@kokoomus.fi\" >antti.ahonen@kokoomus.fi<\/a><\/a>> <a href=\"mailto:antti.ahonen@kokoomus.fi\" >antti.ahonen@kokoomus.fi<\/a><\/p>\n<p>Kaikki nimetyt Satakunnan Kokoomuksen aluevaaliehdokkaat:<\/p>\n<p>Aaltonen Jussi, majuri evp., upseeri, Merikarvia<br \/>\nAho Johanna, kauppatieteen kandidaatti, tradenomi, Kankaanp\u00e4\u00e4<br \/>\nAhola Kelpo, el\u00e4kel\u00e4inen, myyntip\u00e4\u00e4llikk\u00f6, Nakkila<br \/>\nAinasoja Eija, KTM, palvelutuotannonjohtaja, Rauma<br \/>\nAli-Raatikainen Raimo, yritt\u00e4j\u00e4, Huittinen<br \/>\nAnttila Taru, yritt\u00e4j\u00e4, johtaja, Pori<br \/>\nAromaa Markku, diplomi-insin\u00f6\u00f6ri, Pomarkku<br \/>\nBerg Tiina-Leena, ylioppilas, Ulvila<br \/>\nFilppula Pekka, Eura<br \/>\nFilppula Eero, j\u00e4rjestelm\u00e4asiantuntija, maanviljelij\u00e4, Eura<br \/>\nForsbacka Veera, markkinointip\u00e4\u00e4llikk\u00f6, Pori<br \/>\nHeino Lauri, valtiotieteiden maisteri, sosiaality\u00f6n johtaja,Rauma<br \/>\nHernberg Juha, yritt\u00e4j\u00e4, Ulvila<br \/>\nHollm\u00e9n Maria, johtava tietohallintoasiantuntija, Eurajoki<br \/>\nHolmlund Anne, aluevaltuuston puheenjohtaja, talousp\u00e4\u00e4llikk\u00f6, Ulvila<br \/>\nH\u00e4yry Ireene, filosofian maisteri, yritt\u00e4j\u00e4, koirakasvattaja, Luvia<br \/>\nH\u00f6ltt\u00e4 Atte, l\u00e4\u00e4k\u00e4ri, Huittinen<br \/>\nIsokorpi Kristiina, sosionomi (YAMK), sosiaali- ja terveysalan lehtori, Eurajoki<br \/>\nJaspa Marjo, S\u00e4kyl\u00e4<br \/>\nJoutsenlahti Juha, ylikomisario, poliisi, Pori<br \/>\nJ\u00e4rvinen Henri, myyj\u00e4, Pori<br \/>\nJ\u00e4rvinen Emilia, opiskelija, Pori<br \/>\nKaski Bia, asiakkuusp\u00e4\u00e4llikk\u00f6, Pori<br \/>\nKaunistola Mari, ekonomi, kansanedustaja, Pori<br \/>\nKerstinen Anne, opettaja, opiskelija, Ulvila<br \/>\nKoivula Elli-Maria, ylioppilas, opiskelija, Nakkila<br \/>\nKortessalo Johanna, sairaanhoitaja AMK, rakennusmestari, Pori<br \/>\nKossi Lassi, opiskelija, Pori<br \/>\nKusmin Pasi, hallitusammattilainen, rakennusinsin\u00f6\u00f6ri, Lappi<br \/>\nKuusiluoma Maria, teatteritaiteen maisteri, n\u00e4yttelij\u00e4, Pori<br \/>\nKyh\u00e4 Henna, kasvatustieteen tohtori, tutkimusp\u00e4\u00e4llikk\u00f6, Pori<br \/>\nK\u00e4hk\u00f6nen Kari, kasvatustieteen maisteri, rehtori, Kankaanp\u00e4\u00e4<br \/>\nLahtinen Peetu, yritt\u00e4j\u00e4, Pori<br \/>\nLahto Christa, toimitusjohtaja, Pori<br \/>\nLaine Jyrki, toimitusjohtaja, yritt\u00e4j\u00e4, Pori<br \/>\nLampela Marja, henkil\u00f6st\u00f6suunnittelup\u00e4\u00e4llikk\u00f6, Rauma<br \/>\nLehtonen Tomi, yritt\u00e4j\u00e4, Pori<br \/>\nLeija Jari, johtaja, Eura<br \/>\nLuodesmeri Juuso, yritt\u00e4j\u00e4, Eurajoki<br \/>\nL\u00e4hteenm\u00e4ki Mika, ensihoidon kentt\u00e4johtaja, sairaanhoitaja AMK, pori<br \/>\nMalinen Emma, lukio-opiskelija, Rauma<br \/>\nMichelin Aaron, yritt\u00e4j\u00e4neuvos, Pori<br \/>\nMyllymaa Verna, opiskelija, kasvatustieteen kandidaatti, Rauma<br \/>\nM\u00e4kinen Jaana, liiketalouden tradenomi YAMK, keitti\u00f6p\u00e4\u00e4llikk\u00f6, Pori<br \/>\nM\u00e4kip\u00e4\u00e4 Tiia, kouluvalmentaja, yritt\u00e4j\u00e4, Ulvila<br \/>\nNordberg Mea, erityisopettaja, Rauma<br \/>\nNurmela Jenni, sosionomi, IT-tradenomi, Pori<br \/>\nOhrank\u00e4mmen Jukka, yritt\u00e4j\u00e4, Karvia<br \/>\nOksa Tomi, tuotanto-operaattori, Rauma<br \/>\nPool Nicolas, opiskelija, Rauma<br \/>\nPuumala  Jari, yritt\u00e4j\u00e4, Pori<br \/>\nRae Maria, konttorinjohtaja, Eurajoki<br \/>\nRaita Satu, hammashoitaja, Pori<br \/>\nRaitakari Hilkka, kauppatieteiden maisteri, lehtori, Pori<br \/>\nRaitanen Rauli, toimitusjohtaja, yritt\u00e4j\u00e4, Ulvila<br \/>\nRaivonen Juha, maanviljelij\u00e4, Ulvila<br \/>\nRajala Katri-Piia (sit.), tutkimusp\u00e4\u00e4llikk\u00f6, Merikarvia<br \/>\nRanne Anne-Mari, Pori<br \/>\nRantala Roope, oikeustieteen ylioppilas, Ulvila<br \/>\nRautanen Maria, diplomi-insin\u00f6\u00f6ri, tekninen asiantuntija, Pori<br \/>\nRopo Mikael, yritt\u00e4j\u00e4, Pori<br \/>\nRouhiainen Jani, oikeustieteen maisteri, julkinen oikeusavustaja, Pori<br \/>\nRoutakangas Timo, yritt\u00e4j\u00e4, Huittinen<br \/>\nSallila Jarmo, yritt\u00e4j\u00e4, Eurajoki<br \/>\nSallinen Anu, yhteiskuntatieteiden kandidaatti, HHJ, Rauma<br \/>\nSalminen Sanna-Kaisa, valtiotieteiden maisteri, yhteiskuntatieteiden kandidaatti, Rauma<br \/>\nSalo Arja, varhaiskasvatuksen opettaja, p\u00e4iv\u00e4kodin johtaja, Eura<br \/>\nSiitari Johanna, kasvatustieteen lisensiaatti, rehtori, Pori<br \/>\nSirola Teija, myyntip\u00e4\u00e4llikk\u00f6, Rauma<br \/>\nStenfors Jarkko, MBA, projektinjohtaja, Ulvila<br \/>\nTanhuanp\u00e4\u00e4 Saija, kasvatustieteen maisteri, v\u00e4it\u00f6skirjatutkija, Rauma<br \/>\nTarvainen Nea, kasvatustieteiden ylioppilas, koordinaattori, Pori<br \/>\nTiljander Terhi, matkailupalvelujen tuottaja, j\u00e4rjest\u00f6- ja vaalikoordinaattori, Pori<br \/>\nTuominen Hanna, kauppatieteen maisteri, johtajuuskehitt\u00e4j\u00e4, Eurajoki<br \/>\nTuomisaari-Maksimainen Petra, tradenomi BBA, yritt\u00e4j\u00e4, Pori<br \/>\nUljas Heikki, yleisl\u00e4\u00e4ketieteen erikoisl\u00e4\u00e4k\u00e4ri, ty\u00f6terveysl\u00e4\u00e4k\u00e4ri, Harjavalta<br \/>\nVahteristo Samu, yhteiskuntatieteiden kandidaatti, viestinn\u00e4n asiantuntija, Rauma<br \/>\nVainio Minni, Pori<br \/>\nVallim\u00e4ki Nita, asiantuntija, Kokem\u00e4ki<br \/>\nVilponen Raija, myynti-\/kehitysjohtaja, Eurajoki<br \/>\nV\u00e4lim\u00e4ki Viliina, luokanopettaja, yritt\u00e4j\u00e4, Pori<br \/>\nWalli Helvi, kunnallisneuvos, Pori<\/p>\n<div class=\"postie-attachments\"><a href=\"http:\/\/www.deski.fi\/?attachment_id=784\"><img decoding=\"async\" src=\"http:\/\/www.deski.fi\/wp-content\/uploads\/2025\/06\/image-300x94.png\" alt=\"\" width=\"300px\" height=\"94px\" class=\"alignnone size-medium wp-image-784\" srcset=\"https:\/\/www.deski.fi\/wp-content\/uploads\/2025\/06\/image-300x94.png 300w, https:\/\/www.deski.fi\/wp-content\/uploads\/2025\/06\/image-230x72.png 230w, https:\/\/www.deski.fi\/wp-content\/uploads\/2025\/06\/image-350x110.png 350w, https:\/\/www.deski.fi\/wp-content\/uploads\/2025\/06\/image-480x151.png 480w, https:\/\/www.deski.fi\/wp-content\/uploads\/2025\/06\/image.png 748w\" sizes=\"(max-width: 300px) 100vw, 300px\" \/><\/a><\/div>\n<\/div>\n","protected":false},"excerpt":{"rendered":"<p>TIEDOTE: Kokoomus kasvatti Satakunnassa kuntavaalien ehdokasm\u00e4\u00e4r\u00e4\u00e4 ja asetti t\u00e4yden aluevaaliehdokaslistan TIEDOTE: Kokoomus kasvatti Satakunnassa kuntavaalien ehdokasm\u00e4\u00e4r\u00e4\u00e4 ja asetti t\u00e4yden aluevaaliehdokaslistan Satakunnan Kokoomus \u0096 TIEDOTE 5.3.2025 JULKAISUVAPAA HETI Satakunnan kokoomuspiirin johto tiedottaa riemuitsevansa puolueen [&hellip;]<\/p>\n","protected":false},"author":1,"featured_media":784,"comment_status":"closed","ping_status":"open","sticky":false,"template":"","format":"standard","meta":{"_jetpack_memberships_contains_paid_content":false,"footnotes":""},"categories":[1],"tags":[],"class_list":["post-783","post","type-post","status-publish","format-standard","has-post-thumbnail","hentry","category-luokittelematon"],"yoast_head":"<!-- This site is optimized with the Yoast SEO plugin v27.4 - https:\/\/yoast.com\/product\/yoast-seo-wordpress\/ -->\n<title>Kokoomus kasvatti Satakunnassa kuntavaalien ehdokasm\u00e4\u00e4r\u00e4\u00e4 ja asetti t\u00e4yden aluevaaliehdokaslistan - deski.fi<\/title>\n<meta name=\"robots\" content=\"index, follow, max-snippet:-1, max-image-preview:large, max-video-preview:-1\" \/>\n<link rel=\"canonical\" href=\"https:\/\/www.deski.fi\/?p=783\" \/>\n<meta property=\"og:locale\" content=\"fi_FI\" \/>\n<meta property=\"og:type\" content=\"article\" \/>\n<meta property=\"og:title\" content=\"Kokoomus kasvatti Satakunnassa kuntavaalien ehdokasm\u00e4\u00e4r\u00e4\u00e4 ja asetti t\u00e4yden aluevaaliehdokaslistan - deski.fi\" \/>\n<meta property=\"og:description\" content=\"TIEDOTE: Kokoomus kasvatti Satakunnassa kuntavaalien ehdokasm\u00e4\u00e4r\u00e4\u00e4 ja asetti t\u00e4yden aluevaaliehdokaslistan TIEDOTE: Kokoomus kasvatti Satakunnassa kuntavaalien ehdokasm\u00e4\u00e4r\u00e4\u00e4 ja asetti t\u00e4yden aluevaaliehdokaslistan Satakunnan Kokoomus \u0096 TIEDOTE 5.3.2025 JULKAISUVAPAA HETI Satakunnan kokoomuspiirin johto tiedottaa riemuitsevansa puolueen [&hellip;]\" \/>\n<meta property=\"og:url\" content=\"https:\/\/www.deski.fi\/?p=783\" \/>\n<meta property=\"og:site_name\" content=\"deski.fi\" \/>\n<meta property=\"article:published_time\" content=\"2025-03-05T11:25:00+00:00\" \/>\n<meta property=\"article:modified_time\" content=\"2025-06-06T15:22:08+00:00\" \/>\n<meta property=\"og:image\" content=\"https:\/\/www.deski.fi\/wp-content\/uploads\/2025\/06\/image.png\" \/>\n\t<meta property=\"og:image:width\" content=\"748\" \/>\n\t<meta property=\"og:image:height\" content=\"235\" \/>\n\t<meta property=\"og:image:type\" content=\"image\/png\" \/>\n<meta name=\"author\" content=\"deski\" \/>\n<meta name=\"twitter:card\" content=\"summary_large_image\" \/>\n<meta name=\"twitter:label1\" content=\"Kirjoittanut\" \/>\n\t<meta name=\"twitter:data1\" content=\"deski\" \/>\n\t<meta name=\"twitter:label2\" content=\"Arvioitu lukuaika\" \/>\n\t<meta name=\"twitter:data2\" content=\"6 minuuttia\" \/>\n<script type=\"application\/ld+json\" class=\"yoast-schema-graph\">{\"@context\":\"https:\\\/\\\/schema.org\",\"@graph\":[{\"@type\":\"Article\",\"@id\":\"https:\\\/\\\/www.deski.fi\\\/?p=783#article\",\"isPartOf\":{\"@id\":\"https:\\\/\\\/www.deski.fi\\\/?p=783\"},\"author\":{\"name\":\"deski\",\"@id\":\"https:\\\/\\\/www.deski.fi\\\/#\\\/schema\\\/person\\\/8bd75e57167679d4a7655a115984c5cc\"},\"headline\":\"Kokoomus kasvatti Satakunnassa kuntavaalien ehdokasm\u00e4\u00e4r\u00e4\u00e4 ja asetti t\u00e4yden aluevaaliehdokaslistan\",\"datePublished\":\"2025-03-05T11:25:00+00:00\",\"dateModified\":\"2025-06-06T15:22:08+00:00\",\"mainEntityOfPage\":{\"@id\":\"https:\\\/\\\/www.deski.fi\\\/?p=783\"},\"wordCount\":851,\"image\":{\"@id\":\"https:\\\/\\\/www.deski.fi\\\/?p=783#primaryimage\"},\"thumbnailUrl\":\"https:\\\/\\\/www.deski.fi\\\/wp-content\\\/uploads\\\/2025\\\/06\\\/image.png\",\"articleSection\":[\"Luokittelematon\"],\"inLanguage\":\"fi\"},{\"@type\":\"WebPage\",\"@id\":\"https:\\\/\\\/www.deski.fi\\\/?p=783\",\"url\":\"https:\\\/\\\/www.deski.fi\\\/?p=783\",\"name\":\"Kokoomus kasvatti Satakunnassa kuntavaalien ehdokasm\u00e4\u00e4r\u00e4\u00e4 ja asetti t\u00e4yden aluevaaliehdokaslistan - deski.fi\",\"isPartOf\":{\"@id\":\"https:\\\/\\\/www.deski.fi\\\/#website\"},\"primaryImageOfPage\":{\"@id\":\"https:\\\/\\\/www.deski.fi\\\/?p=783#primaryimage\"},\"image\":{\"@id\":\"https:\\\/\\\/www.deski.fi\\\/?p=783#primaryimage\"},\"thumbnailUrl\":\"https:\\\/\\\/www.deski.fi\\\/wp-content\\\/uploads\\\/2025\\\/06\\\/image.png\",\"datePublished\":\"2025-03-05T11:25:00+00:00\",\"dateModified\":\"2025-06-06T15:22:08+00:00\",\"author\":{\"@id\":\"https:\\\/\\\/www.deski.fi\\\/#\\\/schema\\\/person\\\/8bd75e57167679d4a7655a115984c5cc\"},\"breadcrumb\":{\"@id\":\"https:\\\/\\\/www.deski.fi\\\/?p=783#breadcrumb\"},\"inLanguage\":\"fi\",\"potentialAction\":[{\"@type\":\"ReadAction\",\"target\":[\"https:\\\/\\\/www.deski.fi\\\/?p=783\"]}]},{\"@type\":\"ImageObject\",\"inLanguage\":\"fi\",\"@id\":\"https:\\\/\\\/www.deski.fi\\\/?p=783#primaryimage\",\"url\":\"https:\\\/\\\/www.deski.fi\\\/wp-content\\\/uploads\\\/2025\\\/06\\\/image.png\",\"contentUrl\":\"https:\\\/\\\/www.deski.fi\\\/wp-content\\\/uploads\\\/2025\\\/06\\\/image.png\",\"width\":748,\"height\":235},{\"@type\":\"BreadcrumbList\",\"@id\":\"https:\\\/\\\/www.deski.fi\\\/?p=783#breadcrumb\",\"itemListElement\":[{\"@type\":\"ListItem\",\"position\":1,\"name\":\"Etusivu\",\"item\":\"https:\\\/\\\/www.deski.fi\\\/\"},{\"@type\":\"ListItem\",\"position\":2,\"name\":\"Kokoomus kasvatti Satakunnassa kuntavaalien ehdokasm\u00e4\u00e4r\u00e4\u00e4 ja asetti t\u00e4yden aluevaaliehdokaslistan\"}]},{\"@type\":\"WebSite\",\"@id\":\"https:\\\/\\\/www.deski.fi\\\/#website\",\"url\":\"https:\\\/\\\/www.deski.fi\\\/\",\"name\":\"deski.fi\",\"description\":\"Kaikki tiedotteet yhdess&auml; paikassa.\",\"potentialAction\":[{\"@type\":\"SearchAction\",\"target\":{\"@type\":\"EntryPoint\",\"urlTemplate\":\"https:\\\/\\\/www.deski.fi\\\/?s={search_term_string}\"},\"query-input\":{\"@type\":\"PropertyValueSpecification\",\"valueRequired\":true,\"valueName\":\"search_term_string\"}}],\"inLanguage\":\"fi\"},{\"@type\":\"Person\",\"@id\":\"https:\\\/\\\/www.deski.fi\\\/#\\\/schema\\\/person\\\/8bd75e57167679d4a7655a115984c5cc\",\"name\":\"deski\",\"image\":{\"@type\":\"ImageObject\",\"inLanguage\":\"fi\",\"@id\":\"https:\\\/\\\/secure.gravatar.com\\\/avatar\\\/c0990e16eceeb9f9e57c62830d9dbc4a49e1be722381d63aee238afb4a7fbe91?s=96&d=mm&r=g\",\"url\":\"https:\\\/\\\/secure.gravatar.com\\\/avatar\\\/c0990e16eceeb9f9e57c62830d9dbc4a49e1be722381d63aee238afb4a7fbe91?s=96&d=mm&r=g\",\"contentUrl\":\"https:\\\/\\\/secure.gravatar.com\\\/avatar\\\/c0990e16eceeb9f9e57c62830d9dbc4a49e1be722381d63aee238afb4a7fbe91?s=96&d=mm&r=g\",\"caption\":\"deski\"},\"sameAs\":[\"http:\\\/\\\/www.deski.fi\"],\"url\":\"https:\\\/\\\/www.deski.fi\\\/?author=1\"}]}<\/script>\n<!-- \/ Yoast SEO plugin. -->","yoast_head_json":{"title":"Kokoomus kasvatti Satakunnassa kuntavaalien ehdokasm\u00e4\u00e4r\u00e4\u00e4 ja asetti t\u00e4yden aluevaaliehdokaslistan - deski.fi","robots":{"index":"index","follow":"follow","max-snippet":"max-snippet:-1","max-image-preview":"max-image-preview:large","max-video-preview":"max-video-preview:-1"},"canonical":"https:\/\/www.deski.fi\/?p=783","og_locale":"fi_FI","og_type":"article","og_title":"Kokoomus kasvatti Satakunnassa kuntavaalien ehdokasm\u00e4\u00e4r\u00e4\u00e4 ja asetti t\u00e4yden aluevaaliehdokaslistan - deski.fi","og_description":"TIEDOTE: Kokoomus kasvatti Satakunnassa kuntavaalien ehdokasm\u00e4\u00e4r\u00e4\u00e4 ja asetti t\u00e4yden aluevaaliehdokaslistan TIEDOTE: Kokoomus kasvatti Satakunnassa kuntavaalien ehdokasm\u00e4\u00e4r\u00e4\u00e4 ja asetti t\u00e4yden aluevaaliehdokaslistan Satakunnan Kokoomus \u0096 TIEDOTE 5.3.2025 JULKAISUVAPAA HETI Satakunnan kokoomuspiirin johto tiedottaa riemuitsevansa puolueen [&hellip;]","og_url":"https:\/\/www.deski.fi\/?p=783","og_site_name":"deski.fi","article_published_time":"2025-03-05T11:25:00+00:00","article_modified_time":"2025-06-06T15:22:08+00:00","og_image":[{"width":748,"height":235,"url":"https:\/\/www.deski.fi\/wp-content\/uploads\/2025\/06\/image.png","type":"image\/png"}],"author":"deski","twitter_card":"summary_large_image","twitter_misc":{"Kirjoittanut":"deski","Arvioitu lukuaika":"6 minuuttia"},"schema":{"@context":"https:\/\/schema.org","@graph":[{"@type":"Article","@id":"https:\/\/www.deski.fi\/?p=783#article","isPartOf":{"@id":"https:\/\/www.deski.fi\/?p=783"},"author":{"name":"deski","@id":"https:\/\/www.deski.fi\/#\/schema\/person\/8bd75e57167679d4a7655a115984c5cc"},"headline":"Kokoomus kasvatti Satakunnassa kuntavaalien ehdokasm\u00e4\u00e4r\u00e4\u00e4 ja asetti t\u00e4yden aluevaaliehdokaslistan","datePublished":"2025-03-05T11:25:00+00:00","dateModified":"2025-06-06T15:22:08+00:00","mainEntityOfPage":{"@id":"https:\/\/www.deski.fi\/?p=783"},"wordCount":851,"image":{"@id":"https:\/\/www.deski.fi\/?p=783#primaryimage"},"thumbnailUrl":"https:\/\/www.deski.fi\/wp-content\/uploads\/2025\/06\/image.png","articleSection":["Luokittelematon"],"inLanguage":"fi"},{"@type":"WebPage","@id":"https:\/\/www.deski.fi\/?p=783","url":"https:\/\/www.deski.fi\/?p=783","name":"Kokoomus kasvatti Satakunnassa kuntavaalien ehdokasm\u00e4\u00e4r\u00e4\u00e4 ja asetti t\u00e4yden aluevaaliehdokaslistan - deski.fi","isPartOf":{"@id":"https:\/\/www.deski.fi\/#website"},"primaryImageOfPage":{"@id":"https:\/\/www.deski.fi\/?p=783#primaryimage"},"image":{"@id":"https:\/\/www.deski.fi\/?p=783#primaryimage"},"thumbnailUrl":"https:\/\/www.deski.fi\/wp-content\/uploads\/2025\/06\/image.png","datePublished":"2025-03-05T11:25:00+00:00","dateModified":"2025-06-06T15:22:08+00:00","author":{"@id":"https:\/\/www.deski.fi\/#\/schema\/person\/8bd75e57167679d4a7655a115984c5cc"},"breadcrumb":{"@id":"https:\/\/www.deski.fi\/?p=783#breadcrumb"},"inLanguage":"fi","potentialAction":[{"@type":"ReadAction","target":["https:\/\/www.deski.fi\/?p=783"]}]},{"@type":"ImageObject","inLanguage":"fi","@id":"https:\/\/www.deski.fi\/?p=783#primaryimage","url":"https:\/\/www.deski.fi\/wp-content\/uploads\/2025\/06\/image.png","contentUrl":"https:\/\/www.deski.fi\/wp-content\/uploads\/2025\/06\/image.png","width":748,"height":235},{"@type":"BreadcrumbList","@id":"https:\/\/www.deski.fi\/?p=783#breadcrumb","itemListElement":[{"@type":"ListItem","position":1,"name":"Etusivu","item":"https:\/\/www.deski.fi\/"},{"@type":"ListItem","position":2,"name":"Kokoomus kasvatti Satakunnassa kuntavaalien ehdokasm\u00e4\u00e4r\u00e4\u00e4 ja asetti t\u00e4yden aluevaaliehdokaslistan"}]},{"@type":"WebSite","@id":"https:\/\/www.deski.fi\/#website","url":"https:\/\/www.deski.fi\/","name":"deski.fi","description":"Kaikki tiedotteet yhdess&auml; paikassa.","potentialAction":[{"@type":"SearchAction","target":{"@type":"EntryPoint","urlTemplate":"https:\/\/www.deski.fi\/?s={search_term_string}"},"query-input":{"@type":"PropertyValueSpecification","valueRequired":true,"valueName":"search_term_string"}}],"inLanguage":"fi"},{"@type":"Person","@id":"https:\/\/www.deski.fi\/#\/schema\/person\/8bd75e57167679d4a7655a115984c5cc","name":"deski","image":{"@type":"ImageObject","inLanguage":"fi","@id":"https:\/\/secure.gravatar.com\/avatar\/c0990e16eceeb9f9e57c62830d9dbc4a49e1be722381d63aee238afb4a7fbe91?s=96&d=mm&r=g","url":"https:\/\/secure.gravatar.com\/avatar\/c0990e16eceeb9f9e57c62830d9dbc4a49e1be722381d63aee238afb4a7fbe91?s=96&d=mm&r=g","contentUrl":"https:\/\/secure.gravatar.com\/avatar\/c0990e16eceeb9f9e57c62830d9dbc4a49e1be722381d63aee238afb4a7fbe91?s=96&d=mm&r=g","caption":"deski"},"sameAs":["http:\/\/www.deski.fi"],"url":"https:\/\/www.deski.fi\/?author=1"}]}},"jetpack_featured_media_url":"https:\/\/www.deski.fi\/wp-content\/uploads\/2025\/06\/image.png","jetpack_sharing_enabled":true,"_links":{"self":[{"href":"https:\/\/www.deski.fi\/index.php?rest_route=\/wp\/v2\/posts\/783","targetHints":{"allow":["GET"]}}],"collection":[{"href":"https:\/\/www.deski.fi\/index.php?rest_route=\/wp\/v2\/posts"}],"about":[{"href":"https:\/\/www.deski.fi\/index.php?rest_route=\/wp\/v2\/types\/post"}],"author":[{"embeddable":true,"href":"https:\/\/www.deski.fi\/index.php?rest_route=\/wp\/v2\/users\/1"}],"replies":[{"embeddable":true,"href":"https:\/\/www.deski.fi\/index.php?rest_route=%2Fwp%2Fv2%2Fcomments&post=783"}],"version-history":[{"count":1,"href":"https:\/\/www.deski.fi\/index.php?rest_route=\/wp\/v2\/posts\/783\/revisions"}],"predecessor-version":[{"id":849,"href":"https:\/\/www.deski.fi\/index.php?rest_route=\/wp\/v2\/posts\/783\/revisions\/849"}],"wp:featuredmedia":[{"embeddable":true,"href":"https:\/\/www.deski.fi\/index.php?rest_route=\/wp\/v2\/media\/784"}],"wp:attachment":[{"href":"https:\/\/www.deski.fi\/index.php?rest_route=%2Fwp%2Fv2%2Fmedia&parent=783"}],"wp:term":[{"taxonomy":"category","embeddable":true,"href":"https:\/\/www.deski.fi\/index.php?rest_route=%2Fwp%2Fv2%2Fcategories&post=783"},{"taxonomy":"post_tag","embeddable":true,"href":"https:\/\/www.deski.fi\/index.php?rest_route=%2Fwp%2Fv2%2Ftags&post=783"}],"curies":[{"name":"wp","href":"https:\/\/api.w.org\/{rel}","templated":true}]}}