{"id":732,"date":"2025-01-08T17:23:39","date_gmt":"2025-01-08T15:23:39","guid":{"rendered":"https:\/\/www.deski.fi\/?p=732"},"modified":"2025-01-08T17:26:15","modified_gmt":"2025-01-08T15:26:15","slug":"mikko-makelaisen-25-v-taiteilijajuhlavuosi-starttaa","status":"publish","type":"post","link":"https:\/\/www.deski.fi\/?p=732","title":{"rendered":"Mikko M\u00e4kel\u00e4isen 25-v.taiteilijajuhlavuosi starttaa"},"content":{"rendered":"<div class=\"postie-post\">Pressitiedote, singlejakelu<br \/>\n<<a href=\"https:\/\/grafiitti.creamailer.fi\/ac4\/jZinHUnwN\/d4R5l4AugbvqtV7LOtvqK\">grafiitti.creamailer.fi\/ac4\/jZinHUnwN\/d4R5l4AugbvqtV7LOtvqK<\/a>> Katso viesti selaimessa<\/p>\n<p>Pressitiedote<br \/>\n7.1.2025<\/p>\n<p> Mikko M\u00e4kel\u00e4inen juhlii t\u00e4n\u00e4 vuonna 25-vuotistaiteilijauraansa<br \/>\n Vuosi 2025 tuo juhlahumua iskelm\u00e4artisti Mikko M\u00e4kel\u00e4isen el\u00e4m\u00e4\u00e4n. M\u00e4kel\u00e4inen juhlistaa 25. vuottaan laulajana, muusikkona ja musiikintekij\u00e4n\u00e4.<\/p>\n<p> Mikko M\u00e4kel\u00e4isen ura alkoi jo vuonna 1999 h\u00e4nen voitettuaan Ponnahdus Pinnalle -laulukilpailun. Vuosi 2000 toi Mikolle televisoidun Suomen T\u00e4hti -kilpailun voiton, josta M\u00e4kel\u00e4inen ponnahti koko Suomen tietoisuuteen.<br \/>\nVuoden 2025 alkuun, perjantaina 10 tammikuuta, julkaistaan Kun pois olet mennyt -single. Se on laulu, joka kertoo toisen ihmisen menett\u00e4misest\u00e4. Tuottajan roolissa viime levyill\u00e4\u00e4n toiminut M\u00e4kel\u00e4inen kertoo: &#8221;Minusta t\u00e4m\u00e4 biisi vaati tietyll\u00e4 tavalla rauhaa, ja se on toteutettu poikkeuksellisesti soundillisesti hyvin pienin elementein.&#8221;<br \/>\nMikko juhlistaa uutta single\u00e4 vuoden ensimm\u00e4isill\u00e4 keikoillaan Kanarian Playa Del Inglesin Iskelm\u00e4baarissa. &#8221;Kun p\u00e4\u00e4see aurinkoon saamaan pienen irtioton Suomen talvesta, ollaan taas hyv\u00e4ss\u00e4 kuosissa ja aloitellaan sitten keikat Lohjalta tammikuun lopulla Myrskylyhty-b\u00e4ndin kanssa ja jatketaan tiivist\u00e4 juhlavuoden keikkailua&#8221;, pohtii Mikko.<br \/>\n&#8221;Keikkoja onneksi on koko uran ajan riitt\u00e4nyt ja edelleenkin. Olen iloinen, kun saa Suomineidon helmoista Lappiin asti esiinty\u00e4&#8221;, iloitsee Mikko. &#8221;Kuulette lis\u00e4\u00e4 juhlavuoden keikoista pian&#8221;.<br \/>\n<<a href=\"https:\/\/grafiitti.creamailer.fi\/ac4\/gBHx9n0\/d4R5l4AugbvqtV7LOtvqK\">grafiitti.creamailer.fi\/ac4\/gBHx9n0\/d4R5l4AugbvqtV7LOtvqK<\/a>> Katso keikkakalenteri.<br \/>\nTulossa on juhlavuoden kunniaksi oma pitk\u00e4soitto viel\u00e4 ennen kes\u00e4\u00e4, joka on jo j\u00e4rjesteyksess\u00e4\u00e4n kymmenes albumi. Levyn teko on loppusuoralla. Mikko &#038; Myrskylyhy vierailee viel\u00e4 muutaman kerran VK-studiolla, jonka j\u00e4lkeen homma on purkissa. Levyn kappaleista vastaa p\u00e4\u00e4osin M\u00e4kel\u00e4inen itse, kuten my\u00f6s nyt julkaistavan singlen sanoituksesta ja s\u00e4vellyksest\u00e4.<\/p>\n<p> Mikko M\u00e4kel\u00e4inen \u2013 Kun pois olet mennyt ISRC: FIMOM2500001 \/ MM2501 Julk. 10.1.2025<br \/>\nS\u00e4v, san. Mikko M\u00e4kel\u00e4inen Sov. Mikko M\u00e4kel\u00e4inen &#038; Myrskylyhty<br \/>\n\u00c4\u00e4nitys\/miksaus: Rami H\u00e4nninen, VK-Studio Masterointi: Svante Forsb\u00e4ck, Chartmakers Tuottaja: Mikko M\u00e4kel\u00e4inen<br \/>\nMuusikot: Rummut: Topias Lehtola Kitarat: Luukas Viskari Basso: Tuomo Huusko Koskettimet: Jouni Nieminen Haitari: Samuli Jokinen<br \/>\n\u2022 LATAA KAPPALE <<a href=\"https:\/\/grafiitti.creamailer.fi\/ac4\/u4VI5dvXG\/d4R5l4AugbvqtV7LOtvqK\">grafiitti.creamailer.fi\/ac4\/u4VI5dvXG\/d4R5l4AugbvqtV7LOtvqK<\/a>> Google Drivess\u00e4 >> WAV \/ kansi \/ info \/ pressikuva (300 dpi)<\/p>\n<p> <<a href=\"https:\/\/grafiitti.creamailer.fi\/ac4\/u4VI5dvXG\/d4R5l4AugbvqtV7LOtvqK\">grafiitti.creamailer.fi\/ac4\/u4VI5dvXG\/d4R5l4AugbvqtV7LOtvqK<\/a>> Latauslinkki Google Drive<\/p>\n<p>Mikko M\u00e4kel\u00e4inen<br \/>\n<<a href=\"https:\/\/grafiitti.creamailer.fi\/ac4\/8YupO5wlw\/d4R5l4AugbvqtV7LOtvqK\">grafiitti.creamailer.fi\/ac4\/8YupO5wlw\/d4R5l4AugbvqtV7LOtvqK<\/a>> Instagram |  <<a href=\"https:\/\/grafiitti.creamailer.fi\/ac4\/zhpF365e\/d4R5l4AugbvqtV7LOtvqK\">grafiitti.creamailer.fi\/ac4\/zhpF365e\/d4R5l4AugbvqtV7LOtvqK<\/a>> Facebook |  <<a href=\"https:\/\/grafiitti.creamailer.fi\/ac4\/HJFG0oywhP4\/d4R5l4AugbvqtV7LOtvqK\">grafiitti.creamailer.fi\/ac4\/HJFG0oywhP4\/d4R5l4AugbvqtV7LOtvqK<\/a>> Spotify |  <<a href=\"https:\/\/grafiitti.creamailer.fi\/ac4\/e1vznYh\/d4R5l4AugbvqtV7LOtvqK\">grafiitti.creamailer.fi\/ac4\/e1vznYh\/d4R5l4AugbvqtV7LOtvqK<\/a>> Youtube<br \/>\nKeikkamyynti \/ keikkakalenteri: <<a href=\"https:\/\/grafiitti.creamailer.fi\/ac4\/tvi1JigxqJ1\/d4R5l4AugbvqtV7LOtvqK\">grafiitti.creamailer.fi\/ac4\/tvi1JigxqJ1\/d4R5l4AugbvqtV7LOtvqK<\/a>> MagnumLive<\/p>\n<p> Promootio \/ haastattelupyynn\u00f6t: Grafiitti Pro Liisa Marjom\u00e4ki <<a href=\"mailto:mailto:grafiitti@grafiitti.fi\">mailto:mailto:<a href=\"mailto:grafiitti@grafiitti.fi\" >grafiitti@grafiitti.fi<\/a><\/a>> <a href=\"mailto:grafiitti@grafiitti.fi\" >grafiitti@grafiitti.fi<\/a><br \/>\n050 5254109 <<a href=\"https:\/\/grafiitti.creamailer.fi\/ac4\/IdIcC00\/d4R5l4AugbvqtV7LOtvqK\">grafiitti.creamailer.fi\/ac4\/IdIcC00\/d4R5l4AugbvqtV7LOtvqK<\/a>> <a href=\"http:\/\/www.grafiitti.fi\">www.grafiitti.fi<\/a><br \/>\n<<a href=\"https:\/\/grafiitti.creamailer.fi\/ac4\/BKBiaxm\/d4R5l4AugbvqtV7LOtvqK\">grafiitti.creamailer.fi\/ac4\/BKBiaxm\/d4R5l4AugbvqtV7LOtvqK<\/a>> Facebook |  <<a href=\"https:\/\/grafiitti.creamailer.fi\/ac4\/eWB0WKgCii\/d4R5l4AugbvqtV7LOtvqK\">grafiitti.creamailer.fi\/ac4\/eWB0WKgCii\/d4R5l4AugbvqtV7LOtvqK<\/a>> Instagram |  <<a href=\"https:\/\/grafiitti.creamailer.fi\/ac4\/OYudCaEzu4jF\/d4R5l4AugbvqtV7LOtvqK\">grafiitti.creamailer.fi\/ac4\/OYudCaEzu4jF\/d4R5l4AugbvqtV7LOtvqK<\/a>> LinkedIn<\/p>\n<p> <<a href=\"https:\/\/grafiitti.creamailer.fi\/ea5\/d4R5l4AugbvqtV7LOtvqK\/footer.gif\">grafiitti.creamailer.fi\/ea5\/d4R5l4AugbvqtV7LOtvqK\/footer.gif<\/a>><\/p>\n<div class=\"postie-attachments\"><a href=\"https:\/\/www.deski.fi\/?attachment_id=733\"><img decoding=\"async\" src=\"https:\/\/www.deski.fi\/wp-content\/uploads\/2025\/01\/bnw0evhdkm-bwlra28tbwfrzwxhaw5lbi0yns02mdb4ndaw-600x400-15162004-300x200.jpg\" alt=\"\" width=\"300px\" height=\"200px\" class=\"alignnone size-medium wp-image-733\" srcset=\"https:\/\/www.deski.fi\/wp-content\/uploads\/2025\/01\/bnw0evhdkm-bwlra28tbwfrzwxhaw5lbi0yns02mdb4ndaw-600x400-15162004-300x200.jpg 300w, https:\/\/www.deski.fi\/wp-content\/uploads\/2025\/01\/bnw0evhdkm-bwlra28tbwfrzwxhaw5lbi0yns02mdb4ndaw-600x400-15162004-230x153.jpg 230w, https:\/\/www.deski.fi\/wp-content\/uploads\/2025\/01\/bnw0evhdkm-bwlra28tbwfrzwxhaw5lbi0yns02mdb4ndaw-600x400-15162004-350x233.jpg 350w, https:\/\/www.deski.fi\/wp-content\/uploads\/2025\/01\/bnw0evhdkm-bwlra28tbwfrzwxhaw5lbi0yns02mdb4ndaw-600x400-15162004-480x320.jpg 480w, https:\/\/www.deski.fi\/wp-content\/uploads\/2025\/01\/bnw0evhdkm-bwlra28tbwfrzwxhaw5lbi0yns02mdb4ndaw-600x400-15162004.jpg 600w\" sizes=\"(max-width: 300px) 100vw, 300px\" \/><\/a><br \/>\n<a href=\"https:\/\/www.deski.fi\/?attachment_id=734\"><img decoding=\"async\" src=\"https:\/\/www.deski.fi\/wp-content\/uploads\/2025\/01\/btgiwwgpmd-bwlra28tbwfrzwxhaw5lbi1rdw4tcg9pcy1vbgv0lw1lbm55dc1jzhmyng1lzglh-1100x1333-15162010-300x300.jpg\" alt=\"\" width=\"300px\" height=\"300px\" class=\"alignnone size-medium wp-image-734\" srcset=\"https:\/\/www.deski.fi\/wp-content\/uploads\/2025\/01\/btgiwwgpmd-bwlra28tbwfrzwxhaw5lbi1rdw4tcg9pcy1vbgv0lw1lbm55dc1jzhmyng1lzglh-1100x1333-15162010-300x300.jpg 300w, https:\/\/www.deski.fi\/wp-content\/uploads\/2025\/01\/btgiwwgpmd-bwlra28tbwfrzwxhaw5lbi1rdw4tcg9pcy1vbgv0lw1lbm55dc1jzhmyng1lzglh-1100x1333-15162010-1024x1024.jpg 1024w, https:\/\/www.deski.fi\/wp-content\/uploads\/2025\/01\/btgiwwgpmd-bwlra28tbwfrzwxhaw5lbi1rdw4tcg9pcy1vbgv0lw1lbm55dc1jzhmyng1lzglh-1100x1333-15162010-150x150.jpg 150w, https:\/\/www.deski.fi\/wp-content\/uploads\/2025\/01\/btgiwwgpmd-bwlra28tbwfrzwxhaw5lbi1rdw4tcg9pcy1vbgv0lw1lbm55dc1jzhmyng1lzglh-1100x1333-15162010-768x768.jpg 768w, https:\/\/www.deski.fi\/wp-content\/uploads\/2025\/01\/btgiwwgpmd-bwlra28tbwfrzwxhaw5lbi1rdw4tcg9pcy1vbgv0lw1lbm55dc1jzhmyng1lzglh-1100x1333-15162010-1000x1000.jpg 1000w, https:\/\/www.deski.fi\/wp-content\/uploads\/2025\/01\/btgiwwgpmd-bwlra28tbwfrzwxhaw5lbi1rdw4tcg9pcy1vbgv0lw1lbm55dc1jzhmyng1lzglh-1100x1333-15162010-230x230.jpg 230w, https:\/\/www.deski.fi\/wp-content\/uploads\/2025\/01\/btgiwwgpmd-bwlra28tbwfrzwxhaw5lbi1rdw4tcg9pcy1vbgv0lw1lbm55dc1jzhmyng1lzglh-1100x1333-15162010-350x350.jpg 350w, https:\/\/www.deski.fi\/wp-content\/uploads\/2025\/01\/btgiwwgpmd-bwlra28tbwfrzwxhaw5lbi1rdw4tcg9pcy1vbgv0lw1lbm55dc1jzhmyng1lzglh-1100x1333-15162010-480x480.jpg 480w, https:\/\/www.deski.fi\/wp-content\/uploads\/2025\/01\/btgiwwgpmd-bwlra28tbwfrzwxhaw5lbi1rdw4tcg9pcy1vbgv0lw1lbm55dc1jzhmyng1lzglh-1100x1333-15162010.jpg 1100w\" sizes=\"(max-width: 300px) 100vw, 300px\" \/><\/a><br \/>\n<a href=\"https:\/\/www.deski.fi\/?attachment_id=735\"><img decoding=\"async\" src=\"https:\/\/www.deski.fi\/wp-content\/uploads\/2025\/01\/4fzzcznr7o-divider-shadow-300x13.png\" alt=\"\" width=\"300px\" height=\"13px\" class=\"alignnone size-medium wp-image-735\" srcset=\"https:\/\/www.deski.fi\/wp-content\/uploads\/2025\/01\/4fzzcznr7o-divider-shadow-300x13.png 300w, https:\/\/www.deski.fi\/wp-content\/uploads\/2025\/01\/4fzzcznr7o-divider-shadow-1024x43.png 1024w, https:\/\/www.deski.fi\/wp-content\/uploads\/2025\/01\/4fzzcznr7o-divider-shadow-768x32.png 768w, https:\/\/www.deski.fi\/wp-content\/uploads\/2025\/01\/4fzzcznr7o-divider-shadow-1000x42.png 1000w, https:\/\/www.deski.fi\/wp-content\/uploads\/2025\/01\/4fzzcznr7o-divider-shadow-230x10.png 230w, https:\/\/www.deski.fi\/wp-content\/uploads\/2025\/01\/4fzzcznr7o-divider-shadow-350x15.png 350w, https:\/\/www.deski.fi\/wp-content\/uploads\/2025\/01\/4fzzcznr7o-divider-shadow-480x20.png 480w, https:\/\/www.deski.fi\/wp-content\/uploads\/2025\/01\/4fzzcznr7o-divider-shadow.png 1200w\" sizes=\"(max-width: 300px) 100vw, 300px\" \/><\/a><br \/>\n<a href=\"https:\/\/www.deski.fi\/?attachment_id=736\"><img decoding=\"async\" src=\"https:\/\/www.deski.fi\/wp-content\/uploads\/2025\/01\/s51i3ykxcf-z3jhzmlpdhrplxbyb21vb3rpby1sb2dvlw5ldhrpmq-263x177-15162022.png\" alt=\"\" width=\"263px\" height=\"78px\" class=\"alignnone size-medium wp-image-736\" srcset=\"https:\/\/www.deski.fi\/wp-content\/uploads\/2025\/01\/s51i3ykxcf-z3jhzmlpdhrplxbyb21vb3rpby1sb2dvlw5ldhrpmq-263x177-15162022.png 263w, https:\/\/www.deski.fi\/wp-content\/uploads\/2025\/01\/s51i3ykxcf-z3jhzmlpdhrplxbyb21vb3rpby1sb2dvlw5ldhrpmq-263x177-15162022-230x68.png 230w\" sizes=\"(max-width: 263px) 100vw, 263px\" \/><\/a><\/div>\n<\/div>\n","protected":false},"excerpt":{"rendered":"<p>Pressitiedote, singlejakelu Katso viesti selaimessa Pressitiedote 7.1.2025 Mikko M\u00e4kel\u00e4inen juhlii t\u00e4n\u00e4 vuonna 25-vuotistaiteilijauraansa Vuosi 2025 tuo juhlahumua iskelm\u00e4artisti Mikko M\u00e4kel\u00e4isen el\u00e4m\u00e4\u00e4n. M\u00e4kel\u00e4inen juhlistaa 25. vuottaan laulajana, muusikkona ja musiikintekij\u00e4n\u00e4. Mikko M\u00e4kel\u00e4isen ura alkoi [&hellip;]<\/p>\n","protected":false},"author":1,"featured_media":733,"comment_status":"closed","ping_status":"open","sticky":false,"template":"","format":"standard","meta":{"_jetpack_memberships_contains_paid_content":false,"footnotes":""},"categories":[1],"tags":[],"class_list":["post-732","post","type-post","status-publish","format-standard","has-post-thumbnail","hentry","category-luokittelematon"],"yoast_head":"<!-- This site is optimized with the Yoast SEO plugin v27.4 - https:\/\/yoast.com\/product\/yoast-seo-wordpress\/ -->\n<title>Mikko M\u00e4kel\u00e4isen 25-v.taiteilijajuhlavuosi starttaa - deski.fi<\/title>\n<meta name=\"robots\" content=\"index, follow, max-snippet:-1, max-image-preview:large, max-video-preview:-1\" \/>\n<link rel=\"canonical\" href=\"https:\/\/www.deski.fi\/?p=732\" \/>\n<meta property=\"og:locale\" content=\"fi_FI\" \/>\n<meta property=\"og:type\" content=\"article\" \/>\n<meta property=\"og:title\" content=\"Mikko M\u00e4kel\u00e4isen 25-v.taiteilijajuhlavuosi starttaa - deski.fi\" \/>\n<meta property=\"og:description\" content=\"Pressitiedote, singlejakelu Katso viesti selaimessa Pressitiedote 7.1.2025 Mikko M\u00e4kel\u00e4inen juhlii t\u00e4n\u00e4 vuonna 25-vuotistaiteilijauraansa Vuosi 2025 tuo juhlahumua iskelm\u00e4artisti Mikko M\u00e4kel\u00e4isen el\u00e4m\u00e4\u00e4n. M\u00e4kel\u00e4inen juhlistaa 25. vuottaan laulajana, muusikkona ja musiikintekij\u00e4n\u00e4. Mikko M\u00e4kel\u00e4isen ura alkoi [&hellip;]\" \/>\n<meta property=\"og:url\" content=\"https:\/\/www.deski.fi\/?p=732\" \/>\n<meta property=\"og:site_name\" content=\"deski.fi\" \/>\n<meta property=\"article:published_time\" content=\"2025-01-08T15:23:39+00:00\" \/>\n<meta property=\"article:modified_time\" content=\"2025-01-08T15:26:15+00:00\" \/>\n<meta property=\"og:image\" content=\"https:\/\/www.deski.fi\/wp-content\/uploads\/2025\/01\/bnw0evhdkm-bwlra28tbwfrzwxhaw5lbi0yns02mdb4ndaw-600x400-15162004.jpg\" \/>\n\t<meta property=\"og:image:width\" content=\"600\" \/>\n\t<meta property=\"og:image:height\" content=\"400\" \/>\n\t<meta property=\"og:image:type\" content=\"image\/jpeg\" \/>\n<meta name=\"author\" content=\"deski\" \/>\n<meta name=\"twitter:card\" content=\"summary_large_image\" \/>\n<meta name=\"twitter:label1\" content=\"Kirjoittanut\" \/>\n\t<meta name=\"twitter:data1\" content=\"deski\" \/>\n\t<meta name=\"twitter:label2\" content=\"Arvioitu lukuaika\" \/>\n\t<meta name=\"twitter:data2\" content=\"2 minuuttia\" \/>\n<script type=\"application\/ld+json\" class=\"yoast-schema-graph\">{\"@context\":\"https:\\\/\\\/schema.org\",\"@graph\":[{\"@type\":\"Article\",\"@id\":\"https:\\\/\\\/www.deski.fi\\\/?p=732#article\",\"isPartOf\":{\"@id\":\"https:\\\/\\\/www.deski.fi\\\/?p=732\"},\"author\":{\"name\":\"deski\",\"@id\":\"https:\\\/\\\/www.deski.fi\\\/#\\\/schema\\\/person\\\/8bd75e57167679d4a7655a115984c5cc\"},\"headline\":\"Mikko M\u00e4kel\u00e4isen 25-v.taiteilijajuhlavuosi starttaa\",\"datePublished\":\"2025-01-08T15:23:39+00:00\",\"dateModified\":\"2025-01-08T15:26:15+00:00\",\"mainEntityOfPage\":{\"@id\":\"https:\\\/\\\/www.deski.fi\\\/?p=732\"},\"wordCount\":345,\"image\":{\"@id\":\"https:\\\/\\\/www.deski.fi\\\/?p=732#primaryimage\"},\"thumbnailUrl\":\"https:\\\/\\\/www.deski.fi\\\/wp-content\\\/uploads\\\/2025\\\/01\\\/bnw0evhdkm-bwlra28tbwfrzwxhaw5lbi0yns02mdb4ndaw-600x400-15162004.jpg\",\"articleSection\":[\"Luokittelematon\"],\"inLanguage\":\"fi\"},{\"@type\":\"WebPage\",\"@id\":\"https:\\\/\\\/www.deski.fi\\\/?p=732\",\"url\":\"https:\\\/\\\/www.deski.fi\\\/?p=732\",\"name\":\"Mikko M\u00e4kel\u00e4isen 25-v.taiteilijajuhlavuosi starttaa - deski.fi\",\"isPartOf\":{\"@id\":\"https:\\\/\\\/www.deski.fi\\\/#website\"},\"primaryImageOfPage\":{\"@id\":\"https:\\\/\\\/www.deski.fi\\\/?p=732#primaryimage\"},\"image\":{\"@id\":\"https:\\\/\\\/www.deski.fi\\\/?p=732#primaryimage\"},\"thumbnailUrl\":\"https:\\\/\\\/www.deski.fi\\\/wp-content\\\/uploads\\\/2025\\\/01\\\/bnw0evhdkm-bwlra28tbwfrzwxhaw5lbi0yns02mdb4ndaw-600x400-15162004.jpg\",\"datePublished\":\"2025-01-08T15:23:39+00:00\",\"dateModified\":\"2025-01-08T15:26:15+00:00\",\"author\":{\"@id\":\"https:\\\/\\\/www.deski.fi\\\/#\\\/schema\\\/person\\\/8bd75e57167679d4a7655a115984c5cc\"},\"breadcrumb\":{\"@id\":\"https:\\\/\\\/www.deski.fi\\\/?p=732#breadcrumb\"},\"inLanguage\":\"fi\",\"potentialAction\":[{\"@type\":\"ReadAction\",\"target\":[\"https:\\\/\\\/www.deski.fi\\\/?p=732\"]}]},{\"@type\":\"ImageObject\",\"inLanguage\":\"fi\",\"@id\":\"https:\\\/\\\/www.deski.fi\\\/?p=732#primaryimage\",\"url\":\"https:\\\/\\\/www.deski.fi\\\/wp-content\\\/uploads\\\/2025\\\/01\\\/bnw0evhdkm-bwlra28tbwfrzwxhaw5lbi0yns02mdb4ndaw-600x400-15162004.jpg\",\"contentUrl\":\"https:\\\/\\\/www.deski.fi\\\/wp-content\\\/uploads\\\/2025\\\/01\\\/bnw0evhdkm-bwlra28tbwfrzwxhaw5lbi0yns02mdb4ndaw-600x400-15162004.jpg\",\"width\":600,\"height\":400},{\"@type\":\"BreadcrumbList\",\"@id\":\"https:\\\/\\\/www.deski.fi\\\/?p=732#breadcrumb\",\"itemListElement\":[{\"@type\":\"ListItem\",\"position\":1,\"name\":\"Etusivu\",\"item\":\"https:\\\/\\\/www.deski.fi\\\/\"},{\"@type\":\"ListItem\",\"position\":2,\"name\":\"Mikko M\u00e4kel\u00e4isen 25-v.taiteilijajuhlavuosi starttaa\"}]},{\"@type\":\"WebSite\",\"@id\":\"https:\\\/\\\/www.deski.fi\\\/#website\",\"url\":\"https:\\\/\\\/www.deski.fi\\\/\",\"name\":\"deski.fi\",\"description\":\"Kaikki tiedotteet yhdess&auml; paikassa.\",\"potentialAction\":[{\"@type\":\"SearchAction\",\"target\":{\"@type\":\"EntryPoint\",\"urlTemplate\":\"https:\\\/\\\/www.deski.fi\\\/?s={search_term_string}\"},\"query-input\":{\"@type\":\"PropertyValueSpecification\",\"valueRequired\":true,\"valueName\":\"search_term_string\"}}],\"inLanguage\":\"fi\"},{\"@type\":\"Person\",\"@id\":\"https:\\\/\\\/www.deski.fi\\\/#\\\/schema\\\/person\\\/8bd75e57167679d4a7655a115984c5cc\",\"name\":\"deski\",\"image\":{\"@type\":\"ImageObject\",\"inLanguage\":\"fi\",\"@id\":\"https:\\\/\\\/secure.gravatar.com\\\/avatar\\\/c0990e16eceeb9f9e57c62830d9dbc4a49e1be722381d63aee238afb4a7fbe91?s=96&d=mm&r=g\",\"url\":\"https:\\\/\\\/secure.gravatar.com\\\/avatar\\\/c0990e16eceeb9f9e57c62830d9dbc4a49e1be722381d63aee238afb4a7fbe91?s=96&d=mm&r=g\",\"contentUrl\":\"https:\\\/\\\/secure.gravatar.com\\\/avatar\\\/c0990e16eceeb9f9e57c62830d9dbc4a49e1be722381d63aee238afb4a7fbe91?s=96&d=mm&r=g\",\"caption\":\"deski\"},\"sameAs\":[\"http:\\\/\\\/www.deski.fi\"],\"url\":\"https:\\\/\\\/www.deski.fi\\\/?author=1\"}]}<\/script>\n<!-- \/ Yoast SEO plugin. -->","yoast_head_json":{"title":"Mikko M\u00e4kel\u00e4isen 25-v.taiteilijajuhlavuosi starttaa - deski.fi","robots":{"index":"index","follow":"follow","max-snippet":"max-snippet:-1","max-image-preview":"max-image-preview:large","max-video-preview":"max-video-preview:-1"},"canonical":"https:\/\/www.deski.fi\/?p=732","og_locale":"fi_FI","og_type":"article","og_title":"Mikko M\u00e4kel\u00e4isen 25-v.taiteilijajuhlavuosi starttaa - deski.fi","og_description":"Pressitiedote, singlejakelu Katso viesti selaimessa Pressitiedote 7.1.2025 Mikko M\u00e4kel\u00e4inen juhlii t\u00e4n\u00e4 vuonna 25-vuotistaiteilijauraansa Vuosi 2025 tuo juhlahumua iskelm\u00e4artisti Mikko M\u00e4kel\u00e4isen el\u00e4m\u00e4\u00e4n. M\u00e4kel\u00e4inen juhlistaa 25. vuottaan laulajana, muusikkona ja musiikintekij\u00e4n\u00e4. Mikko M\u00e4kel\u00e4isen ura alkoi [&hellip;]","og_url":"https:\/\/www.deski.fi\/?p=732","og_site_name":"deski.fi","article_published_time":"2025-01-08T15:23:39+00:00","article_modified_time":"2025-01-08T15:26:15+00:00","og_image":[{"width":600,"height":400,"url":"https:\/\/www.deski.fi\/wp-content\/uploads\/2025\/01\/bnw0evhdkm-bwlra28tbwfrzwxhaw5lbi0yns02mdb4ndaw-600x400-15162004.jpg","type":"image\/jpeg"}],"author":"deski","twitter_card":"summary_large_image","twitter_misc":{"Kirjoittanut":"deski","Arvioitu lukuaika":"2 minuuttia"},"schema":{"@context":"https:\/\/schema.org","@graph":[{"@type":"Article","@id":"https:\/\/www.deski.fi\/?p=732#article","isPartOf":{"@id":"https:\/\/www.deski.fi\/?p=732"},"author":{"name":"deski","@id":"https:\/\/www.deski.fi\/#\/schema\/person\/8bd75e57167679d4a7655a115984c5cc"},"headline":"Mikko M\u00e4kel\u00e4isen 25-v.taiteilijajuhlavuosi starttaa","datePublished":"2025-01-08T15:23:39+00:00","dateModified":"2025-01-08T15:26:15+00:00","mainEntityOfPage":{"@id":"https:\/\/www.deski.fi\/?p=732"},"wordCount":345,"image":{"@id":"https:\/\/www.deski.fi\/?p=732#primaryimage"},"thumbnailUrl":"https:\/\/www.deski.fi\/wp-content\/uploads\/2025\/01\/bnw0evhdkm-bwlra28tbwfrzwxhaw5lbi0yns02mdb4ndaw-600x400-15162004.jpg","articleSection":["Luokittelematon"],"inLanguage":"fi"},{"@type":"WebPage","@id":"https:\/\/www.deski.fi\/?p=732","url":"https:\/\/www.deski.fi\/?p=732","name":"Mikko M\u00e4kel\u00e4isen 25-v.taiteilijajuhlavuosi starttaa - deski.fi","isPartOf":{"@id":"https:\/\/www.deski.fi\/#website"},"primaryImageOfPage":{"@id":"https:\/\/www.deski.fi\/?p=732#primaryimage"},"image":{"@id":"https:\/\/www.deski.fi\/?p=732#primaryimage"},"thumbnailUrl":"https:\/\/www.deski.fi\/wp-content\/uploads\/2025\/01\/bnw0evhdkm-bwlra28tbwfrzwxhaw5lbi0yns02mdb4ndaw-600x400-15162004.jpg","datePublished":"2025-01-08T15:23:39+00:00","dateModified":"2025-01-08T15:26:15+00:00","author":{"@id":"https:\/\/www.deski.fi\/#\/schema\/person\/8bd75e57167679d4a7655a115984c5cc"},"breadcrumb":{"@id":"https:\/\/www.deski.fi\/?p=732#breadcrumb"},"inLanguage":"fi","potentialAction":[{"@type":"ReadAction","target":["https:\/\/www.deski.fi\/?p=732"]}]},{"@type":"ImageObject","inLanguage":"fi","@id":"https:\/\/www.deski.fi\/?p=732#primaryimage","url":"https:\/\/www.deski.fi\/wp-content\/uploads\/2025\/01\/bnw0evhdkm-bwlra28tbwfrzwxhaw5lbi0yns02mdb4ndaw-600x400-15162004.jpg","contentUrl":"https:\/\/www.deski.fi\/wp-content\/uploads\/2025\/01\/bnw0evhdkm-bwlra28tbwfrzwxhaw5lbi0yns02mdb4ndaw-600x400-15162004.jpg","width":600,"height":400},{"@type":"BreadcrumbList","@id":"https:\/\/www.deski.fi\/?p=732#breadcrumb","itemListElement":[{"@type":"ListItem","position":1,"name":"Etusivu","item":"https:\/\/www.deski.fi\/"},{"@type":"ListItem","position":2,"name":"Mikko M\u00e4kel\u00e4isen 25-v.taiteilijajuhlavuosi starttaa"}]},{"@type":"WebSite","@id":"https:\/\/www.deski.fi\/#website","url":"https:\/\/www.deski.fi\/","name":"deski.fi","description":"Kaikki tiedotteet yhdess&auml; paikassa.","potentialAction":[{"@type":"SearchAction","target":{"@type":"EntryPoint","urlTemplate":"https:\/\/www.deski.fi\/?s={search_term_string}"},"query-input":{"@type":"PropertyValueSpecification","valueRequired":true,"valueName":"search_term_string"}}],"inLanguage":"fi"},{"@type":"Person","@id":"https:\/\/www.deski.fi\/#\/schema\/person\/8bd75e57167679d4a7655a115984c5cc","name":"deski","image":{"@type":"ImageObject","inLanguage":"fi","@id":"https:\/\/secure.gravatar.com\/avatar\/c0990e16eceeb9f9e57c62830d9dbc4a49e1be722381d63aee238afb4a7fbe91?s=96&d=mm&r=g","url":"https:\/\/secure.gravatar.com\/avatar\/c0990e16eceeb9f9e57c62830d9dbc4a49e1be722381d63aee238afb4a7fbe91?s=96&d=mm&r=g","contentUrl":"https:\/\/secure.gravatar.com\/avatar\/c0990e16eceeb9f9e57c62830d9dbc4a49e1be722381d63aee238afb4a7fbe91?s=96&d=mm&r=g","caption":"deski"},"sameAs":["http:\/\/www.deski.fi"],"url":"https:\/\/www.deski.fi\/?author=1"}]}},"jetpack_featured_media_url":"https:\/\/www.deski.fi\/wp-content\/uploads\/2025\/01\/bnw0evhdkm-bwlra28tbwfrzwxhaw5lbi0yns02mdb4ndaw-600x400-15162004.jpg","jetpack_sharing_enabled":true,"_links":{"self":[{"href":"https:\/\/www.deski.fi\/index.php?rest_route=\/wp\/v2\/posts\/732","targetHints":{"allow":["GET"]}}],"collection":[{"href":"https:\/\/www.deski.fi\/index.php?rest_route=\/wp\/v2\/posts"}],"about":[{"href":"https:\/\/www.deski.fi\/index.php?rest_route=\/wp\/v2\/types\/post"}],"author":[{"embeddable":true,"href":"https:\/\/www.deski.fi\/index.php?rest_route=\/wp\/v2\/users\/1"}],"replies":[{"embeddable":true,"href":"https:\/\/www.deski.fi\/index.php?rest_route=%2Fwp%2Fv2%2Fcomments&post=732"}],"version-history":[{"count":0,"href":"https:\/\/www.deski.fi\/index.php?rest_route=\/wp\/v2\/posts\/732\/revisions"}],"wp:featuredmedia":[{"embeddable":true,"href":"https:\/\/www.deski.fi\/index.php?rest_route=\/wp\/v2\/media\/733"}],"wp:attachment":[{"href":"https:\/\/www.deski.fi\/index.php?rest_route=%2Fwp%2Fv2%2Fmedia&parent=732"}],"wp:term":[{"taxonomy":"category","embeddable":true,"href":"https:\/\/www.deski.fi\/index.php?rest_route=%2Fwp%2Fv2%2Fcategories&post=732"},{"taxonomy":"post_tag","embeddable":true,"href":"https:\/\/www.deski.fi\/index.php?rest_route=%2Fwp%2Fv2%2Ftags&post=732"}],"curies":[{"name":"wp","href":"https:\/\/api.w.org\/{rel}","templated":true}]}}