{"id":569,"date":"2024-08-29T16:23:32","date_gmt":"2024-08-29T13:23:32","guid":{"rendered":"https:\/\/www.deski.fi\/?p=569"},"modified":"2024-09-03T08:02:04","modified_gmt":"2024-09-03T05:02:04","slug":"petri-laaksosen-taalla-pohjantahden-alla-petri-laaksonen-legendaariset-laulut-juhlakiertue-alkaa-15-lokakuuta","status":"publish","type":"post","link":"https:\/\/www.deski.fi\/?p=569","title":{"rendered":"Petri Laaksosen T\u00e4\u00e4ll\u00e4 Pohjant\u00e4hden alla \u2013 Petri Laaksonen Legendaariset laulut -juhlakiertue alkaa 15. lokakuuta"},"content":{"rendered":"<div class=\"postie-post\">Petri Laaksosen juhlakiertue alkaa 15. lokakuuta   *Tiedote 29.8.2024*<br \/>\nT\u00e4\u00e4ll\u00e4 Pohjant\u00e4hden alla \u2013 Petri Laaksonen Legendaariset laulut kiertue alkaa tiistaina 15. lokakuuta Porin Promenadikeskuksesta ja p\u00e4\u00e4ttyy sunnuntaina 27.10. Salon Teatteri PROVinssiin.<\/p>\n<p>Vuosi 2024 on laulaja-s\u00e4velt\u00e4j\u00e4-lauluntekij\u00e4 Petri Laaksosen juhlavuosi \u2013 ensimm\u00e4isest\u00e4 levyst\u00e4 T\u00e4\u00e4ll\u00e4 Pohjant\u00e4hden alla (1994) tulee kuluneeksi 30 vuotta. S\u00e4\u00e4nn\u00f6llinen p\u00e4iv\u00e4ty\u00f6 helsinkil\u00e4isen yl\u00e4asteen ja lukion musiikinopettajana sai j\u00e4\u00e4d\u00e4 ja monenlaiset estradit sek\u00e4 levytysstudiot kutsuivat. Kuluneiden vuosien aikana ensilevyn nimikkos\u00e4velm\u00e4st\u00e4 onkin muotoutunut yksi keskeisimmist\u00e4 lauluista kuvaamaan suomalaista mielenmaisemaa.<br \/>\n\u2013 \u201cVuosikausiin en ole tehnyt isoa konserttisalikiertuetta, joten innoissani olen suunnitellut ohjelmistoa. Olen eritt\u00e4in innostunut p\u00e4\u00e4stess\u00e4ni esitt\u00e4m\u00e4\u00e4n monipuolista s\u00e4veltuotantoani \u2013 aina iskelmist\u00e4 euroviisuhitteihin ja gospel-musiikin helmist\u00e4 runohenkisiin laulelmiin \u2013 huippumuusikoiden kanssa.<br \/>\nKoen olevani ennen kaikkea live-esiintyj\u00e4. Yleis\u00f6n kanssa syntyy silloin v\u00e4lit\u00f6n kontakti, joka antaa uskomattomasti voimaa minulle ja varmasti kuulijoillekin. Olen saanut el\u00e4\u00e4 nuoruuden unelmaani todeksi. Rakastan t\u00e4t\u00e4 ty\u00f6t\u00e4\u201d, Petri Laaksonen herkistyy kuvailemaan.<br \/>\nLokakuun juhlakiertue tuo saleihin tuttuja legendaarisia lauluja esim. T\u00e4\u00e4ll\u00e4 Pohjant\u00e4hden alla, El\u00e4k\u00f6\u00f6n el\u00e4m\u00e4, Sata salamaa, Kaikkea hyv\u00e4\u00e4, Oot voimani mun, Hyv\u00e4\u00e4 matkaa, \u00c4l\u00e4 pelk\u00e4\u00e4 el\u00e4m\u00e4\u00e4, Meren laulua kuuntelen, Tein lasinkuultavan laulun, In Memoriam, Hyv\u00e4 voittaa, Reissulaulu, Toivo on timanttia\u2026<br \/>\nPetri Laaksosen musiikista on muovautunut vahvaa perint\u00f6\u00e4, joka el\u00e4\u00e4 ja hengitt\u00e4\u00e4 suomalaisessa kulttuurissa. Lauluihin kiinnittyy niin syd\u00e4n kuin sielukin. Petri on tehnyt yhteisty\u00f6t\u00e4 monien tunnettujen suomalaisten artistien ja kuorojen kanssa. Panos suomalaiseen musiikkiin on merkitt\u00e4v\u00e4 ja ty\u00f6 on palkittu useilla musiikkialan palkinnoilla.<br \/>\nPetri Laaksonen on julkaissut nelj\u00e4toista soololevy\u00e4, joista viimeisin, Timanttia, julkaistiin syksyll\u00e4 2022. Monet h\u00e4nen levyist\u00e4\u00e4n on palkittu kullalla tai platinalla.<br \/>\n\u2013 \u201dSatsaan t\u00e4ysill\u00e4 lokakuuhun. Uskallan luvata t\u00e4ytel\u00e4ist\u00e4 musiikkiel\u00e4myst\u00e4, jossa liikutaan vahvasti tunteiden saralla laidasta laitaan\u201d, Petri jatkaa.<br \/>\nT\u00c4\u00c4LL\u00c4 POHJANT\u00c4HDEN ALLA PETRI LAAKSONEN Legendaariset laulut<br \/>\nti 15.10. Pori, Promenadikeskus \u2013 osta liput <<a href=\"https:\/\/www.lippu.fi\/event\/petri-laaksonen-taeaellae-pohjantaehden-alla-promenadikeskus-18578986\/\">www.lippu.fi\/event\/petri-laaksonen-taeaellae-pohjantaehden-alla-promenadikeskus-18578986\/<\/a>> to 17.10. Turku, Konserttitalo \u2013 osta liput <<a href=\"https:\/\/www.lippu.fi\/event\/petri-laaksonen-taeaellae-pohjantaehden-alla-turun-konserttitalo-18578890\/\">www.lippu.fi\/event\/petri-laaksonen-taeaellae-pohjantaehden-alla-turun-konserttitalo-18578890\/<\/a>> pe 18.10. J\u00e4rvenp\u00e4\u00e4, J\u00e4rvenp\u00e4\u00e4-talo \u2013 osta liput <<a href=\"https:\/\/www.lippu.fi\/event\/petri-laaksonen-taeaellae-pohjantaehden-alla-jaervenpaeae-talo-18556624\/\">www.lippu.fi\/event\/petri-laaksonen-taeaellae-pohjantaehden-alla-jaervenpaeae-talo-18556624\/<\/a>> su 20.10. Imatra, Kulttuuritalo Virta &#8211; osta liput <<a href=\"https:\/\/www.ticketmaster.fi\/event\/petri-laaksonen-taalla-pohjantahden-alla-lippuja\/340311\">www.ticketmaster.fi\/event\/petri-laaksonen-taalla-pohjantahden-alla-lippuja\/340311<\/a>> la 26.10. Tampere, Tampere-talo \u2013 osta liput <<a href=\"https:\/\/www.lippu.fi\/event\/petri-laaksonen-taeaellae-pohjantaehden-alla-tampere-talo-18579258\/\">www.lippu.fi\/event\/petri-laaksonen-taeaellae-pohjantaehden-alla-tampere-talo-18579258\/<\/a>> su 27.10. Salo, Teatteri PROVinssi \u2013 osta liput <<a href=\"https:\/\/www.lippu.fi\/event\/petri-laaksonen-taeaellae-pohjantaehden-alla-teatteri-provinssi-18576973\/\">www.lippu.fi\/event\/petri-laaksonen-taeaellae-pohjantaehden-alla-teatteri-provinssi-18576973\/<\/a>><br \/>\nKonsertit klo 19 \/ Imatra ja Salo klo 15. Kesto n. 2 h 30 min. V\u00e4liaika. Liput 40 e + palvelumaksu: Lippupiste \/ Imatralle Tickermaster ___________________<br \/>\nHaastattelupyynn\u00f6t: <a href=\"mailto:titta.holanne@gramofoni.fi\" >titta.holanne@gramofoni.fi<\/a> <<a href=\"mailto:titta.holanne@gramofoni.fi\">mailto:<a href=\"mailto:titta.holanne@gramofoni.fi\" >titta.holanne@gramofoni.fi<\/a><\/a>><br \/>\nGRAMOFONI OHJELMAMYYNTI &#8211; \u00c4\u00c4NIMAINONTA &#8211; STUDIO &#8211; TAPAHTUMATUOTANTO Rieskal\u00e4hteentie 68, TURKU <a href=\"http:\/\/www.gramofoni.fi\">www.gramofoni.fi<\/a> <<a href=\"http:\/\/www.gramofoni.fi\">www.gramofoni.fi<\/a>>  &#8211; fb: <a href=\"https:\/\/www.facebook.com\/gramofoni\">www.facebook.com\/gramofoni<\/a> insta: gramofonioy &#8211; <a href=\"mailto:myynti@gramofoni.fi\" >myynti@gramofoni.fi<\/a> <<a href=\"mailto:myynti@gramofoni.fi\">mailto:<a href=\"mailto:myynti@gramofoni.fi\" >myynti@gramofoni.fi<\/a><\/a>>  &#8211; <a href=\"https:\/\/kauppa.gramofoni.fi\/\">kauppa.gramofoni.fi\/<\/a><\/p>\n<div class=\"postie-attachments\"><a href=\"https:\/\/www.deski.fi\/?attachment_id=570\"><img decoding=\"async\" src=\"https:\/\/www.deski.fi\/wp-content\/uploads\/2024\/08\/Petrin-kiertue-viisi-870x460-1-300x159.jpg\" alt=\"\" width=\"300px\" height=\"159px\" class=\"alignnone size-medium wp-image-570\" srcset=\"https:\/\/www.deski.fi\/wp-content\/uploads\/2024\/08\/Petrin-kiertue-viisi-870x460-1-300x159.jpg 300w, https:\/\/www.deski.fi\/wp-content\/uploads\/2024\/08\/Petrin-kiertue-viisi-870x460-1-768x406.jpg 768w, https:\/\/www.deski.fi\/wp-content\/uploads\/2024\/08\/Petrin-kiertue-viisi-870x460-1-230x122.jpg 230w, https:\/\/www.deski.fi\/wp-content\/uploads\/2024\/08\/Petrin-kiertue-viisi-870x460-1-350x185.jpg 350w, https:\/\/www.deski.fi\/wp-content\/uploads\/2024\/08\/Petrin-kiertue-viisi-870x460-1-480x254.jpg 480w, https:\/\/www.deski.fi\/wp-content\/uploads\/2024\/08\/Petrin-kiertue-viisi-870x460-1.jpg 870w\" sizes=\"(max-width: 300px) 100vw, 300px\" \/><\/a><\/div>\n<\/div>\n","protected":false},"excerpt":{"rendered":"<p>Petri Laaksosen juhlakiertue alkaa 15. lokakuuta *Tiedote 29.8.2024* T\u00e4\u00e4ll\u00e4 Pohjant\u00e4hden alla \u2013 Petri Laaksonen Legendaariset laulut kiertue alkaa tiistaina 15. lokakuuta Porin Promenadikeskuksesta ja p\u00e4\u00e4ttyy sunnuntaina 27.10. Salon Teatteri PROVinssiin. Vuosi 2024 on [&hellip;]<\/p>\n","protected":false},"author":1,"featured_media":570,"comment_status":"closed","ping_status":"open","sticky":false,"template":"","format":"standard","meta":{"_jetpack_memberships_contains_paid_content":false,"footnotes":""},"categories":[12,13],"tags":[],"class_list":["post-569","post","type-post","status-publish","format-standard","has-post-thumbnail","hentry","category-taide","category-viihde"],"yoast_head":"<!-- This site is optimized with the Yoast SEO plugin v27.4 - https:\/\/yoast.com\/product\/yoast-seo-wordpress\/ -->\n<title>Petri Laaksosen T\u00e4\u00e4ll\u00e4 Pohjant\u00e4hden alla \u2013 Petri Laaksonen Legendaariset laulut -juhlakiertue alkaa 15. lokakuuta - deski.fi<\/title>\n<meta name=\"robots\" content=\"index, follow, max-snippet:-1, max-image-preview:large, max-video-preview:-1\" \/>\n<link rel=\"canonical\" href=\"https:\/\/www.deski.fi\/?p=569\" \/>\n<meta property=\"og:locale\" content=\"fi_FI\" \/>\n<meta property=\"og:type\" content=\"article\" \/>\n<meta property=\"og:title\" content=\"Petri Laaksosen T\u00e4\u00e4ll\u00e4 Pohjant\u00e4hden alla \u2013 Petri Laaksonen Legendaariset laulut -juhlakiertue alkaa 15. lokakuuta - deski.fi\" \/>\n<meta property=\"og:description\" content=\"Petri Laaksosen juhlakiertue alkaa 15. lokakuuta *Tiedote 29.8.2024* T\u00e4\u00e4ll\u00e4 Pohjant\u00e4hden alla \u2013 Petri Laaksonen Legendaariset laulut kiertue alkaa tiistaina 15. lokakuuta Porin Promenadikeskuksesta ja p\u00e4\u00e4ttyy sunnuntaina 27.10. Salon Teatteri PROVinssiin. Vuosi 2024 on [&hellip;]\" \/>\n<meta property=\"og:url\" content=\"https:\/\/www.deski.fi\/?p=569\" \/>\n<meta property=\"og:site_name\" content=\"deski.fi\" \/>\n<meta property=\"article:published_time\" content=\"2024-08-29T13:23:32+00:00\" \/>\n<meta property=\"article:modified_time\" content=\"2024-09-03T05:02:04+00:00\" \/>\n<meta property=\"og:image\" content=\"https:\/\/www.deski.fi\/wp-content\/uploads\/2024\/08\/Petrin-kiertue-viisi-870x460-1.jpg\" \/>\n\t<meta property=\"og:image:width\" content=\"870\" \/>\n\t<meta property=\"og:image:height\" content=\"460\" \/>\n\t<meta property=\"og:image:type\" content=\"image\/jpeg\" \/>\n<meta name=\"author\" content=\"deski\" \/>\n<meta name=\"twitter:card\" content=\"summary_large_image\" \/>\n<meta name=\"twitter:label1\" content=\"Kirjoittanut\" \/>\n\t<meta name=\"twitter:data1\" content=\"deski\" \/>\n\t<meta name=\"twitter:label2\" content=\"Arvioitu lukuaika\" \/>\n\t<meta name=\"twitter:data2\" content=\"2 minuuttia\" \/>\n<script type=\"application\/ld+json\" class=\"yoast-schema-graph\">{\"@context\":\"https:\\\/\\\/schema.org\",\"@graph\":[{\"@type\":\"Article\",\"@id\":\"https:\\\/\\\/www.deski.fi\\\/?p=569#article\",\"isPartOf\":{\"@id\":\"https:\\\/\\\/www.deski.fi\\\/?p=569\"},\"author\":{\"name\":\"deski\",\"@id\":\"https:\\\/\\\/www.deski.fi\\\/#\\\/schema\\\/person\\\/8bd75e57167679d4a7655a115984c5cc\"},\"headline\":\"Petri Laaksosen T\u00e4\u00e4ll\u00e4 Pohjant\u00e4hden alla \u2013 Petri Laaksonen Legendaariset laulut -juhlakiertue alkaa 15. lokakuuta\",\"datePublished\":\"2024-08-29T13:23:32+00:00\",\"dateModified\":\"2024-09-03T05:02:04+00:00\",\"mainEntityOfPage\":{\"@id\":\"https:\\\/\\\/www.deski.fi\\\/?p=569\"},\"wordCount\":401,\"image\":{\"@id\":\"https:\\\/\\\/www.deski.fi\\\/?p=569#primaryimage\"},\"thumbnailUrl\":\"https:\\\/\\\/www.deski.fi\\\/wp-content\\\/uploads\\\/2024\\\/08\\\/Petrin-kiertue-viisi-870x460-1.jpg\",\"articleSection\":[\"Taide\",\"Viihde\"],\"inLanguage\":\"fi\"},{\"@type\":\"WebPage\",\"@id\":\"https:\\\/\\\/www.deski.fi\\\/?p=569\",\"url\":\"https:\\\/\\\/www.deski.fi\\\/?p=569\",\"name\":\"Petri Laaksosen T\u00e4\u00e4ll\u00e4 Pohjant\u00e4hden alla \u2013 Petri Laaksonen Legendaariset laulut -juhlakiertue alkaa 15. lokakuuta - deski.fi\",\"isPartOf\":{\"@id\":\"https:\\\/\\\/www.deski.fi\\\/#website\"},\"primaryImageOfPage\":{\"@id\":\"https:\\\/\\\/www.deski.fi\\\/?p=569#primaryimage\"},\"image\":{\"@id\":\"https:\\\/\\\/www.deski.fi\\\/?p=569#primaryimage\"},\"thumbnailUrl\":\"https:\\\/\\\/www.deski.fi\\\/wp-content\\\/uploads\\\/2024\\\/08\\\/Petrin-kiertue-viisi-870x460-1.jpg\",\"datePublished\":\"2024-08-29T13:23:32+00:00\",\"dateModified\":\"2024-09-03T05:02:04+00:00\",\"author\":{\"@id\":\"https:\\\/\\\/www.deski.fi\\\/#\\\/schema\\\/person\\\/8bd75e57167679d4a7655a115984c5cc\"},\"breadcrumb\":{\"@id\":\"https:\\\/\\\/www.deski.fi\\\/?p=569#breadcrumb\"},\"inLanguage\":\"fi\",\"potentialAction\":[{\"@type\":\"ReadAction\",\"target\":[\"https:\\\/\\\/www.deski.fi\\\/?p=569\"]}]},{\"@type\":\"ImageObject\",\"inLanguage\":\"fi\",\"@id\":\"https:\\\/\\\/www.deski.fi\\\/?p=569#primaryimage\",\"url\":\"https:\\\/\\\/www.deski.fi\\\/wp-content\\\/uploads\\\/2024\\\/08\\\/Petrin-kiertue-viisi-870x460-1.jpg\",\"contentUrl\":\"https:\\\/\\\/www.deski.fi\\\/wp-content\\\/uploads\\\/2024\\\/08\\\/Petrin-kiertue-viisi-870x460-1.jpg\",\"width\":870,\"height\":460},{\"@type\":\"BreadcrumbList\",\"@id\":\"https:\\\/\\\/www.deski.fi\\\/?p=569#breadcrumb\",\"itemListElement\":[{\"@type\":\"ListItem\",\"position\":1,\"name\":\"Etusivu\",\"item\":\"https:\\\/\\\/www.deski.fi\\\/\"},{\"@type\":\"ListItem\",\"position\":2,\"name\":\"Petri Laaksosen T\u00e4\u00e4ll\u00e4 Pohjant\u00e4hden alla \u2013 Petri Laaksonen Legendaariset laulut -juhlakiertue alkaa 15. lokakuuta\"}]},{\"@type\":\"WebSite\",\"@id\":\"https:\\\/\\\/www.deski.fi\\\/#website\",\"url\":\"https:\\\/\\\/www.deski.fi\\\/\",\"name\":\"deski.fi\",\"description\":\"Kaikki tiedotteet yhdess&auml; paikassa.\",\"potentialAction\":[{\"@type\":\"SearchAction\",\"target\":{\"@type\":\"EntryPoint\",\"urlTemplate\":\"https:\\\/\\\/www.deski.fi\\\/?s={search_term_string}\"},\"query-input\":{\"@type\":\"PropertyValueSpecification\",\"valueRequired\":true,\"valueName\":\"search_term_string\"}}],\"inLanguage\":\"fi\"},{\"@type\":\"Person\",\"@id\":\"https:\\\/\\\/www.deski.fi\\\/#\\\/schema\\\/person\\\/8bd75e57167679d4a7655a115984c5cc\",\"name\":\"deski\",\"image\":{\"@type\":\"ImageObject\",\"inLanguage\":\"fi\",\"@id\":\"https:\\\/\\\/secure.gravatar.com\\\/avatar\\\/c0990e16eceeb9f9e57c62830d9dbc4a49e1be722381d63aee238afb4a7fbe91?s=96&d=mm&r=g\",\"url\":\"https:\\\/\\\/secure.gravatar.com\\\/avatar\\\/c0990e16eceeb9f9e57c62830d9dbc4a49e1be722381d63aee238afb4a7fbe91?s=96&d=mm&r=g\",\"contentUrl\":\"https:\\\/\\\/secure.gravatar.com\\\/avatar\\\/c0990e16eceeb9f9e57c62830d9dbc4a49e1be722381d63aee238afb4a7fbe91?s=96&d=mm&r=g\",\"caption\":\"deski\"},\"sameAs\":[\"http:\\\/\\\/www.deski.fi\"],\"url\":\"https:\\\/\\\/www.deski.fi\\\/?author=1\"}]}<\/script>\n<!-- \/ Yoast SEO plugin. -->","yoast_head_json":{"title":"Petri Laaksosen T\u00e4\u00e4ll\u00e4 Pohjant\u00e4hden alla \u2013 Petri Laaksonen Legendaariset laulut -juhlakiertue alkaa 15. lokakuuta - deski.fi","robots":{"index":"index","follow":"follow","max-snippet":"max-snippet:-1","max-image-preview":"max-image-preview:large","max-video-preview":"max-video-preview:-1"},"canonical":"https:\/\/www.deski.fi\/?p=569","og_locale":"fi_FI","og_type":"article","og_title":"Petri Laaksosen T\u00e4\u00e4ll\u00e4 Pohjant\u00e4hden alla \u2013 Petri Laaksonen Legendaariset laulut -juhlakiertue alkaa 15. lokakuuta - deski.fi","og_description":"Petri Laaksosen juhlakiertue alkaa 15. lokakuuta *Tiedote 29.8.2024* T\u00e4\u00e4ll\u00e4 Pohjant\u00e4hden alla \u2013 Petri Laaksonen Legendaariset laulut kiertue alkaa tiistaina 15. lokakuuta Porin Promenadikeskuksesta ja p\u00e4\u00e4ttyy sunnuntaina 27.10. Salon Teatteri PROVinssiin. Vuosi 2024 on [&hellip;]","og_url":"https:\/\/www.deski.fi\/?p=569","og_site_name":"deski.fi","article_published_time":"2024-08-29T13:23:32+00:00","article_modified_time":"2024-09-03T05:02:04+00:00","og_image":[{"width":870,"height":460,"url":"https:\/\/www.deski.fi\/wp-content\/uploads\/2024\/08\/Petrin-kiertue-viisi-870x460-1.jpg","type":"image\/jpeg"}],"author":"deski","twitter_card":"summary_large_image","twitter_misc":{"Kirjoittanut":"deski","Arvioitu lukuaika":"2 minuuttia"},"schema":{"@context":"https:\/\/schema.org","@graph":[{"@type":"Article","@id":"https:\/\/www.deski.fi\/?p=569#article","isPartOf":{"@id":"https:\/\/www.deski.fi\/?p=569"},"author":{"name":"deski","@id":"https:\/\/www.deski.fi\/#\/schema\/person\/8bd75e57167679d4a7655a115984c5cc"},"headline":"Petri Laaksosen T\u00e4\u00e4ll\u00e4 Pohjant\u00e4hden alla \u2013 Petri Laaksonen Legendaariset laulut -juhlakiertue alkaa 15. lokakuuta","datePublished":"2024-08-29T13:23:32+00:00","dateModified":"2024-09-03T05:02:04+00:00","mainEntityOfPage":{"@id":"https:\/\/www.deski.fi\/?p=569"},"wordCount":401,"image":{"@id":"https:\/\/www.deski.fi\/?p=569#primaryimage"},"thumbnailUrl":"https:\/\/www.deski.fi\/wp-content\/uploads\/2024\/08\/Petrin-kiertue-viisi-870x460-1.jpg","articleSection":["Taide","Viihde"],"inLanguage":"fi"},{"@type":"WebPage","@id":"https:\/\/www.deski.fi\/?p=569","url":"https:\/\/www.deski.fi\/?p=569","name":"Petri Laaksosen T\u00e4\u00e4ll\u00e4 Pohjant\u00e4hden alla \u2013 Petri Laaksonen Legendaariset laulut -juhlakiertue alkaa 15. lokakuuta - deski.fi","isPartOf":{"@id":"https:\/\/www.deski.fi\/#website"},"primaryImageOfPage":{"@id":"https:\/\/www.deski.fi\/?p=569#primaryimage"},"image":{"@id":"https:\/\/www.deski.fi\/?p=569#primaryimage"},"thumbnailUrl":"https:\/\/www.deski.fi\/wp-content\/uploads\/2024\/08\/Petrin-kiertue-viisi-870x460-1.jpg","datePublished":"2024-08-29T13:23:32+00:00","dateModified":"2024-09-03T05:02:04+00:00","author":{"@id":"https:\/\/www.deski.fi\/#\/schema\/person\/8bd75e57167679d4a7655a115984c5cc"},"breadcrumb":{"@id":"https:\/\/www.deski.fi\/?p=569#breadcrumb"},"inLanguage":"fi","potentialAction":[{"@type":"ReadAction","target":["https:\/\/www.deski.fi\/?p=569"]}]},{"@type":"ImageObject","inLanguage":"fi","@id":"https:\/\/www.deski.fi\/?p=569#primaryimage","url":"https:\/\/www.deski.fi\/wp-content\/uploads\/2024\/08\/Petrin-kiertue-viisi-870x460-1.jpg","contentUrl":"https:\/\/www.deski.fi\/wp-content\/uploads\/2024\/08\/Petrin-kiertue-viisi-870x460-1.jpg","width":870,"height":460},{"@type":"BreadcrumbList","@id":"https:\/\/www.deski.fi\/?p=569#breadcrumb","itemListElement":[{"@type":"ListItem","position":1,"name":"Etusivu","item":"https:\/\/www.deski.fi\/"},{"@type":"ListItem","position":2,"name":"Petri Laaksosen T\u00e4\u00e4ll\u00e4 Pohjant\u00e4hden alla \u2013 Petri Laaksonen Legendaariset laulut -juhlakiertue alkaa 15. lokakuuta"}]},{"@type":"WebSite","@id":"https:\/\/www.deski.fi\/#website","url":"https:\/\/www.deski.fi\/","name":"deski.fi","description":"Kaikki tiedotteet yhdess&auml; paikassa.","potentialAction":[{"@type":"SearchAction","target":{"@type":"EntryPoint","urlTemplate":"https:\/\/www.deski.fi\/?s={search_term_string}"},"query-input":{"@type":"PropertyValueSpecification","valueRequired":true,"valueName":"search_term_string"}}],"inLanguage":"fi"},{"@type":"Person","@id":"https:\/\/www.deski.fi\/#\/schema\/person\/8bd75e57167679d4a7655a115984c5cc","name":"deski","image":{"@type":"ImageObject","inLanguage":"fi","@id":"https:\/\/secure.gravatar.com\/avatar\/c0990e16eceeb9f9e57c62830d9dbc4a49e1be722381d63aee238afb4a7fbe91?s=96&d=mm&r=g","url":"https:\/\/secure.gravatar.com\/avatar\/c0990e16eceeb9f9e57c62830d9dbc4a49e1be722381d63aee238afb4a7fbe91?s=96&d=mm&r=g","contentUrl":"https:\/\/secure.gravatar.com\/avatar\/c0990e16eceeb9f9e57c62830d9dbc4a49e1be722381d63aee238afb4a7fbe91?s=96&d=mm&r=g","caption":"deski"},"sameAs":["http:\/\/www.deski.fi"],"url":"https:\/\/www.deski.fi\/?author=1"}]}},"jetpack_featured_media_url":"https:\/\/www.deski.fi\/wp-content\/uploads\/2024\/08\/Petrin-kiertue-viisi-870x460-1.jpg","jetpack_sharing_enabled":true,"_links":{"self":[{"href":"https:\/\/www.deski.fi\/index.php?rest_route=\/wp\/v2\/posts\/569","targetHints":{"allow":["GET"]}}],"collection":[{"href":"https:\/\/www.deski.fi\/index.php?rest_route=\/wp\/v2\/posts"}],"about":[{"href":"https:\/\/www.deski.fi\/index.php?rest_route=\/wp\/v2\/types\/post"}],"author":[{"embeddable":true,"href":"https:\/\/www.deski.fi\/index.php?rest_route=\/wp\/v2\/users\/1"}],"replies":[{"embeddable":true,"href":"https:\/\/www.deski.fi\/index.php?rest_route=%2Fwp%2Fv2%2Fcomments&post=569"}],"version-history":[{"count":1,"href":"https:\/\/www.deski.fi\/index.php?rest_route=\/wp\/v2\/posts\/569\/revisions"}],"predecessor-version":[{"id":581,"href":"https:\/\/www.deski.fi\/index.php?rest_route=\/wp\/v2\/posts\/569\/revisions\/581"}],"wp:featuredmedia":[{"embeddable":true,"href":"https:\/\/www.deski.fi\/index.php?rest_route=\/wp\/v2\/media\/570"}],"wp:attachment":[{"href":"https:\/\/www.deski.fi\/index.php?rest_route=%2Fwp%2Fv2%2Fmedia&parent=569"}],"wp:term":[{"taxonomy":"category","embeddable":true,"href":"https:\/\/www.deski.fi\/index.php?rest_route=%2Fwp%2Fv2%2Fcategories&post=569"},{"taxonomy":"post_tag","embeddable":true,"href":"https:\/\/www.deski.fi\/index.php?rest_route=%2Fwp%2Fv2%2Ftags&post=569"}],"curies":[{"name":"wp","href":"https:\/\/api.w.org\/{rel}","templated":true}]}}