{"id":565,"date":"2024-08-28T10:44:25","date_gmt":"2024-08-28T07:44:25","guid":{"rendered":"https:\/\/www.deski.fi\/?p=565"},"modified":"2024-09-03T08:02:20","modified_gmt":"2024-09-03T05:02:20","slug":"valokuvanayttely-studiomuusikoista","status":"publish","type":"post","link":"https:\/\/www.deski.fi\/?p=565","title":{"rendered":"Valokuvan\u00e4yttely studiomuusikoista"},"content":{"rendered":"<div class=\"postie-post\">Tiedote &#038; kutsu n\u00e4yttelyyn. Mika Toivanen paikalla Logomossa 2. &#8211; 4.9. ja antaa mielell\u00e4\u00e4n haastatteluja.<br \/>\nHelsingiss\u00e4 ollut ja parhahillaan Espossa oleva n\u00e4yttely jatkaa kulkuaan Turkuun; avajaiset Logomossa ke 4.9.2024. Tulossa Tampere ja H\u00e4meenlinna.<br \/>\nValokuvaaja Mika Toivasen Raitojen takana -n\u00e4yttely kertoo hiljaista tarinaa studiomuusikoista<br \/>\nN\u00e4yttelyn lis\u00e4ksi Toivanen on julkaissut valokuvistaan kirjan<\/p>\n<p>Mika Toivasen Raitojen takana -valokuvan\u00e4yttelyss\u00e4 on esill\u00e4 30 muotokuvaa maamme eniten levytt\u00e4neist\u00e4 studiomuusikoista, muusikoista tuhansien suomalaisten tuntemien hittien taustalla. N\u00e4m\u00e4 oman alansa huippuammattilaiset on kuvattu pelkistetysti, ilman soittimia. Valokuviin on tavoitettu persoona ja ennen kaikkea ihminen raitojen takaa. Kuvan yhteydess\u00e4 mainittu kappale on vain yksi heid\u00e4n monista levytyksist\u00e4\u00e4n.<br \/>\n&#8221;Raitojen takana -valokuvan\u00e4yttely on taltioinut kuviksi j\u00e4rk\u00e4lem\u00e4isen osan pitk\u00e4\u00e4 suomalaisen kevyen musiikin historiaa.<br \/>\n\u201cN\u00e4m\u00e4 valokuvat ovat pys\u00e4ytt\u00e4vi\u00e4 ja vivahteiltaan rikkaita. Niiss\u00e4 v\u00e4littyy ammattimuusikkomaailman ehk\u00e4 kiehtovin piirre. \u00c4\u00e4rimm\u00e4ist\u00e4 kurinalaisuutta ja sovituissa raameissa pit\u00e4ytymist\u00e4 vaativa ammatti on t\u00e4ynn\u00e4 luovia, r\u00e4iskyvi\u00e4 ja ennen kaikkea omituisella huumorintajulla siunattuja persoonallisuuksia. Muusikkokunnan individualistinen kirjo v\u00e4littyy hienosti n\u00e4ist\u00e4 kuvista.&#8221; N\u00e4in kirjoittaa populaarimusiikin suuri asiantuntija, toimittaja Pekka Laine n\u00e4yttelyesitteen alkusanoissa.<br \/>\nMika Toivanen, joka itsekin on toiminut aikoinaan studiomuusikkona ja tuottanut kymmenitt\u00e4in kappaleita lukuisille iskelm\u00e4t\u00e4hdille (Paula Koivuniemi, Anna Eriksson, Laura Voutilainen, Katri Helena, Jari Sillanp\u00e4\u00e4), pohtii n\u00e4yttelyns\u00e4 synty\u00e4:<br \/>\n&#8221;Kuten monet hienot asiat el\u00e4m\u00e4ss\u00e4, my\u00f6s Raitojen takana -projekti l\u00e4hti liikkeelle spontaanisti, miltei vahingossa, puhtaasta tekemisen riemusta. Raitojen takana -projektissa ei ole kysymys portfoliosta, kohteen oikeanlaisesta valaisusta tai edes muotokuvauksesta. Kyse on isommasta. Kyse on h\u00e4vi\u00e4m\u00e4ss\u00e4 olevan ammatin, mutta my\u00f6s ammattikunnan taltioimisesta ja niiden musiikin ammattilaisten kasvojen n\u00e4ytt\u00e4misest\u00e4, jotka v\u00e4kisinkin j\u00e4\u00e4v\u00e4t vain nimiksi levyjen kansiin.&#8221;<br \/>\nKATSO VIDEO MIKAN KERTOMANA HELSINGIN AVAJAISISTA (kev\u00e4t 2024):<br \/>\n<iframe title=\"RAITOJEN TAKANA | Valokuvan\u00e4yttely ja valokuvakirja\" width=\"1170\" height=\"658\" src=\"https:\/\/www.youtube.com\/embed\/FCS96Jbz9Oc?feature=oembed\" frameborder=\"0\" allow=\"accelerometer; autoplay; clipboard-write; encrypted-media; gyroscope; picture-in-picture; web-share\" referrerpolicy=\"strict-origin-when-cross-origin\" allowfullscreen><\/iframe><br \/>\nRaitojen takana -kirja<br \/>\nN\u00e4yttelyn lis\u00e4ksi Toivanen on julkaissut valokuvistaan valokuvakirjan. Kirjan sivuilla muusikon vieress\u00e4 seisoo kuin korvissa soivana lauluna yksi kyseisen muusikon kappaleista, jolla h\u00e4n on ollut mukana. Esimerkkin\u00e4 mainittakoon vaikkapa kirjan ensilehdill\u00e4 kuvattu &#8221;Tapani \u201cNappi Ikonen, rummut&#8221;, jonka viereen on asettautunut teksti \u201cLumi teki enkelin eteiseen &#8211; Hector&#8221;<\/p>\n<p>Yksi n\u00e4yttelyn ja kirjan valokuvista: Tapani \u201cNappi Ikonen, by Mika Toivanen.<\/p>\n<p>Kirjan esipuheissa toimittaja Pekka Laine lausuu: &#8221;Kirja on muusikon ja s\u00e4velt\u00e4j\u00e4n tekem\u00e4, ja se kuuluu ja n\u00e4kyy n\u00e4iss\u00e4 kuvissa. Niiss\u00e4 on rytmi\u00e4, melodista liitoa ja harmoniaa, joka nivoo yksityiskohdat osaksi suurempaa tarinaa. N\u00e4ist\u00e4 valokuvista piirtyy toden totta laajempi tarina populaarimusiikistamme ja sen inhimillisesti kiehtovasta historiasta.\u201d<br \/>\nN\u00e4yttelyn ja kirjan yhteisty\u00f6kumppaneina ovat Gramex, Genelec ja Finnfoto.<br \/>\nMIKA TOIVANEN, valokuvaaja<br \/>\nMika Toivanen on S\u00e4kyl\u00e4ss\u00e4 syntynyt ammattivalokuvaaja, joka pitk\u00e4\u00e4n asui Helsingiss\u00e4, nyky\u00e4\u00e4n Noorpankussa. H\u00e4nen kuvistaan v\u00e4littyy intensiivinen l\u00e4sn\u00e4olo sek\u00e4 vahva yhteys kuvattavaan. Toivanen on valmistunut valokuvaajamestariksi vuonna 2020 toimittuaan aiemmin yli 30 vuotta s\u00e4velt\u00e4j\u00e4n\u00e4 ja tuottajana. H\u00e4n on ty\u00f6skennellyt l\u00e4hes kaikkien n\u00e4yttelyn muotokuvissa esiintyvien muusikoiden kanssa niin studiossa kuin keikoillakin. T\u00e4m\u00e4 yhteys ja ty\u00f6toveruus n\u00e4kyy kuvissa selv\u00e4sti. Toivasen ensimm\u00e4inen n\u00e4yttely Minun Tangoni oli vuonna 2018.<br \/>\nKUTSU<br \/>\nToivotamme median edustajat n\u00e4yttelyyn ja avajaisiin. Toivanen antaa mielell\u00e4\u00e4n haastatteluja my\u00f6s ennakkoon ja on tavattavissa avajaisp\u00e4iv\u00e4n\u00e4 ennakkoon sovittaessa.<br \/>\nTiedustelut: <a href=\"mailto:grafiitti@grafiitti.fi\" >grafiitti@grafiitti.fi<\/a> <<a href=\"mailto:grafiitti@grafiitti.fi\">mailto:<a href=\"mailto:grafiitti@grafiitti.fi\" >grafiitti@grafiitti.fi<\/a><\/a>><br \/>\nMika Toivasen Raitojen Takana<br \/>\nTurku, Logomo, Teatro<br \/>\nN\u00e4yttely avoinna: 4.9. \u2013 21.10.2024, klo ke-to 16-22 pe-la 16-00<br \/>\nN\u00e4yttely on n\u00e4hty kev\u00e4\u00e4ll\u00e4 Helsingin Musiikkikeskuksessa ja parhaillaan Espoossa. Nyt vuorossa on Turku, my\u00f6hemmin syksyll\u00e4 H\u00e4meenlinna ja Tampere.<br \/>\n_______<br \/>\nPressikuvat ja materiaalia aiheesta:<br \/>\n<a href=\"https:\/\/www.dropbox.com\/scl\/fo\/mqewzff0rxxq9dce7xv4e\/h?rlkey=4mg04b5vo7cpf03gz0vgxan5z\">www.dropbox.com\/scl\/fo\/mqewzff0rxxq9dce7xv4e\/h?rlkey=4mg04b5vo7cpf03gz0vgxan5z<\/a> <<a href=\"https:\/\/www.dropbox.com\/scl\/fo\/mqewzff0rxxq9dce7xv4e\/h?rlkey=4mg04b5vo7cpf03gz0vgxan5z&#038;dl=0\">www.dropbox.com\/scl\/fo\/mqewzff0rxxq9dce7xv4e\/h?rlkey=4mg04b5vo7cpf03gz0vgxan5z&amp;dl=0<\/a>> &#038;dl=0<\/p>\n<p>Tiedotus \/ Mika Toivasen haastattelut:<br \/>\nGrafiitti Pro \/ Liisa Marjom\u00e4ki<\/p>\n<p><a href=\"mailto:grafiitti@grafiitti.fi\" >grafiitti@grafiitti.fi<\/a> <<a href=\"mailto:grafiitti@grafiitti.fi\">mailto:<a href=\"mailto:grafiitti@grafiitti.fi\" >grafiitti@grafiitti.fi<\/a><\/a>>  \/ 050 5254 109<\/p>\n<p><a href=\"https:\/\/www.grafiitti.fi\">www.grafiitti.fi<\/a> <<a href=\"https:\/\/www.grafiitti.fi\/\">www.grafiitti.fi\/<\/a>><br \/>\n<a href=\"https:\/\/www.facebook.com\/GrafiittiPro\">www.facebook.com\/GrafiittiPro<\/a><br \/>\n<a href=\"https:\/\/www.instagram.com\/grafiittipro\">www.instagram.com\/grafiittipro<\/a><\/p>\n<div class=\"postie-attachments\"><a href=\"https:\/\/www.deski.fi\/?attachment_id=566\"><img decoding=\"async\" src=\"https:\/\/www.deski.fi\/wp-content\/uploads\/2024\/08\/Mika_Toivanen_By_Nadi_Hammouda-300x228.png\" alt=\"\" width=\"300px\" height=\"228px\" class=\"alignnone size-medium wp-image-566\" srcset=\"https:\/\/www.deski.fi\/wp-content\/uploads\/2024\/08\/Mika_Toivanen_By_Nadi_Hammouda-300x228.png 300w, https:\/\/www.deski.fi\/wp-content\/uploads\/2024\/08\/Mika_Toivanen_By_Nadi_Hammouda-230x175.png 230w, https:\/\/www.deski.fi\/wp-content\/uploads\/2024\/08\/Mika_Toivanen_By_Nadi_Hammouda-350x266.png 350w, https:\/\/www.deski.fi\/wp-content\/uploads\/2024\/08\/Mika_Toivanen_By_Nadi_Hammouda-480x365.png 480w, https:\/\/www.deski.fi\/wp-content\/uploads\/2024\/08\/Mika_Toivanen_By_Nadi_Hammouda.png 631w\" sizes=\"(max-width: 300px) 100vw, 300px\" \/><\/a><br \/>\n<a href=\"https:\/\/www.deski.fi\/?attachment_id=567\"><img decoding=\"async\" src=\"https:\/\/www.deski.fi\/wp-content\/uploads\/2024\/08\/Tapani_Ikonen_by_Mika_Toivanen-300x233.png\" alt=\"\" width=\"300px\" height=\"233px\" class=\"alignnone size-medium wp-image-567\" srcset=\"https:\/\/www.deski.fi\/wp-content\/uploads\/2024\/08\/Tapani_Ikonen_by_Mika_Toivanen-300x233.png 300w, https:\/\/www.deski.fi\/wp-content\/uploads\/2024\/08\/Tapani_Ikonen_by_Mika_Toivanen-230x179.png 230w, https:\/\/www.deski.fi\/wp-content\/uploads\/2024\/08\/Tapani_Ikonen_by_Mika_Toivanen-350x272.png 350w, https:\/\/www.deski.fi\/wp-content\/uploads\/2024\/08\/Tapani_Ikonen_by_Mika_Toivanen-480x373.png 480w, https:\/\/www.deski.fi\/wp-content\/uploads\/2024\/08\/Tapani_Ikonen_by_Mika_Toivanen.png 617w\" sizes=\"(max-width: 300px) 100vw, 300px\" \/><\/a><\/div>\n<\/div>\n","protected":false},"excerpt":{"rendered":"<p>Tiedote &#038; kutsu n\u00e4yttelyyn. Mika Toivanen paikalla Logomossa 2. &#8211; 4.9. ja antaa mielell\u00e4\u00e4n haastatteluja. Helsingiss\u00e4 ollut ja parhahillaan Espossa oleva n\u00e4yttely jatkaa kulkuaan Turkuun; avajaiset Logomossa ke 4.9.2024. Tulossa Tampere ja H\u00e4meenlinna. [&hellip;]<\/p>\n","protected":false},"author":1,"featured_media":566,"comment_status":"closed","ping_status":"open","sticky":false,"template":"","format":"standard","meta":{"_jetpack_memberships_contains_paid_content":false,"footnotes":""},"categories":[12,16,13],"tags":[],"class_list":["post-565","post","type-post","status-publish","format-standard","has-post-thumbnail","hentry","category-taide","category-tapahtumat","category-viihde"],"yoast_head":"<!-- This site is optimized with the Yoast SEO plugin v27.4 - https:\/\/yoast.com\/product\/yoast-seo-wordpress\/ -->\n<title>Valokuvan\u00e4yttely studiomuusikoista - deski.fi<\/title>\n<meta name=\"robots\" content=\"index, follow, max-snippet:-1, max-image-preview:large, max-video-preview:-1\" \/>\n<link rel=\"canonical\" href=\"https:\/\/www.deski.fi\/?p=565\" \/>\n<meta property=\"og:locale\" content=\"fi_FI\" \/>\n<meta property=\"og:type\" content=\"article\" \/>\n<meta property=\"og:title\" content=\"Valokuvan\u00e4yttely studiomuusikoista - deski.fi\" \/>\n<meta property=\"og:description\" content=\"Tiedote &#038; kutsu n\u00e4yttelyyn. Mika Toivanen paikalla Logomossa 2. &#8211; 4.9. ja antaa mielell\u00e4\u00e4n haastatteluja. Helsingiss\u00e4 ollut ja parhahillaan Espossa oleva n\u00e4yttely jatkaa kulkuaan Turkuun; avajaiset Logomossa ke 4.9.2024. Tulossa Tampere ja H\u00e4meenlinna. [&hellip;]\" \/>\n<meta property=\"og:url\" content=\"https:\/\/www.deski.fi\/?p=565\" \/>\n<meta property=\"og:site_name\" content=\"deski.fi\" \/>\n<meta property=\"article:published_time\" content=\"2024-08-28T07:44:25+00:00\" \/>\n<meta property=\"article:modified_time\" content=\"2024-09-03T05:02:20+00:00\" \/>\n<meta property=\"og:image\" content=\"https:\/\/www.deski.fi\/wp-content\/uploads\/2024\/08\/Mika_Toivanen_By_Nadi_Hammouda.png\" \/>\n\t<meta property=\"og:image:width\" content=\"631\" \/>\n\t<meta property=\"og:image:height\" content=\"480\" \/>\n\t<meta property=\"og:image:type\" content=\"image\/png\" \/>\n<meta name=\"author\" content=\"deski\" \/>\n<meta name=\"twitter:card\" content=\"summary_large_image\" \/>\n<meta name=\"twitter:label1\" content=\"Kirjoittanut\" \/>\n\t<meta name=\"twitter:data1\" content=\"deski\" \/>\n\t<meta name=\"twitter:label2\" content=\"Arvioitu lukuaika\" \/>\n\t<meta name=\"twitter:data2\" content=\"3 minuuttia\" \/>\n<script type=\"application\/ld+json\" class=\"yoast-schema-graph\">{\"@context\":\"https:\\\/\\\/schema.org\",\"@graph\":[{\"@type\":\"Article\",\"@id\":\"https:\\\/\\\/www.deski.fi\\\/?p=565#article\",\"isPartOf\":{\"@id\":\"https:\\\/\\\/www.deski.fi\\\/?p=565\"},\"author\":{\"name\":\"deski\",\"@id\":\"https:\\\/\\\/www.deski.fi\\\/#\\\/schema\\\/person\\\/8bd75e57167679d4a7655a115984c5cc\"},\"headline\":\"Valokuvan\u00e4yttely studiomuusikoista\",\"datePublished\":\"2024-08-28T07:44:25+00:00\",\"dateModified\":\"2024-09-03T05:02:20+00:00\",\"mainEntityOfPage\":{\"@id\":\"https:\\\/\\\/www.deski.fi\\\/?p=565\"},\"wordCount\":626,\"image\":{\"@id\":\"https:\\\/\\\/www.deski.fi\\\/?p=565#primaryimage\"},\"thumbnailUrl\":\"https:\\\/\\\/www.deski.fi\\\/wp-content\\\/uploads\\\/2024\\\/08\\\/Mika_Toivanen_By_Nadi_Hammouda.png\",\"articleSection\":[\"Taide\",\"Tapahtumat\",\"Viihde\"],\"inLanguage\":\"fi\"},{\"@type\":\"WebPage\",\"@id\":\"https:\\\/\\\/www.deski.fi\\\/?p=565\",\"url\":\"https:\\\/\\\/www.deski.fi\\\/?p=565\",\"name\":\"Valokuvan\u00e4yttely studiomuusikoista - deski.fi\",\"isPartOf\":{\"@id\":\"https:\\\/\\\/www.deski.fi\\\/#website\"},\"primaryImageOfPage\":{\"@id\":\"https:\\\/\\\/www.deski.fi\\\/?p=565#primaryimage\"},\"image\":{\"@id\":\"https:\\\/\\\/www.deski.fi\\\/?p=565#primaryimage\"},\"thumbnailUrl\":\"https:\\\/\\\/www.deski.fi\\\/wp-content\\\/uploads\\\/2024\\\/08\\\/Mika_Toivanen_By_Nadi_Hammouda.png\",\"datePublished\":\"2024-08-28T07:44:25+00:00\",\"dateModified\":\"2024-09-03T05:02:20+00:00\",\"author\":{\"@id\":\"https:\\\/\\\/www.deski.fi\\\/#\\\/schema\\\/person\\\/8bd75e57167679d4a7655a115984c5cc\"},\"breadcrumb\":{\"@id\":\"https:\\\/\\\/www.deski.fi\\\/?p=565#breadcrumb\"},\"inLanguage\":\"fi\",\"potentialAction\":[{\"@type\":\"ReadAction\",\"target\":[\"https:\\\/\\\/www.deski.fi\\\/?p=565\"]}]},{\"@type\":\"ImageObject\",\"inLanguage\":\"fi\",\"@id\":\"https:\\\/\\\/www.deski.fi\\\/?p=565#primaryimage\",\"url\":\"https:\\\/\\\/www.deski.fi\\\/wp-content\\\/uploads\\\/2024\\\/08\\\/Mika_Toivanen_By_Nadi_Hammouda.png\",\"contentUrl\":\"https:\\\/\\\/www.deski.fi\\\/wp-content\\\/uploads\\\/2024\\\/08\\\/Mika_Toivanen_By_Nadi_Hammouda.png\",\"width\":631,\"height\":480},{\"@type\":\"BreadcrumbList\",\"@id\":\"https:\\\/\\\/www.deski.fi\\\/?p=565#breadcrumb\",\"itemListElement\":[{\"@type\":\"ListItem\",\"position\":1,\"name\":\"Etusivu\",\"item\":\"https:\\\/\\\/www.deski.fi\\\/\"},{\"@type\":\"ListItem\",\"position\":2,\"name\":\"Valokuvan\u00e4yttely studiomuusikoista\"}]},{\"@type\":\"WebSite\",\"@id\":\"https:\\\/\\\/www.deski.fi\\\/#website\",\"url\":\"https:\\\/\\\/www.deski.fi\\\/\",\"name\":\"deski.fi\",\"description\":\"Kaikki tiedotteet yhdess&auml; paikassa.\",\"potentialAction\":[{\"@type\":\"SearchAction\",\"target\":{\"@type\":\"EntryPoint\",\"urlTemplate\":\"https:\\\/\\\/www.deski.fi\\\/?s={search_term_string}\"},\"query-input\":{\"@type\":\"PropertyValueSpecification\",\"valueRequired\":true,\"valueName\":\"search_term_string\"}}],\"inLanguage\":\"fi\"},{\"@type\":\"Person\",\"@id\":\"https:\\\/\\\/www.deski.fi\\\/#\\\/schema\\\/person\\\/8bd75e57167679d4a7655a115984c5cc\",\"name\":\"deski\",\"image\":{\"@type\":\"ImageObject\",\"inLanguage\":\"fi\",\"@id\":\"https:\\\/\\\/secure.gravatar.com\\\/avatar\\\/c0990e16eceeb9f9e57c62830d9dbc4a49e1be722381d63aee238afb4a7fbe91?s=96&d=mm&r=g\",\"url\":\"https:\\\/\\\/secure.gravatar.com\\\/avatar\\\/c0990e16eceeb9f9e57c62830d9dbc4a49e1be722381d63aee238afb4a7fbe91?s=96&d=mm&r=g\",\"contentUrl\":\"https:\\\/\\\/secure.gravatar.com\\\/avatar\\\/c0990e16eceeb9f9e57c62830d9dbc4a49e1be722381d63aee238afb4a7fbe91?s=96&d=mm&r=g\",\"caption\":\"deski\"},\"sameAs\":[\"http:\\\/\\\/www.deski.fi\"],\"url\":\"https:\\\/\\\/www.deski.fi\\\/?author=1\"}]}<\/script>\n<!-- \/ Yoast SEO plugin. -->","yoast_head_json":{"title":"Valokuvan\u00e4yttely studiomuusikoista - deski.fi","robots":{"index":"index","follow":"follow","max-snippet":"max-snippet:-1","max-image-preview":"max-image-preview:large","max-video-preview":"max-video-preview:-1"},"canonical":"https:\/\/www.deski.fi\/?p=565","og_locale":"fi_FI","og_type":"article","og_title":"Valokuvan\u00e4yttely studiomuusikoista - deski.fi","og_description":"Tiedote &#038; kutsu n\u00e4yttelyyn. Mika Toivanen paikalla Logomossa 2. &#8211; 4.9. ja antaa mielell\u00e4\u00e4n haastatteluja. Helsingiss\u00e4 ollut ja parhahillaan Espossa oleva n\u00e4yttely jatkaa kulkuaan Turkuun; avajaiset Logomossa ke 4.9.2024. Tulossa Tampere ja H\u00e4meenlinna. [&hellip;]","og_url":"https:\/\/www.deski.fi\/?p=565","og_site_name":"deski.fi","article_published_time":"2024-08-28T07:44:25+00:00","article_modified_time":"2024-09-03T05:02:20+00:00","og_image":[{"width":631,"height":480,"url":"https:\/\/www.deski.fi\/wp-content\/uploads\/2024\/08\/Mika_Toivanen_By_Nadi_Hammouda.png","type":"image\/png"}],"author":"deski","twitter_card":"summary_large_image","twitter_misc":{"Kirjoittanut":"deski","Arvioitu lukuaika":"3 minuuttia"},"schema":{"@context":"https:\/\/schema.org","@graph":[{"@type":"Article","@id":"https:\/\/www.deski.fi\/?p=565#article","isPartOf":{"@id":"https:\/\/www.deski.fi\/?p=565"},"author":{"name":"deski","@id":"https:\/\/www.deski.fi\/#\/schema\/person\/8bd75e57167679d4a7655a115984c5cc"},"headline":"Valokuvan\u00e4yttely studiomuusikoista","datePublished":"2024-08-28T07:44:25+00:00","dateModified":"2024-09-03T05:02:20+00:00","mainEntityOfPage":{"@id":"https:\/\/www.deski.fi\/?p=565"},"wordCount":626,"image":{"@id":"https:\/\/www.deski.fi\/?p=565#primaryimage"},"thumbnailUrl":"https:\/\/www.deski.fi\/wp-content\/uploads\/2024\/08\/Mika_Toivanen_By_Nadi_Hammouda.png","articleSection":["Taide","Tapahtumat","Viihde"],"inLanguage":"fi"},{"@type":"WebPage","@id":"https:\/\/www.deski.fi\/?p=565","url":"https:\/\/www.deski.fi\/?p=565","name":"Valokuvan\u00e4yttely studiomuusikoista - deski.fi","isPartOf":{"@id":"https:\/\/www.deski.fi\/#website"},"primaryImageOfPage":{"@id":"https:\/\/www.deski.fi\/?p=565#primaryimage"},"image":{"@id":"https:\/\/www.deski.fi\/?p=565#primaryimage"},"thumbnailUrl":"https:\/\/www.deski.fi\/wp-content\/uploads\/2024\/08\/Mika_Toivanen_By_Nadi_Hammouda.png","datePublished":"2024-08-28T07:44:25+00:00","dateModified":"2024-09-03T05:02:20+00:00","author":{"@id":"https:\/\/www.deski.fi\/#\/schema\/person\/8bd75e57167679d4a7655a115984c5cc"},"breadcrumb":{"@id":"https:\/\/www.deski.fi\/?p=565#breadcrumb"},"inLanguage":"fi","potentialAction":[{"@type":"ReadAction","target":["https:\/\/www.deski.fi\/?p=565"]}]},{"@type":"ImageObject","inLanguage":"fi","@id":"https:\/\/www.deski.fi\/?p=565#primaryimage","url":"https:\/\/www.deski.fi\/wp-content\/uploads\/2024\/08\/Mika_Toivanen_By_Nadi_Hammouda.png","contentUrl":"https:\/\/www.deski.fi\/wp-content\/uploads\/2024\/08\/Mika_Toivanen_By_Nadi_Hammouda.png","width":631,"height":480},{"@type":"BreadcrumbList","@id":"https:\/\/www.deski.fi\/?p=565#breadcrumb","itemListElement":[{"@type":"ListItem","position":1,"name":"Etusivu","item":"https:\/\/www.deski.fi\/"},{"@type":"ListItem","position":2,"name":"Valokuvan\u00e4yttely studiomuusikoista"}]},{"@type":"WebSite","@id":"https:\/\/www.deski.fi\/#website","url":"https:\/\/www.deski.fi\/","name":"deski.fi","description":"Kaikki tiedotteet yhdess&auml; paikassa.","potentialAction":[{"@type":"SearchAction","target":{"@type":"EntryPoint","urlTemplate":"https:\/\/www.deski.fi\/?s={search_term_string}"},"query-input":{"@type":"PropertyValueSpecification","valueRequired":true,"valueName":"search_term_string"}}],"inLanguage":"fi"},{"@type":"Person","@id":"https:\/\/www.deski.fi\/#\/schema\/person\/8bd75e57167679d4a7655a115984c5cc","name":"deski","image":{"@type":"ImageObject","inLanguage":"fi","@id":"https:\/\/secure.gravatar.com\/avatar\/c0990e16eceeb9f9e57c62830d9dbc4a49e1be722381d63aee238afb4a7fbe91?s=96&d=mm&r=g","url":"https:\/\/secure.gravatar.com\/avatar\/c0990e16eceeb9f9e57c62830d9dbc4a49e1be722381d63aee238afb4a7fbe91?s=96&d=mm&r=g","contentUrl":"https:\/\/secure.gravatar.com\/avatar\/c0990e16eceeb9f9e57c62830d9dbc4a49e1be722381d63aee238afb4a7fbe91?s=96&d=mm&r=g","caption":"deski"},"sameAs":["http:\/\/www.deski.fi"],"url":"https:\/\/www.deski.fi\/?author=1"}]}},"jetpack_featured_media_url":"https:\/\/www.deski.fi\/wp-content\/uploads\/2024\/08\/Mika_Toivanen_By_Nadi_Hammouda.png","jetpack_sharing_enabled":true,"_links":{"self":[{"href":"https:\/\/www.deski.fi\/index.php?rest_route=\/wp\/v2\/posts\/565","targetHints":{"allow":["GET"]}}],"collection":[{"href":"https:\/\/www.deski.fi\/index.php?rest_route=\/wp\/v2\/posts"}],"about":[{"href":"https:\/\/www.deski.fi\/index.php?rest_route=\/wp\/v2\/types\/post"}],"author":[{"embeddable":true,"href":"https:\/\/www.deski.fi\/index.php?rest_route=\/wp\/v2\/users\/1"}],"replies":[{"embeddable":true,"href":"https:\/\/www.deski.fi\/index.php?rest_route=%2Fwp%2Fv2%2Fcomments&post=565"}],"version-history":[{"count":1,"href":"https:\/\/www.deski.fi\/index.php?rest_route=\/wp\/v2\/posts\/565\/revisions"}],"predecessor-version":[{"id":582,"href":"https:\/\/www.deski.fi\/index.php?rest_route=\/wp\/v2\/posts\/565\/revisions\/582"}],"wp:featuredmedia":[{"embeddable":true,"href":"https:\/\/www.deski.fi\/index.php?rest_route=\/wp\/v2\/media\/566"}],"wp:attachment":[{"href":"https:\/\/www.deski.fi\/index.php?rest_route=%2Fwp%2Fv2%2Fmedia&parent=565"}],"wp:term":[{"taxonomy":"category","embeddable":true,"href":"https:\/\/www.deski.fi\/index.php?rest_route=%2Fwp%2Fv2%2Fcategories&post=565"},{"taxonomy":"post_tag","embeddable":true,"href":"https:\/\/www.deski.fi\/index.php?rest_route=%2Fwp%2Fv2%2Ftags&post=565"}],"curies":[{"name":"wp","href":"https:\/\/api.w.org\/{rel}","templated":true}]}}