{"id":482,"date":"2024-05-29T10:50:48","date_gmt":"2024-05-29T07:50:48","guid":{"rendered":"https:\/\/www.deski.fi\/?p=482"},"modified":"2024-05-29T10:50:48","modified_gmt":"2024-05-29T07:50:48","slug":"lauri-markkanen-suomen-ensimmainen-nba-tahti","status":"publish","type":"post","link":"https:\/\/www.deski.fi\/?p=482","title":{"rendered":"LAURI MARKKANEN \u2013 Suomen ensimm\u00e4inen NBA-t\u00e4hti"},"content":{"rendered":"\n<p>Urheilun ja liikunnan kulttuurikeskus TAHDOSSA avautuu keskiviikkona 19.6. uusi n\u00e4yttely, jonka p\u00e4\u00e4henkil\u00f6n\u00e4 loistaa koripallon suomalainen NBA-t\u00e4hti&nbsp;<strong>Lauri Markkanen<\/strong>. TAHDON parvikerroksen galleria-saliin rakentuu juhannusviikolla ainutlaatuinen tarina 27-vuotiaasta suomalaisesta koripallon supert\u00e4hdest\u00e4, joka toteutti kovalla ty\u00f6ll\u00e4 ja intohimolla suuren urheilu-unelmansa.<\/p>\n\n\n\n<ul class=\"wp-block-list\">\n<li>Toivon tarinani inspiroivan mahdollisimman monen pelaajanalun tavoittelemaan omia unelmiaan kentill\u00e4 ja my\u00f6s kenttien ulkopuolella, kiteytt\u00e4\u00e4 Lauri Markkanen.<\/li>\n<\/ul>\n\n\n\n<p>Helmikuussa 2023 Markkanen valittiin NBA:n All Stars -otteluun ensimm\u00e4isen\u00e4 pohjoismaisena pelaajana kautta aikain ja samana vuonna h\u00e4net valittiin Suomessa ensimm\u00e4isen\u00e4 koripalloilijana Vuoden urheilijaksi.<\/p>\n\n\n\n<p>Urheilumuseon yli 80 vuotisessa historiassa on tehty vain muutama laajempi henkil\u00f6n\u00e4yttely. Viimeisimp\u00e4n\u00e4 toteutuksena vuonna 2015 suuren suosion saanut n\u00e4yttely Tapio Rautavaarasta.<\/p>\n\n\n\n<ul class=\"wp-block-list\">\n<li>Lauri Markkanen on t\u00e4m\u00e4n hetken kiinnostavimpia suomalaisurheilijoita monin eri tavoin. Halusimme tarttua ajankohtaiseen ja kirjaimellisesti suureen henkil\u00f6\u00f6n, ja luonnollisesti yhteisty\u00f6ss\u00e4 Markkasen ja h\u00e4nen l\u00e4heistens\u00e4 kanssa. Laajojen yhteiskunnallisten ilmi\u00f6n\u00e4yttelyiden j\u00e4lkeen on kiinnostavaa katsoa urheilumaailmaan yhden ihmisen tarinan muodossa<em>,\u00a0<\/em>toteaa TAHDON n\u00e4yttelyp\u00e4\u00e4llikk\u00f6\u00a0<strong>Kalle Rantala<\/strong>.<\/li>\n<\/ul>\n\n\n\n<p>Jyv\u00e4skyl\u00e4ss\u00e4 kasvaneen Markkasen otteet 18- ja 20-vuotiaiden EM-kisoissa 2015 ja 2016 osoittivat pelaajan uran johtavan ulkomaille. Tie maailman johtavaan koripallosarjaan NBA:han k\u00e4y useimmiten Yhdysvaltain yliopistojen koripallosarja NCAA:n kautta. N\u00e4in tapahtui my\u00f6s Markkasen kohdalla. TAHDON uusi n\u00e4yttely kertoo millainen rooli aktiivisella ja urheilevalla perheell\u00e4 oli Markkasen lapsuudessa ja nuoruudessa, ja mit\u00e4 ammattilaisuran varrella on my\u00f6hemmin tapahtunut. N\u00e4yttelyn esineist\u00f6 koostuu Markkasen urasta ja el\u00e4m\u00e4st\u00e4 kertovista esineist\u00e4. Esill\u00e4 on jopa Markkasen asuja varusmiespalveluksesta, jonka Markkanen suoritti Puolustusvoimien Urheilukoulussa.<\/p>\n\n\n\n<p><strong>LAURI MARKKANEN \u2013 Suomen ensimm\u00e4inen NBA-t\u00e4hti&nbsp;<\/strong>-n\u00e4yttely on esill\u00e4 Urheilun ja liikunnan kulttuurikeskus TAHDOSSA Olympiastadionilla 19.6.\u201329.9.2024.<\/p>\n\n\n\n<p>Lis\u00e4tietoja:<br>Kalle Rantala<br>N\u00e4yttelyp\u00e4\u00e4llikk\u00f6<br>Urheilun ja liikunnan kulttuurikeskus TAHTO<br>Puh 044 700 2592<br><a href=\"mailto:kalle.rantala@tahto.com\">kalle.rantala@tahto.com<\/a><\/p>\n","protected":false},"excerpt":{"rendered":"<p>Urheilun ja liikunnan kulttuurikeskus TAHDOSSA avautuu keskiviikkona 19.6. uusi n\u00e4yttely, jonka p\u00e4\u00e4henkil\u00f6n\u00e4 loistaa koripallon suomalainen NBA-t\u00e4hti&nbsp;Lauri Markkanen. TAHDON parvikerroksen galleria-saliin rakentuu juhannusviikolla ainutlaatuinen tarina 27-vuotiaasta suomalaisesta koripallon supert\u00e4hdest\u00e4, joka toteutti kovalla ty\u00f6ll\u00e4 ja [&hellip;]<\/p>\n","protected":false},"author":1,"featured_media":483,"comment_status":"closed","ping_status":"open","sticky":false,"template":"","format":"standard","meta":{"_jetpack_memberships_contains_paid_content":false,"footnotes":""},"categories":[16,17],"tags":[],"class_list":["post-482","post","type-post","status-publish","format-standard","has-post-thumbnail","hentry","category-tapahtumat","category-urheilu"],"yoast_head":"<!-- This site is optimized with the Yoast SEO plugin v27.4 - https:\/\/yoast.com\/product\/yoast-seo-wordpress\/ -->\n<title>LAURI MARKKANEN \u2013 Suomen ensimm\u00e4inen NBA-t\u00e4hti - deski.fi<\/title>\n<meta name=\"robots\" content=\"index, follow, max-snippet:-1, max-image-preview:large, max-video-preview:-1\" \/>\n<link rel=\"canonical\" href=\"http:\/\/www.deski.fi\/?p=482\" \/>\n<meta property=\"og:locale\" content=\"fi_FI\" \/>\n<meta property=\"og:type\" content=\"article\" \/>\n<meta property=\"og:title\" content=\"LAURI MARKKANEN \u2013 Suomen ensimm\u00e4inen NBA-t\u00e4hti - deski.fi\" \/>\n<meta property=\"og:description\" content=\"Urheilun ja liikunnan kulttuurikeskus TAHDOSSA avautuu keskiviikkona 19.6. uusi n\u00e4yttely, jonka p\u00e4\u00e4henkil\u00f6n\u00e4 loistaa koripallon suomalainen NBA-t\u00e4hti&nbsp;Lauri Markkanen. TAHDON parvikerroksen galleria-saliin rakentuu juhannusviikolla ainutlaatuinen tarina 27-vuotiaasta suomalaisesta koripallon supert\u00e4hdest\u00e4, joka toteutti kovalla ty\u00f6ll\u00e4 ja [&hellip;]\" \/>\n<meta property=\"og:url\" content=\"http:\/\/www.deski.fi\/?p=482\" \/>\n<meta property=\"og:site_name\" content=\"deski.fi\" \/>\n<meta property=\"article:published_time\" content=\"2024-05-29T07:50:48+00:00\" \/>\n<meta property=\"og:image\" content=\"http:\/\/www.deski.fi\/wp-content\/uploads\/2024\/05\/basketball-6763978_1920.jpg\" \/>\n\t<meta property=\"og:image:width\" content=\"1282\" \/>\n\t<meta property=\"og:image:height\" content=\"1920\" \/>\n\t<meta property=\"og:image:type\" content=\"image\/jpeg\" \/>\n<meta name=\"author\" content=\"deski\" \/>\n<meta name=\"twitter:card\" content=\"summary_large_image\" \/>\n<meta name=\"twitter:label1\" content=\"Kirjoittanut\" \/>\n\t<meta name=\"twitter:data1\" content=\"deski\" \/>\n\t<meta name=\"twitter:label2\" content=\"Arvioitu lukuaika\" \/>\n\t<meta name=\"twitter:data2\" content=\"2 minuuttia\" \/>\n<script type=\"application\/ld+json\" class=\"yoast-schema-graph\">{\"@context\":\"https:\\\/\\\/schema.org\",\"@graph\":[{\"@type\":\"Article\",\"@id\":\"http:\\\/\\\/www.deski.fi\\\/?p=482#article\",\"isPartOf\":{\"@id\":\"http:\\\/\\\/www.deski.fi\\\/?p=482\"},\"author\":{\"name\":\"deski\",\"@id\":\"https:\\\/\\\/www.deski.fi\\\/#\\\/schema\\\/person\\\/8bd75e57167679d4a7655a115984c5cc\"},\"headline\":\"LAURI MARKKANEN \u2013 Suomen ensimm\u00e4inen NBA-t\u00e4hti\",\"datePublished\":\"2024-05-29T07:50:48+00:00\",\"mainEntityOfPage\":{\"@id\":\"http:\\\/\\\/www.deski.fi\\\/?p=482\"},\"wordCount\":288,\"image\":{\"@id\":\"http:\\\/\\\/www.deski.fi\\\/?p=482#primaryimage\"},\"thumbnailUrl\":\"https:\\\/\\\/www.deski.fi\\\/wp-content\\\/uploads\\\/2024\\\/05\\\/basketball-6763978_1920.jpg\",\"articleSection\":[\"Tapahtumat\",\"Urheilu\"],\"inLanguage\":\"fi\"},{\"@type\":\"WebPage\",\"@id\":\"http:\\\/\\\/www.deski.fi\\\/?p=482\",\"url\":\"http:\\\/\\\/www.deski.fi\\\/?p=482\",\"name\":\"LAURI MARKKANEN \u2013 Suomen ensimm\u00e4inen NBA-t\u00e4hti - deski.fi\",\"isPartOf\":{\"@id\":\"https:\\\/\\\/www.deski.fi\\\/#website\"},\"primaryImageOfPage\":{\"@id\":\"http:\\\/\\\/www.deski.fi\\\/?p=482#primaryimage\"},\"image\":{\"@id\":\"http:\\\/\\\/www.deski.fi\\\/?p=482#primaryimage\"},\"thumbnailUrl\":\"https:\\\/\\\/www.deski.fi\\\/wp-content\\\/uploads\\\/2024\\\/05\\\/basketball-6763978_1920.jpg\",\"datePublished\":\"2024-05-29T07:50:48+00:00\",\"author\":{\"@id\":\"https:\\\/\\\/www.deski.fi\\\/#\\\/schema\\\/person\\\/8bd75e57167679d4a7655a115984c5cc\"},\"breadcrumb\":{\"@id\":\"http:\\\/\\\/www.deski.fi\\\/?p=482#breadcrumb\"},\"inLanguage\":\"fi\",\"potentialAction\":[{\"@type\":\"ReadAction\",\"target\":[\"http:\\\/\\\/www.deski.fi\\\/?p=482\"]}]},{\"@type\":\"ImageObject\",\"inLanguage\":\"fi\",\"@id\":\"http:\\\/\\\/www.deski.fi\\\/?p=482#primaryimage\",\"url\":\"https:\\\/\\\/www.deski.fi\\\/wp-content\\\/uploads\\\/2024\\\/05\\\/basketball-6763978_1920.jpg\",\"contentUrl\":\"https:\\\/\\\/www.deski.fi\\\/wp-content\\\/uploads\\\/2024\\\/05\\\/basketball-6763978_1920.jpg\",\"width\":1282,\"height\":1920,\"caption\":\"Koripallo menee koriin. Kuvituskuva.\"},{\"@type\":\"BreadcrumbList\",\"@id\":\"http:\\\/\\\/www.deski.fi\\\/?p=482#breadcrumb\",\"itemListElement\":[{\"@type\":\"ListItem\",\"position\":1,\"name\":\"Etusivu\",\"item\":\"https:\\\/\\\/www.deski.fi\\\/\"},{\"@type\":\"ListItem\",\"position\":2,\"name\":\"LAURI MARKKANEN \u2013 Suomen ensimm\u00e4inen NBA-t\u00e4hti\"}]},{\"@type\":\"WebSite\",\"@id\":\"https:\\\/\\\/www.deski.fi\\\/#website\",\"url\":\"https:\\\/\\\/www.deski.fi\\\/\",\"name\":\"deski.fi\",\"description\":\"Kaikki tiedotteet yhdess&auml; paikassa.\",\"potentialAction\":[{\"@type\":\"SearchAction\",\"target\":{\"@type\":\"EntryPoint\",\"urlTemplate\":\"https:\\\/\\\/www.deski.fi\\\/?s={search_term_string}\"},\"query-input\":{\"@type\":\"PropertyValueSpecification\",\"valueRequired\":true,\"valueName\":\"search_term_string\"}}],\"inLanguage\":\"fi\"},{\"@type\":\"Person\",\"@id\":\"https:\\\/\\\/www.deski.fi\\\/#\\\/schema\\\/person\\\/8bd75e57167679d4a7655a115984c5cc\",\"name\":\"deski\",\"image\":{\"@type\":\"ImageObject\",\"inLanguage\":\"fi\",\"@id\":\"https:\\\/\\\/secure.gravatar.com\\\/avatar\\\/c0990e16eceeb9f9e57c62830d9dbc4a49e1be722381d63aee238afb4a7fbe91?s=96&d=mm&r=g\",\"url\":\"https:\\\/\\\/secure.gravatar.com\\\/avatar\\\/c0990e16eceeb9f9e57c62830d9dbc4a49e1be722381d63aee238afb4a7fbe91?s=96&d=mm&r=g\",\"contentUrl\":\"https:\\\/\\\/secure.gravatar.com\\\/avatar\\\/c0990e16eceeb9f9e57c62830d9dbc4a49e1be722381d63aee238afb4a7fbe91?s=96&d=mm&r=g\",\"caption\":\"deski\"},\"sameAs\":[\"http:\\\/\\\/www.deski.fi\"],\"url\":\"https:\\\/\\\/www.deski.fi\\\/?author=1\"}]}<\/script>\n<!-- \/ Yoast SEO plugin. -->","yoast_head_json":{"title":"LAURI MARKKANEN \u2013 Suomen ensimm\u00e4inen NBA-t\u00e4hti - deski.fi","robots":{"index":"index","follow":"follow","max-snippet":"max-snippet:-1","max-image-preview":"max-image-preview:large","max-video-preview":"max-video-preview:-1"},"canonical":"http:\/\/www.deski.fi\/?p=482","og_locale":"fi_FI","og_type":"article","og_title":"LAURI MARKKANEN \u2013 Suomen ensimm\u00e4inen NBA-t\u00e4hti - deski.fi","og_description":"Urheilun ja liikunnan kulttuurikeskus TAHDOSSA avautuu keskiviikkona 19.6. uusi n\u00e4yttely, jonka p\u00e4\u00e4henkil\u00f6n\u00e4 loistaa koripallon suomalainen NBA-t\u00e4hti&nbsp;Lauri Markkanen. TAHDON parvikerroksen galleria-saliin rakentuu juhannusviikolla ainutlaatuinen tarina 27-vuotiaasta suomalaisesta koripallon supert\u00e4hdest\u00e4, joka toteutti kovalla ty\u00f6ll\u00e4 ja [&hellip;]","og_url":"http:\/\/www.deski.fi\/?p=482","og_site_name":"deski.fi","article_published_time":"2024-05-29T07:50:48+00:00","og_image":[{"width":1282,"height":1920,"url":"http:\/\/www.deski.fi\/wp-content\/uploads\/2024\/05\/basketball-6763978_1920.jpg","type":"image\/jpeg"}],"author":"deski","twitter_card":"summary_large_image","twitter_misc":{"Kirjoittanut":"deski","Arvioitu lukuaika":"2 minuuttia"},"schema":{"@context":"https:\/\/schema.org","@graph":[{"@type":"Article","@id":"http:\/\/www.deski.fi\/?p=482#article","isPartOf":{"@id":"http:\/\/www.deski.fi\/?p=482"},"author":{"name":"deski","@id":"https:\/\/www.deski.fi\/#\/schema\/person\/8bd75e57167679d4a7655a115984c5cc"},"headline":"LAURI MARKKANEN \u2013 Suomen ensimm\u00e4inen NBA-t\u00e4hti","datePublished":"2024-05-29T07:50:48+00:00","mainEntityOfPage":{"@id":"http:\/\/www.deski.fi\/?p=482"},"wordCount":288,"image":{"@id":"http:\/\/www.deski.fi\/?p=482#primaryimage"},"thumbnailUrl":"https:\/\/www.deski.fi\/wp-content\/uploads\/2024\/05\/basketball-6763978_1920.jpg","articleSection":["Tapahtumat","Urheilu"],"inLanguage":"fi"},{"@type":"WebPage","@id":"http:\/\/www.deski.fi\/?p=482","url":"http:\/\/www.deski.fi\/?p=482","name":"LAURI MARKKANEN \u2013 Suomen ensimm\u00e4inen NBA-t\u00e4hti - deski.fi","isPartOf":{"@id":"https:\/\/www.deski.fi\/#website"},"primaryImageOfPage":{"@id":"http:\/\/www.deski.fi\/?p=482#primaryimage"},"image":{"@id":"http:\/\/www.deski.fi\/?p=482#primaryimage"},"thumbnailUrl":"https:\/\/www.deski.fi\/wp-content\/uploads\/2024\/05\/basketball-6763978_1920.jpg","datePublished":"2024-05-29T07:50:48+00:00","author":{"@id":"https:\/\/www.deski.fi\/#\/schema\/person\/8bd75e57167679d4a7655a115984c5cc"},"breadcrumb":{"@id":"http:\/\/www.deski.fi\/?p=482#breadcrumb"},"inLanguage":"fi","potentialAction":[{"@type":"ReadAction","target":["http:\/\/www.deski.fi\/?p=482"]}]},{"@type":"ImageObject","inLanguage":"fi","@id":"http:\/\/www.deski.fi\/?p=482#primaryimage","url":"https:\/\/www.deski.fi\/wp-content\/uploads\/2024\/05\/basketball-6763978_1920.jpg","contentUrl":"https:\/\/www.deski.fi\/wp-content\/uploads\/2024\/05\/basketball-6763978_1920.jpg","width":1282,"height":1920,"caption":"Koripallo menee koriin. Kuvituskuva."},{"@type":"BreadcrumbList","@id":"http:\/\/www.deski.fi\/?p=482#breadcrumb","itemListElement":[{"@type":"ListItem","position":1,"name":"Etusivu","item":"https:\/\/www.deski.fi\/"},{"@type":"ListItem","position":2,"name":"LAURI MARKKANEN \u2013 Suomen ensimm\u00e4inen NBA-t\u00e4hti"}]},{"@type":"WebSite","@id":"https:\/\/www.deski.fi\/#website","url":"https:\/\/www.deski.fi\/","name":"deski.fi","description":"Kaikki tiedotteet yhdess&auml; paikassa.","potentialAction":[{"@type":"SearchAction","target":{"@type":"EntryPoint","urlTemplate":"https:\/\/www.deski.fi\/?s={search_term_string}"},"query-input":{"@type":"PropertyValueSpecification","valueRequired":true,"valueName":"search_term_string"}}],"inLanguage":"fi"},{"@type":"Person","@id":"https:\/\/www.deski.fi\/#\/schema\/person\/8bd75e57167679d4a7655a115984c5cc","name":"deski","image":{"@type":"ImageObject","inLanguage":"fi","@id":"https:\/\/secure.gravatar.com\/avatar\/c0990e16eceeb9f9e57c62830d9dbc4a49e1be722381d63aee238afb4a7fbe91?s=96&d=mm&r=g","url":"https:\/\/secure.gravatar.com\/avatar\/c0990e16eceeb9f9e57c62830d9dbc4a49e1be722381d63aee238afb4a7fbe91?s=96&d=mm&r=g","contentUrl":"https:\/\/secure.gravatar.com\/avatar\/c0990e16eceeb9f9e57c62830d9dbc4a49e1be722381d63aee238afb4a7fbe91?s=96&d=mm&r=g","caption":"deski"},"sameAs":["http:\/\/www.deski.fi"],"url":"https:\/\/www.deski.fi\/?author=1"}]}},"jetpack_featured_media_url":"https:\/\/www.deski.fi\/wp-content\/uploads\/2024\/05\/basketball-6763978_1920.jpg","jetpack_sharing_enabled":true,"_links":{"self":[{"href":"https:\/\/www.deski.fi\/index.php?rest_route=\/wp\/v2\/posts\/482","targetHints":{"allow":["GET"]}}],"collection":[{"href":"https:\/\/www.deski.fi\/index.php?rest_route=\/wp\/v2\/posts"}],"about":[{"href":"https:\/\/www.deski.fi\/index.php?rest_route=\/wp\/v2\/types\/post"}],"author":[{"embeddable":true,"href":"https:\/\/www.deski.fi\/index.php?rest_route=\/wp\/v2\/users\/1"}],"replies":[{"embeddable":true,"href":"https:\/\/www.deski.fi\/index.php?rest_route=%2Fwp%2Fv2%2Fcomments&post=482"}],"version-history":[{"count":1,"href":"https:\/\/www.deski.fi\/index.php?rest_route=\/wp\/v2\/posts\/482\/revisions"}],"predecessor-version":[{"id":484,"href":"https:\/\/www.deski.fi\/index.php?rest_route=\/wp\/v2\/posts\/482\/revisions\/484"}],"wp:featuredmedia":[{"embeddable":true,"href":"https:\/\/www.deski.fi\/index.php?rest_route=\/wp\/v2\/media\/483"}],"wp:attachment":[{"href":"https:\/\/www.deski.fi\/index.php?rest_route=%2Fwp%2Fv2%2Fmedia&parent=482"}],"wp:term":[{"taxonomy":"category","embeddable":true,"href":"https:\/\/www.deski.fi\/index.php?rest_route=%2Fwp%2Fv2%2Fcategories&post=482"},{"taxonomy":"post_tag","embeddable":true,"href":"https:\/\/www.deski.fi\/index.php?rest_route=%2Fwp%2Fv2%2Ftags&post=482"}],"curies":[{"name":"wp","href":"https:\/\/api.w.org\/{rel}","templated":true}]}}