{"id":15383,"date":"2025-12-13T21:25:42","date_gmt":"2025-12-13T19:25:42","guid":{"rendered":"https:\/\/www.deski.fi\/?p=15383"},"modified":"2026-01-07T21:29:25","modified_gmt":"2026-01-07T19:29:25","slug":"tiedote-suistamon-sahko-ja-ismo-alanko-yhdistivat-voimansa-siirtolaisuuden-teemasta-syntynyt-juuret-nyt-ulkona","status":"publish","type":"post","link":"https:\/\/www.deski.fi\/?p=15383","title":{"rendered":"Tiedote: Suistamon S\u00e4hk\u00f6 ja Ismo Alanko yhdistiv\u00e4t voimansa \u2013 Siirtolaisuuden teemasta syntynyt \u201cJuuret\u201d nyt ulkona!"},"content":{"rendered":"<div class=\"postie-post\">Kuvakollaasi: Tero Ahonen<\/p>\n<p>Tiedote 12.12.2025<\/p>\n<p>Suistamon S\u00e4hk\u00f6 ja Ismo Alanko yhdistiv\u00e4t voimansa \u2013 Siirtolaisuuden teemasta syntynyt \u201cJuuret\u201d nyt ulkona!<\/p>\n<p> \u201cJuuri on kieli, juuri on puu Juuri on maa joka unohtuu Juuri on tuoksu, juuri on aatos Juuri on rakkaus, juuri on maaton\u201d<br \/>\nHetki sitten Japanin keikkamatkaltaan kotiutunut Suistamon S\u00e4hk\u00f6 on julkaissut uuden singlen Juuret t\u00e4n\u00e4\u00e4n perjantaina 12. joulukuuta. Energisen rouhealla, jopa mantramaisella, popkappaleella on mukana my\u00f6s legendaarinen Ismo Alanko.<br \/>\nKyseess\u00e4 on Ty\u00f6v\u00e4en Sivistysliiton (TSL) tilaama teos. Yhten\u00e4 TSL:n kulttuurin t\u00e4m\u00e4n vuoden teemana on ollut juuret, siirtolaisuus ja musiikin merkitys osana yhteiskunnallisia muutoksia ennen ja nyt. Aihe puhutteli heti my\u00f6s mukaan kutsuttuja artisteja, jotka tekev\u00e4t yhteisty\u00f6t\u00e4 nyt ensimm\u00e4ist\u00e4 kertaa.<br \/>\n\u2013 Saimme mielenkiintoisen tilausteoskutsun alkukes\u00e4st\u00e4 2025 Ty\u00f6v\u00e4en Sivistysliitolta. Toiveena oli tehd\u00e4 biisi, jossa k\u00e4sitell\u00e4\u00e4n juuria, juurettomuutta ja siirtolaisuuden tematiikkaa. Suistamon S\u00e4hk\u00f6n nimess\u00e4 kaikuu evakkous ja kodinj\u00e4tt\u00e4misen tunne. Suistamo kuului luovutetun Karjalan suurimpiin pit\u00e4jiin. Yhtyeemme sai alkusys\u00e4yksen vuonna 2015 karjalaisista arkistotarinoista ja on jatkanut matkaansa tanssin, haitarin ja etnoteknon voimalla liikuttaen kansaa jo kolmen albumin verran, Suistamon S\u00e4hk\u00f6n j\u00e4sen Anne-Mari Kivim\u00e4ki avaa.<br \/>\nYhtye tarttui siirtolaisuuden teemaan ja kirjoitti omista suvuistaan siirtolaisiksi l\u00e4hteneiden tarinoita r\u00e4ppimuotoon. Ensimm\u00e4inen tarina vie sadan vuoden taakse Isojoelle ja sielt\u00e4 Amerikkaan, josta jatketaan Ruotsin ja Tanskan kautta 2000-luvulle. \u2013 Suomesta on aina l\u00e4hdetty siirtolaisiksi paremman el\u00e4m\u00e4n toivossa, niin my\u00f6s meid\u00e4n suvuissamme. Tilausteoskutsu oli kuin meille r\u00e4\u00e4t\u00e4l\u00f6ity, koska ty\u00f6tapa, jossa historian tapahtumia muutetaan lauluksi on Suistamon S\u00e4hk\u00f6lle ominaista, Kivim\u00e4ki jatkaa.<br \/>\nIsmo Alangon teksti tuo uuden, moninaisen, leikkis\u00e4n ja rakkaudellisen kulman juuriin, ja n\u00e4in Juuret-kappale t\u00e4ydentyy kahden artistin ennenkuulumattomaksi kokonaisuudeksi. Energiat ja tyylit kohtasivat kertalaakista, ja riste\u00e4v\u00e4 musiikillinen juuristo tuotti herkullisen ja luontevan yhteissoundin.<br \/>\n\u2013 Juurettomuus ja siirtolaisuus ovat t\u00e4rkeit\u00e4 ja ajankohtaisia aiheita, kun sodat ja ilmastonmuutos pakottavat yh\u00e4 suuremmat ihmisjoukot etsim\u00e4\u00e4n elintilaa vierailta mailta. Omalta osaltani halusin t\u00e4ss\u00e4 kappaleessa runon ja laulun voimalla her\u00e4tell\u00e4 kysymyst\u00e4 siit\u00e4, mit\u00e4 kaikkea ajatus ihmisen juurista voi tarkoittaa. Usein koetaan, ett\u00e4 juuret liittyv\u00e4t johonkin paikkaan tai maa-alueeseen, mutta ne voivat olla paljon muutakin. Yhteisty\u00f6 Suistamon S\u00e4hk\u00f6n kanssa oli hieno kokemus. Oli inspiroivaa alkaa suoltaa teksti\u00e4 rytmi- ja hanuripohjan p\u00e4\u00e4lle valmiiseen melodiaan, Ismo Alanko kertoo.<br \/>\nSuistamon S\u00e4hk\u00f6n primitiivisen alkuvoimainen rytmimaailma liikkuu ennakkoluulottomasti etnoteknon ja hiphopin maailmoissa tuottaen yleiso\u0308lleen vallatonta ja kokeellista tanssimusiikkia. Yhtyeelt\u00e4 on aiemmin julkaistu kolme kokopitk\u00e4\u00e4 ja nelj\u00e4s albumi ilmestyy helmikuussa 2026. Kotimaan lis\u00e4ksi Suistamon S\u00e4hk\u00f6 on her\u00e4tt\u00e4nyt my\u00f6s kansainv\u00e4list\u00e4 kiinnostusta \u2013 yhtye on n\u00e4hty keikoilla mm. Saksassa, Ranskassa, Norjassa ja Vena\u0308ja\u0308ll\u00e4, ja showcase-kutsuja on sadellut usealta taholta (mm. Folk Alliance International, Tallinn Music Week ja Eurosonic). Vuonna 2021 yhtyeen Kutsu-musiikkivideo voitti Oulun musiikkivideofestivaalin p\u00e4\u00e4palkinnon ja sai parhaan musiikkivideon Emma-ehdokkuuden.<br \/>\nIsmo Alanko on yli 40-vuotisen taiteilijauransa aikana myynyt l\u00e4hes 700 000 levy\u00e4, pokannut lukuisia Emma-patsaita ja myynyt loppuun kiertueita ja konsertteja jokaisella uransa vuosikymmenell\u00e4. Alanko nousi suomalaisten tietoisuuteen vuonna 1980 Hassisen Koneen laulajana. H\u00e4n on my\u00f6s tuttu muun muassa Sielun Veljist\u00e4 ja Ismo Alanko S\u00e4\u00e4ti\u00f6st\u00e4. Soolouransa Alanko aloitti jo 90-luvulla ja sen aikana h\u00e4n on ehtinyt julkaista seitsem\u00e4n studioalbumia. Utelias ja uudistumiskykyinen muusikko tunnetaan my\u00f6s oivaltavista lyriikoistaan, jotka ovat iskostuneet suomalaisten mieliin.<br \/>\nT\u00e4n\u00e4\u00e4n on ilmestynyt my\u00f6s Juuret-kappaleen musiikkivideo, joka on katsottavissa nyt TSL:n verkkosivuilta ja sosiaalisen median kanavilta. Video on kuvattu v\u00e4est\u00f6nsuojassa tanssiryhm\u00e4n kanssa. Sill\u00e4 on haluttu symboloida muun muassa taiteen ja ilmaisun merkityst\u00e4 toivona ja voimavarana muuttuvissa olosuhteissa. Koreografiasta vastaa Akim Bakhtaoui ja videolla esiintyv\u00e4t h\u00e4nen lis\u00e4ksi Jeffrey Kam, Hozan Omar, Germal Morgan ja Iida Kujala. He kaikki ovat suomalaisen katutanssin ja urbaanin taiteen k\u00e4rkinimi\u00e4, jotka tunnetaan my\u00f6s ty\u00f6skentelyst\u00e4\u00e4n tanssiopettajina ja katutanssikulttuurin kehitt\u00e4jin\u00e4.<br \/>\nJuuret on jatkoa viime vuonna julkaistulle Palefacen, Pimun ja Xmiehen Sataa lunta -kappaleelle, joka tarkasteli somemaailman my\u00f6t\u00e4 syntyvi\u00e4 v\u00e4\u00e4ristyneit\u00e4 todellisuuksia sek\u00e4 mis- ja disinformaation levi\u00e4mist\u00e4.<br \/>\nJuuret-kappale suoratoistopalveluissa<br \/>\n<https:\/\/open.spotify.com\/track\/1ux8hv1EjIC2HTWJxhZ5uN?si=5d77a08ce37d4d12> Spotify<br \/>\n<<a href=\"https:\/\/music.apple.com\/fi\/album\/juuret-feat-ismo-alanko-single\/1858020347?l=fi\">music.apple.com\/fi\/album\/juuret-feat-ismo-alanko-single\/1858020347?l=fi<\/a>> Apple Music<br \/>\n<<a href=\"https:\/\/www.deezer.com\/en\/album\/867711492\">www.deezer.com\/en\/album\/867711492<\/a>> Deezer<br \/>\n Katso ja jaa Juuret-musiikkivideo (YouTube): https:\/\/youtu.be\/s2hiNHfv9S0<br \/>\nHyperlinkit materiaaleihin<br \/>\n<<a href=\"https:\/\/www.dropbox.com\/scl\/fo\/ry54nwblxphn9nu7k2n9i\/ALlEG2vj2-17AfzBqhTt3H8?rlkey=mcepkrqjr7gtjwp0gpzgbn70g&#038;st=6s02s616&#038;dl=0\">www.dropbox.com\/scl\/fo\/ry54nwblxphn9nu7k2n9i\/ALlEG2vj2-17AfzBqhTt3H8?rlkey=mcepkrqjr7gtjwp0gpzgbn70g&amp;st=6s02s616&amp;dl=0<\/a>> Pressikuvat ja singlen kansi <<a href=\"https:\/\/www.dropbox.com\/scl\/fi\/y3hqoont1w6s9sakk8mpo\/TEKIJ-TIEDOT-JA-LYRIIKAT_Suistamon-S-hk-feat-Ismo-Alanko_Juuret-single.pdf?rlkey=xxuvlegfu4ehbx3dvp2hd3ht8&#038;st=znantqxi&#038;dl=0\">www.dropbox.com\/scl\/fi\/y3hqoont1w6s9sakk8mpo\/TEKIJ-TIEDOT-JA-LYRIIKAT_Suistamon-S-hk-feat-Ismo-Alanko_Juuret-single.pdf?rlkey=xxuvlegfu4ehbx3dvp2hd3ht8&amp;st=znantqxi&amp;dl=0<\/a>> Tekij\u00e4tiedot ja lyriikat<br \/>\n Seuraa Suistamon S\u00e4hk\u00f6 -yhtyett\u00e4<br \/>\n<<a href=\"https:\/\/www.suistamonsahko.fi\/\">www.suistamonsahko.fi\/<\/a>> Kotisivut<br \/>\n<<a href=\"https:\/\/www.instagram.com\/suistamonsahko\/\">www.instagram.com\/suistamonsahko\/<\/a>> Instagram<br \/>\n<<a href=\"https:\/\/www.facebook.com\/suistamonsahko\">www.facebook.com\/suistamonsahko<\/a>> Facebook<br \/>\n<<a href=\"https:\/\/www.youtube.com\/SuistamonSahko\">www.youtube.com\/SuistamonSahko<\/a>> YouTube<br \/>\n<https:\/\/open.spotify.com\/artist\/4lt3eYhDiGBsGHEtcrUZhv?si=0X0O3yCXTgWyOm9y4VRkSw> Spotify<br \/>\n Seuraa Ismo Alankoa<br \/>\n<<a href=\"https:\/\/www.ismoalanko.com\/\">www.ismoalanko.com\/<\/a>> Kotisivut<br \/>\n<<a href=\"https:\/\/www.instagram.com\/ismoalanko\/\">www.instagram.com\/ismoalanko\/<\/a>> Instagram<br \/>\n<<a href=\"https:\/\/www.facebook.com\/ismoalanko\/\">www.facebook.com\/ismoalanko\/<\/a>> Facebook<br \/>\n<https:\/\/open.spotify.com\/artist\/6h03SuifBwUlydEkwrXVXF?si=QdTtCVdlTRCJus7cfVFqEg> Spotify<br \/>\n Lis\u00e4tiedot ja haastattelut Viestint\u00e4toimisto R\u00f6d Katja Tolonen <a href=\"mailto:katja@rodrod.fi\" >katja@rodrod.fi<\/a> <<a href=\"mailto:katja@rodrod.fi\">mailto:<a href=\"mailto:katja@rodrod.fi\" >katja@rodrod.fi<\/a><\/a>> +358 50 492 2017<\/p>\n<div class=\"postie-attachments\"><a href=\"https:\/\/www.deski.fi\/?attachment_id=15384\"><img decoding=\"async\" src=\"http:\/\/www.deski.fi\/wp-content\/uploads\/2026\/01\/Suistamon-Sahko-Ismo-Alanko_1050px-300x200.png\" alt=\"\" width=\"300px\" height=\"200px\" class=\"alignnone size-medium wp-image-15384\" srcset=\"https:\/\/www.deski.fi\/wp-content\/uploads\/2026\/01\/Suistamon-Sahko-Ismo-Alanko_1050px-300x200.png 300w, https:\/\/www.deski.fi\/wp-content\/uploads\/2026\/01\/Suistamon-Sahko-Ismo-Alanko_1050px-1024x683.png 1024w, https:\/\/www.deski.fi\/wp-content\/uploads\/2026\/01\/Suistamon-Sahko-Ismo-Alanko_1050px-768x512.png 768w, https:\/\/www.deski.fi\/wp-content\/uploads\/2026\/01\/Suistamon-Sahko-Ismo-Alanko_1050px-1000x667.png 1000w, https:\/\/www.deski.fi\/wp-content\/uploads\/2026\/01\/Suistamon-Sahko-Ismo-Alanko_1050px-230x153.png 230w, https:\/\/www.deski.fi\/wp-content\/uploads\/2026\/01\/Suistamon-Sahko-Ismo-Alanko_1050px-350x233.png 350w, https:\/\/www.deski.fi\/wp-content\/uploads\/2026\/01\/Suistamon-Sahko-Ismo-Alanko_1050px-480x320.png 480w, https:\/\/www.deski.fi\/wp-content\/uploads\/2026\/01\/Suistamon-Sahko-Ismo-Alanko_1050px.png 1050w\" sizes=\"(max-width: 300px) 100vw, 300px\" \/><\/a><\/div>\n<\/div>\n","protected":false},"excerpt":{"rendered":"<p>Kuvakollaasi: Tero Ahonen Tiedote 12.12.2025 Suistamon S\u00e4hk\u00f6 ja Ismo Alanko yhdistiv\u00e4t voimansa \u2013 Siirtolaisuuden teemasta syntynyt \u201cJuuret\u201d nyt ulkona! \u201cJuuri on kieli, juuri on puu Juuri on maa joka unohtuu Juuri on tuoksu, [&hellip;]<\/p>\n","protected":false},"author":1,"featured_media":15384,"comment_status":"closed","ping_status":"open","sticky":false,"template":"","format":"standard","meta":{"_jetpack_memberships_contains_paid_content":false,"footnotes":""},"categories":[1],"tags":[],"class_list":["post-15383","post","type-post","status-publish","format-standard","has-post-thumbnail","hentry","category-luokittelematon"],"yoast_head":"<!-- This site is optimized with the Yoast SEO plugin v27.4 - https:\/\/yoast.com\/product\/yoast-seo-wordpress\/ -->\n<title>Tiedote: Suistamon S\u00e4hk\u00f6 ja Ismo Alanko yhdistiv\u00e4t voimansa \u2013 Siirtolaisuuden teemasta syntynyt \u201cJuuret\u201d nyt ulkona! - deski.fi<\/title>\n<meta name=\"robots\" content=\"index, follow, max-snippet:-1, max-image-preview:large, max-video-preview:-1\" \/>\n<link rel=\"canonical\" href=\"https:\/\/www.deski.fi\/?p=15383\" \/>\n<meta property=\"og:locale\" content=\"fi_FI\" \/>\n<meta property=\"og:type\" content=\"article\" \/>\n<meta property=\"og:title\" content=\"Tiedote: Suistamon S\u00e4hk\u00f6 ja Ismo Alanko yhdistiv\u00e4t voimansa \u2013 Siirtolaisuuden teemasta syntynyt \u201cJuuret\u201d nyt ulkona! - deski.fi\" \/>\n<meta property=\"og:description\" content=\"Kuvakollaasi: Tero Ahonen Tiedote 12.12.2025 Suistamon S\u00e4hk\u00f6 ja Ismo Alanko yhdistiv\u00e4t voimansa \u2013 Siirtolaisuuden teemasta syntynyt \u201cJuuret\u201d nyt ulkona! \u201cJuuri on kieli, juuri on puu Juuri on maa joka unohtuu Juuri on tuoksu, [&hellip;]\" \/>\n<meta property=\"og:url\" content=\"https:\/\/www.deski.fi\/?p=15383\" \/>\n<meta property=\"og:site_name\" content=\"deski.fi\" \/>\n<meta property=\"article:published_time\" content=\"2025-12-13T19:25:42+00:00\" \/>\n<meta property=\"article:modified_time\" content=\"2026-01-07T19:29:25+00:00\" \/>\n<meta property=\"og:image\" content=\"https:\/\/www.deski.fi\/wp-content\/uploads\/2026\/01\/Suistamon-Sahko-Ismo-Alanko_1050px.png\" \/>\n\t<meta property=\"og:image:width\" content=\"1050\" \/>\n\t<meta property=\"og:image:height\" content=\"700\" \/>\n\t<meta property=\"og:image:type\" content=\"image\/png\" \/>\n<meta name=\"author\" content=\"deski\" \/>\n<meta name=\"twitter:card\" content=\"summary_large_image\" \/>\n<meta name=\"twitter:label1\" content=\"Kirjoittanut\" \/>\n\t<meta name=\"twitter:data1\" content=\"deski\" \/>\n\t<meta name=\"twitter:label2\" content=\"Arvioitu lukuaika\" \/>\n\t<meta name=\"twitter:data2\" content=\"4 minuuttia\" \/>\n<script type=\"application\/ld+json\" class=\"yoast-schema-graph\">{\"@context\":\"https:\\\/\\\/schema.org\",\"@graph\":[{\"@type\":\"Article\",\"@id\":\"https:\\\/\\\/www.deski.fi\\\/?p=15383#article\",\"isPartOf\":{\"@id\":\"https:\\\/\\\/www.deski.fi\\\/?p=15383\"},\"author\":{\"name\":\"deski\",\"@id\":\"https:\\\/\\\/www.deski.fi\\\/#\\\/schema\\\/person\\\/8bd75e57167679d4a7655a115984c5cc\"},\"headline\":\"Tiedote: Suistamon S\u00e4hk\u00f6 ja Ismo Alanko yhdistiv\u00e4t voimansa \u2013 Siirtolaisuuden teemasta syntynyt \u201cJuuret\u201d nyt ulkona!\",\"datePublished\":\"2025-12-13T19:25:42+00:00\",\"dateModified\":\"2026-01-07T19:29:25+00:00\",\"mainEntityOfPage\":{\"@id\":\"https:\\\/\\\/www.deski.fi\\\/?p=15383\"},\"wordCount\":740,\"image\":{\"@id\":\"https:\\\/\\\/www.deski.fi\\\/?p=15383#primaryimage\"},\"thumbnailUrl\":\"https:\\\/\\\/www.deski.fi\\\/wp-content\\\/uploads\\\/2026\\\/01\\\/Suistamon-Sahko-Ismo-Alanko_1050px.png\",\"articleSection\":[\"Luokittelematon\"],\"inLanguage\":\"fi\"},{\"@type\":\"WebPage\",\"@id\":\"https:\\\/\\\/www.deski.fi\\\/?p=15383\",\"url\":\"https:\\\/\\\/www.deski.fi\\\/?p=15383\",\"name\":\"Tiedote: Suistamon S\u00e4hk\u00f6 ja Ismo Alanko yhdistiv\u00e4t voimansa \u2013 Siirtolaisuuden teemasta syntynyt \u201cJuuret\u201d nyt ulkona! - deski.fi\",\"isPartOf\":{\"@id\":\"https:\\\/\\\/www.deski.fi\\\/#website\"},\"primaryImageOfPage\":{\"@id\":\"https:\\\/\\\/www.deski.fi\\\/?p=15383#primaryimage\"},\"image\":{\"@id\":\"https:\\\/\\\/www.deski.fi\\\/?p=15383#primaryimage\"},\"thumbnailUrl\":\"https:\\\/\\\/www.deski.fi\\\/wp-content\\\/uploads\\\/2026\\\/01\\\/Suistamon-Sahko-Ismo-Alanko_1050px.png\",\"datePublished\":\"2025-12-13T19:25:42+00:00\",\"dateModified\":\"2026-01-07T19:29:25+00:00\",\"author\":{\"@id\":\"https:\\\/\\\/www.deski.fi\\\/#\\\/schema\\\/person\\\/8bd75e57167679d4a7655a115984c5cc\"},\"breadcrumb\":{\"@id\":\"https:\\\/\\\/www.deski.fi\\\/?p=15383#breadcrumb\"},\"inLanguage\":\"fi\",\"potentialAction\":[{\"@type\":\"ReadAction\",\"target\":[\"https:\\\/\\\/www.deski.fi\\\/?p=15383\"]}]},{\"@type\":\"ImageObject\",\"inLanguage\":\"fi\",\"@id\":\"https:\\\/\\\/www.deski.fi\\\/?p=15383#primaryimage\",\"url\":\"https:\\\/\\\/www.deski.fi\\\/wp-content\\\/uploads\\\/2026\\\/01\\\/Suistamon-Sahko-Ismo-Alanko_1050px.png\",\"contentUrl\":\"https:\\\/\\\/www.deski.fi\\\/wp-content\\\/uploads\\\/2026\\\/01\\\/Suistamon-Sahko-Ismo-Alanko_1050px.png\",\"width\":1050,\"height\":700},{\"@type\":\"BreadcrumbList\",\"@id\":\"https:\\\/\\\/www.deski.fi\\\/?p=15383#breadcrumb\",\"itemListElement\":[{\"@type\":\"ListItem\",\"position\":1,\"name\":\"Etusivu\",\"item\":\"https:\\\/\\\/www.deski.fi\\\/\"},{\"@type\":\"ListItem\",\"position\":2,\"name\":\"Tiedote: Suistamon S\u00e4hk\u00f6 ja Ismo Alanko yhdistiv\u00e4t voimansa \u2013 Siirtolaisuuden teemasta syntynyt \u201cJuuret\u201d nyt ulkona!\"}]},{\"@type\":\"WebSite\",\"@id\":\"https:\\\/\\\/www.deski.fi\\\/#website\",\"url\":\"https:\\\/\\\/www.deski.fi\\\/\",\"name\":\"deski.fi\",\"description\":\"Kaikki tiedotteet yhdess&auml; paikassa.\",\"potentialAction\":[{\"@type\":\"SearchAction\",\"target\":{\"@type\":\"EntryPoint\",\"urlTemplate\":\"https:\\\/\\\/www.deski.fi\\\/?s={search_term_string}\"},\"query-input\":{\"@type\":\"PropertyValueSpecification\",\"valueRequired\":true,\"valueName\":\"search_term_string\"}}],\"inLanguage\":\"fi\"},{\"@type\":\"Person\",\"@id\":\"https:\\\/\\\/www.deski.fi\\\/#\\\/schema\\\/person\\\/8bd75e57167679d4a7655a115984c5cc\",\"name\":\"deski\",\"image\":{\"@type\":\"ImageObject\",\"inLanguage\":\"fi\",\"@id\":\"https:\\\/\\\/secure.gravatar.com\\\/avatar\\\/c0990e16eceeb9f9e57c62830d9dbc4a49e1be722381d63aee238afb4a7fbe91?s=96&d=mm&r=g\",\"url\":\"https:\\\/\\\/secure.gravatar.com\\\/avatar\\\/c0990e16eceeb9f9e57c62830d9dbc4a49e1be722381d63aee238afb4a7fbe91?s=96&d=mm&r=g\",\"contentUrl\":\"https:\\\/\\\/secure.gravatar.com\\\/avatar\\\/c0990e16eceeb9f9e57c62830d9dbc4a49e1be722381d63aee238afb4a7fbe91?s=96&d=mm&r=g\",\"caption\":\"deski\"},\"sameAs\":[\"http:\\\/\\\/www.deski.fi\"],\"url\":\"https:\\\/\\\/www.deski.fi\\\/?author=1\"}]}<\/script>\n<!-- \/ Yoast SEO plugin. -->","yoast_head_json":{"title":"Tiedote: Suistamon S\u00e4hk\u00f6 ja Ismo Alanko yhdistiv\u00e4t voimansa \u2013 Siirtolaisuuden teemasta syntynyt \u201cJuuret\u201d nyt ulkona! - deski.fi","robots":{"index":"index","follow":"follow","max-snippet":"max-snippet:-1","max-image-preview":"max-image-preview:large","max-video-preview":"max-video-preview:-1"},"canonical":"https:\/\/www.deski.fi\/?p=15383","og_locale":"fi_FI","og_type":"article","og_title":"Tiedote: Suistamon S\u00e4hk\u00f6 ja Ismo Alanko yhdistiv\u00e4t voimansa \u2013 Siirtolaisuuden teemasta syntynyt \u201cJuuret\u201d nyt ulkona! - deski.fi","og_description":"Kuvakollaasi: Tero Ahonen Tiedote 12.12.2025 Suistamon S\u00e4hk\u00f6 ja Ismo Alanko yhdistiv\u00e4t voimansa \u2013 Siirtolaisuuden teemasta syntynyt \u201cJuuret\u201d nyt ulkona! \u201cJuuri on kieli, juuri on puu Juuri on maa joka unohtuu Juuri on tuoksu, [&hellip;]","og_url":"https:\/\/www.deski.fi\/?p=15383","og_site_name":"deski.fi","article_published_time":"2025-12-13T19:25:42+00:00","article_modified_time":"2026-01-07T19:29:25+00:00","og_image":[{"width":1050,"height":700,"url":"https:\/\/www.deski.fi\/wp-content\/uploads\/2026\/01\/Suistamon-Sahko-Ismo-Alanko_1050px.png","type":"image\/png"}],"author":"deski","twitter_card":"summary_large_image","twitter_misc":{"Kirjoittanut":"deski","Arvioitu lukuaika":"4 minuuttia"},"schema":{"@context":"https:\/\/schema.org","@graph":[{"@type":"Article","@id":"https:\/\/www.deski.fi\/?p=15383#article","isPartOf":{"@id":"https:\/\/www.deski.fi\/?p=15383"},"author":{"name":"deski","@id":"https:\/\/www.deski.fi\/#\/schema\/person\/8bd75e57167679d4a7655a115984c5cc"},"headline":"Tiedote: Suistamon S\u00e4hk\u00f6 ja Ismo Alanko yhdistiv\u00e4t voimansa \u2013 Siirtolaisuuden teemasta syntynyt \u201cJuuret\u201d nyt ulkona!","datePublished":"2025-12-13T19:25:42+00:00","dateModified":"2026-01-07T19:29:25+00:00","mainEntityOfPage":{"@id":"https:\/\/www.deski.fi\/?p=15383"},"wordCount":740,"image":{"@id":"https:\/\/www.deski.fi\/?p=15383#primaryimage"},"thumbnailUrl":"https:\/\/www.deski.fi\/wp-content\/uploads\/2026\/01\/Suistamon-Sahko-Ismo-Alanko_1050px.png","articleSection":["Luokittelematon"],"inLanguage":"fi"},{"@type":"WebPage","@id":"https:\/\/www.deski.fi\/?p=15383","url":"https:\/\/www.deski.fi\/?p=15383","name":"Tiedote: Suistamon S\u00e4hk\u00f6 ja Ismo Alanko yhdistiv\u00e4t voimansa \u2013 Siirtolaisuuden teemasta syntynyt \u201cJuuret\u201d nyt ulkona! - deski.fi","isPartOf":{"@id":"https:\/\/www.deski.fi\/#website"},"primaryImageOfPage":{"@id":"https:\/\/www.deski.fi\/?p=15383#primaryimage"},"image":{"@id":"https:\/\/www.deski.fi\/?p=15383#primaryimage"},"thumbnailUrl":"https:\/\/www.deski.fi\/wp-content\/uploads\/2026\/01\/Suistamon-Sahko-Ismo-Alanko_1050px.png","datePublished":"2025-12-13T19:25:42+00:00","dateModified":"2026-01-07T19:29:25+00:00","author":{"@id":"https:\/\/www.deski.fi\/#\/schema\/person\/8bd75e57167679d4a7655a115984c5cc"},"breadcrumb":{"@id":"https:\/\/www.deski.fi\/?p=15383#breadcrumb"},"inLanguage":"fi","potentialAction":[{"@type":"ReadAction","target":["https:\/\/www.deski.fi\/?p=15383"]}]},{"@type":"ImageObject","inLanguage":"fi","@id":"https:\/\/www.deski.fi\/?p=15383#primaryimage","url":"https:\/\/www.deski.fi\/wp-content\/uploads\/2026\/01\/Suistamon-Sahko-Ismo-Alanko_1050px.png","contentUrl":"https:\/\/www.deski.fi\/wp-content\/uploads\/2026\/01\/Suistamon-Sahko-Ismo-Alanko_1050px.png","width":1050,"height":700},{"@type":"BreadcrumbList","@id":"https:\/\/www.deski.fi\/?p=15383#breadcrumb","itemListElement":[{"@type":"ListItem","position":1,"name":"Etusivu","item":"https:\/\/www.deski.fi\/"},{"@type":"ListItem","position":2,"name":"Tiedote: Suistamon S\u00e4hk\u00f6 ja Ismo Alanko yhdistiv\u00e4t voimansa \u2013 Siirtolaisuuden teemasta syntynyt \u201cJuuret\u201d nyt ulkona!"}]},{"@type":"WebSite","@id":"https:\/\/www.deski.fi\/#website","url":"https:\/\/www.deski.fi\/","name":"deski.fi","description":"Kaikki tiedotteet yhdess&auml; paikassa.","potentialAction":[{"@type":"SearchAction","target":{"@type":"EntryPoint","urlTemplate":"https:\/\/www.deski.fi\/?s={search_term_string}"},"query-input":{"@type":"PropertyValueSpecification","valueRequired":true,"valueName":"search_term_string"}}],"inLanguage":"fi"},{"@type":"Person","@id":"https:\/\/www.deski.fi\/#\/schema\/person\/8bd75e57167679d4a7655a115984c5cc","name":"deski","image":{"@type":"ImageObject","inLanguage":"fi","@id":"https:\/\/secure.gravatar.com\/avatar\/c0990e16eceeb9f9e57c62830d9dbc4a49e1be722381d63aee238afb4a7fbe91?s=96&d=mm&r=g","url":"https:\/\/secure.gravatar.com\/avatar\/c0990e16eceeb9f9e57c62830d9dbc4a49e1be722381d63aee238afb4a7fbe91?s=96&d=mm&r=g","contentUrl":"https:\/\/secure.gravatar.com\/avatar\/c0990e16eceeb9f9e57c62830d9dbc4a49e1be722381d63aee238afb4a7fbe91?s=96&d=mm&r=g","caption":"deski"},"sameAs":["http:\/\/www.deski.fi"],"url":"https:\/\/www.deski.fi\/?author=1"}]}},"jetpack_featured_media_url":"https:\/\/www.deski.fi\/wp-content\/uploads\/2026\/01\/Suistamon-Sahko-Ismo-Alanko_1050px.png","jetpack_sharing_enabled":true,"_links":{"self":[{"href":"https:\/\/www.deski.fi\/index.php?rest_route=\/wp\/v2\/posts\/15383","targetHints":{"allow":["GET"]}}],"collection":[{"href":"https:\/\/www.deski.fi\/index.php?rest_route=\/wp\/v2\/posts"}],"about":[{"href":"https:\/\/www.deski.fi\/index.php?rest_route=\/wp\/v2\/types\/post"}],"author":[{"embeddable":true,"href":"https:\/\/www.deski.fi\/index.php?rest_route=\/wp\/v2\/users\/1"}],"replies":[{"embeddable":true,"href":"https:\/\/www.deski.fi\/index.php?rest_route=%2Fwp%2Fv2%2Fcomments&post=15383"}],"version-history":[{"count":1,"href":"https:\/\/www.deski.fi\/index.php?rest_route=\/wp\/v2\/posts\/15383\/revisions"}],"predecessor-version":[{"id":15385,"href":"https:\/\/www.deski.fi\/index.php?rest_route=\/wp\/v2\/posts\/15383\/revisions\/15385"}],"wp:featuredmedia":[{"embeddable":true,"href":"https:\/\/www.deski.fi\/index.php?rest_route=\/wp\/v2\/media\/15384"}],"wp:attachment":[{"href":"https:\/\/www.deski.fi\/index.php?rest_route=%2Fwp%2Fv2%2Fmedia&parent=15383"}],"wp:term":[{"taxonomy":"category","embeddable":true,"href":"https:\/\/www.deski.fi\/index.php?rest_route=%2Fwp%2Fv2%2Fcategories&post=15383"},{"taxonomy":"post_tag","embeddable":true,"href":"https:\/\/www.deski.fi\/index.php?rest_route=%2Fwp%2Fv2%2Ftags&post=15383"}],"curies":[{"name":"wp","href":"https:\/\/api.w.org\/{rel}","templated":true}]}}