{"id":884,"date":"2025-09-03T15:16:30","date_gmt":"2025-09-03T12:16:30","guid":{"rendered":"http:\/\/www.deski.fi\/?p=884"},"modified":"2025-09-07T16:09:25","modified_gmt":"2025-09-07T13:09:25","slug":"suomen-ensimmainen-mannerheim-ristin-ritarien-museo-ritarigalleria-viettaa-1-vuotisjuhlaa","status":"publish","type":"post","link":"http:\/\/www.deski.fi\/?p=884","title":{"rendered":"Suomen ensimm\u00e4inen Mannerheim-ristin ritarien museo, Ritarigalleria viett\u00e4\u00e4 1-vuotisjuhlaa"},"content":{"rendered":"<div class=\"postie-post\">TIEDOTE: Suomen ensimm\u00e4inen Mannerheim-ristin ritarien museo, Ritarigalleria viett\u00e4\u00e4 1-vuotisjuhlaa<\/p>\n<p>Tiedote 6.9.2025 | Mannerheim-ristin ritarien museon tukiyhdistys \u2013 Ritarigalleria ry.<\/p>\n<p>Humppilassa elokuussa 2024 avattu Suomen ensimm\u00e4inen Mannerheim-ristin ritarien museo, Ritarigalleria, viett\u00e4\u00e4 1-vuotisjuhlaansa lauantai-iltana 6.9.2025. Mannerheim-ristin ritarien museo sijaitsee Kauppakeskus Humppilan Lasin yhteydess\u00e4 olevassa n\u00e4yttelytilassa.<\/p>\n<p>Juhlap\u00e4iv\u00e4n kunniaksi museoon on lauantaina 6. syyskuuta vapaa p\u00e4\u00e4sy. Juhlaluennon, aiheena \u201dMerisotaa Suomenlahdella \u2013 Merivoimien Mannerheim-ristin ritarit\u201d pit\u00e4\u00e4 komentaja evp. Matti Ketola, Panssarilaivojen perinneyhdistyksen puheenjohtaja. Luento ja kahvitus alkavat Kauppakeskus Humppilan Lasin aulassa alkaen kello 16. Juhlakahveilla juhlistetaan samalla Humppilassa aikanaan vaikuttaneen j\u00e4\u00e4k\u00e4riritari Viljo Laakson 130-vuotisp\u00e4iv\u00e4\u00e4. Viimeisen\u00e4 Mannerheim-ristin ritariksi nimetyn Viljo Laakson ritarinimityksest\u00e4 tuli toukokuussa 2025 t\u00e4yteen 80 vuotta ja h\u00e4nen syntym\u00e4st\u00e4\u00e4n tuli elokuussa t\u00e4yteen 130 vuotta. Juhlakahvit tarjoaa vuonna 2023 perustettu Mannerheim-ristin ritarien museon tukiyhdistys, Ritarigalleria ry. Luentotilaisuuden j\u00e4rjest\u00e4v\u00e4t Humppilan kunta sek\u00e4 museon tukiyhdistys yhteisty\u00f6ss\u00e4. Museolla galleriavastaavana ty\u00f6skentelev\u00e4 Anna Alho on p\u00e4\u00e4j\u00e4rjest\u00e4j\u00e4.<\/p>\n<p>Ritari numero 191., Viljo Laakso on haudattu H\u00e4meenlinnan Renkoon. Laakso toimi Humppilan suojeluskunnan p\u00e4\u00e4llikk\u00f6n\u00e4 1920-luvulla, asuen tuolloin Humppilassa. Humppilan hautausmaalle on haudattu kaksi Mannerheim-ristin ritaria, Kauko Tuomala ja Veikko Kaarlo \u201dKalle\u201d Lehtonen.<\/p>\n<p>RITARIGALLERIA \u2013 VALTAKUNNALLINEN MANNEHEIM-RISTIN RITARIEN MUSEO<\/p>\n<p>Ritarigalleria, on uusi, elokuussa 2024 avattu valtakunnallinen historian oppimiskeskus ja valtakunnallinen Mannerheim-ristin ritarien museo. Ritarigallerian n\u00e4yttely t\u00e4ydent\u00e4\u00e4 Suomen sotahistoriallisten museoiden kentt\u00e4\u00e4 nostaen keski\u00f6\u00f6n Suomen korkea-arvoisimman sotilaallisista ansioista my\u00f6nnetyn kunniamerkin saajat, Mannerheim-ristin ritarit.<\/p>\n<p>Ritarigalleria esittelee keskeisten ja v\u00e4hemm\u00e4n tunnettujen ritarien henkil\u00f6tarinat ja sotilaspolut. Vain 191 jatkosodan tai Lapin sodan kokenutta sotilasta nimettiin ritariksi, mutta he olivat edustava otos tuon ajan suomalaisista miehist\u00e4. Ritarit pystyiv\u00e4t erottautumaan ansioillaan lukuisista muista itsens\u00e4 joka p\u00e4iv\u00e4 ylitt\u00e4vist\u00e4 sotilaista. N\u00e4yttelyss\u00e4 on esill\u00e4 ritarien alkuper\u00e4ist\u00e4 esineist\u00f6\u00e4. Kunniasein\u00e4ll\u00e4 esitell\u00e4\u00e4n kaikkien 191 ritarien kuvat koosteessa, jonka laatuista ei mist\u00e4\u00e4n muualta Suomessa l\u00f6ydy. Museo vaalii ja kunnioittaa Mannerheim-ristin ritarien muistoa ja perint\u00f6\u00e4 unohtamatta koko veteraanipolven asevelji\u00e4, joille vaatimattomat ritarit usein osoittivat kaiken ansion saamastaan kunniasta.<\/p>\n<p>LIS\u00c4TIETOJA RITARIGALLERIAN 1-VUOTISJUHLATILAISUUKSISTA:<\/p>\n<p>Anna Alho<br \/>\nRitarigalleria-museon galleriavastaava<br \/>\n<a href=\"mailto:anna.alho@ritarigalleria.fi\" >anna.alho@ritarigalleria.fi<\/a> <<a href=\"mailto:anna.alho@ritarigalleria.fi\">mailto:<a href=\"mailto:anna.alho@ritarigalleria.fi\" >anna.alho@ritarigalleria.fi<\/a><\/a>><br \/>\n0400 481836<\/p>\n<p>Antti Ahonen<br \/>\nMannerheim-ristin ritarien museon tukiyhdistys &#8211; Ritarigalleria ry:n puheenjohtaja<br \/>\n<a href=\"mailto:antti.ahonen@hmlkaupunki.fi\" >antti.ahonen@hmlkaupunki.fi<\/a> <<a href=\"mailto:antti.ahonen@hmlkaupunki.fi\">mailto:<a href=\"mailto:antti.ahonen@hmlkaupunki.fi\" >antti.ahonen@hmlkaupunki.fi<\/a><\/a>><br \/>\n044 5359400<\/p>\n<div class=\"postie-attachments\"><a href=\"http:\/\/www.deski.fi\/?attachment_id=885\"><img decoding=\"async\" src=\"http:\/\/www.deski.fi\/wp-content\/uploads\/2025\/09\/image.jpg\" alt=\"\" width=\"300px\" height=\"150px\" class=\"alignnone size-medium wp-image-885\" srcset=\"http:\/\/www.deski.fi\/wp-content\/uploads\/2025\/09\/image.jpg 300w, http:\/\/www.deski.fi\/wp-content\/uploads\/2025\/09\/image-230x115.jpg 230w\" sizes=\"(max-width: 300px) 100vw, 300px\" \/><\/a><br \/>\n<a href=\"http:\/\/www.deski.fi\/?attachment_id=886\"><img decoding=\"async\" src=\"http:\/\/www.deski.fi\/wp-content\/uploads\/2025\/09\/image-300x173.png\" alt=\"\" width=\"300px\" height=\"173px\" class=\"alignnone size-medium wp-image-886\" srcset=\"http:\/\/www.deski.fi\/wp-content\/uploads\/2025\/09\/image-300x173.png 300w, http:\/\/www.deski.fi\/wp-content\/uploads\/2025\/09\/image-768x442.png 768w, http:\/\/www.deski.fi\/wp-content\/uploads\/2025\/09\/image-230x132.png 230w, http:\/\/www.deski.fi\/wp-content\/uploads\/2025\/09\/image-350x202.png 350w, http:\/\/www.deski.fi\/wp-content\/uploads\/2025\/09\/image-480x276.png 480w, http:\/\/www.deski.fi\/wp-content\/uploads\/2025\/09\/image.png 941w\" sizes=\"(max-width: 300px) 100vw, 300px\" \/><\/a><\/div>\n<\/div>\n","protected":false},"excerpt":{"rendered":"<p>TIEDOTE: Suomen ensimm\u00e4inen Mannerheim-ristin ritarien museo, Ritarigalleria viett\u00e4\u00e4 1-vuotisjuhlaa Tiedote 6.9.2025 | Mannerheim-ristin ritarien museon tukiyhdistys \u2013 Ritarigalleria ry. Humppilassa elokuussa 2024 avattu Suomen ensimm\u00e4inen Mannerheim-ristin ritarien museo, Ritarigalleria, viett\u00e4\u00e4 1-vuotisjuhlaansa lauantai-iltana 6.9.2025. [&hellip;]<\/p>\n","protected":false},"author":1,"featured_media":885,"comment_status":"closed","ping_status":"open","sticky":false,"template":"","format":"standard","meta":{"_jetpack_memberships_contains_paid_content":false,"footnotes":""},"categories":[1],"tags":[],"class_list":["post-884","post","type-post","status-publish","format-standard","has-post-thumbnail","hentry","category-luokittelematon"],"yoast_head":"<!-- This site is optimized with the Yoast SEO plugin v27.5 - https:\/\/yoast.com\/product\/yoast-seo-wordpress\/ -->\n<title>Suomen ensimm\u00e4inen Mannerheim-ristin ritarien museo, Ritarigalleria viett\u00e4\u00e4 1-vuotisjuhlaa - deski.fi<\/title>\n<meta name=\"robots\" content=\"index, follow, max-snippet:-1, max-image-preview:large, max-video-preview:-1\" \/>\n<link rel=\"canonical\" href=\"https:\/\/www.deski.fi\/?p=884\" \/>\n<meta property=\"og:locale\" content=\"fi_FI\" \/>\n<meta property=\"og:type\" content=\"article\" \/>\n<meta property=\"og:title\" content=\"Suomen ensimm\u00e4inen Mannerheim-ristin ritarien museo, Ritarigalleria viett\u00e4\u00e4 1-vuotisjuhlaa - deski.fi\" \/>\n<meta property=\"og:description\" content=\"TIEDOTE: Suomen ensimm\u00e4inen Mannerheim-ristin ritarien museo, Ritarigalleria viett\u00e4\u00e4 1-vuotisjuhlaa Tiedote 6.9.2025 | Mannerheim-ristin ritarien museon tukiyhdistys \u2013 Ritarigalleria ry. Humppilassa elokuussa 2024 avattu Suomen ensimm\u00e4inen Mannerheim-ristin ritarien museo, Ritarigalleria, viett\u00e4\u00e4 1-vuotisjuhlaansa lauantai-iltana 6.9.2025. [&hellip;]\" \/>\n<meta property=\"og:url\" content=\"https:\/\/www.deski.fi\/?p=884\" \/>\n<meta property=\"og:site_name\" content=\"deski.fi\" \/>\n<meta property=\"article:published_time\" content=\"2025-09-03T12:16:30+00:00\" \/>\n<meta property=\"article:modified_time\" content=\"2025-09-07T13:09:25+00:00\" \/>\n<meta property=\"og:image\" content=\"https:\/\/www.deski.fi\/wp-content\/uploads\/2025\/09\/image.jpg\" \/>\n\t<meta property=\"og:image:width\" content=\"300\" \/>\n\t<meta property=\"og:image:height\" content=\"150\" \/>\n\t<meta property=\"og:image:type\" content=\"image\/jpeg\" \/>\n<meta name=\"author\" content=\"deski\" \/>\n<meta name=\"twitter:card\" content=\"summary_large_image\" \/>\n<meta name=\"twitter:label1\" content=\"Kirjoittanut\" \/>\n\t<meta name=\"twitter:data1\" content=\"deski\" \/>\n\t<meta name=\"twitter:label2\" content=\"Arvioitu lukuaika\" \/>\n\t<meta name=\"twitter:data2\" content=\"2 minuuttia\" \/>\n<script type=\"application\/ld+json\" class=\"yoast-schema-graph\">{\"@context\":\"https:\\\/\\\/schema.org\",\"@graph\":[{\"@type\":\"Article\",\"@id\":\"https:\\\/\\\/www.deski.fi\\\/?p=884#article\",\"isPartOf\":{\"@id\":\"https:\\\/\\\/www.deski.fi\\\/?p=884\"},\"author\":{\"name\":\"deski\",\"@id\":\"http:\\\/\\\/www.deski.fi\\\/#\\\/schema\\\/person\\\/8bd75e57167679d4a7655a115984c5cc\"},\"headline\":\"Suomen ensimm\u00e4inen Mannerheim-ristin ritarien museo, Ritarigalleria viett\u00e4\u00e4 1-vuotisjuhlaa\",\"datePublished\":\"2025-09-03T12:16:30+00:00\",\"dateModified\":\"2025-09-07T13:09:25+00:00\",\"mainEntityOfPage\":{\"@id\":\"https:\\\/\\\/www.deski.fi\\\/?p=884\"},\"wordCount\":348,\"image\":{\"@id\":\"https:\\\/\\\/www.deski.fi\\\/?p=884#primaryimage\"},\"thumbnailUrl\":\"http:\\\/\\\/www.deski.fi\\\/wp-content\\\/uploads\\\/2025\\\/09\\\/image.jpg\",\"articleSection\":[\"Luokittelematon\"],\"inLanguage\":\"fi\"},{\"@type\":\"WebPage\",\"@id\":\"https:\\\/\\\/www.deski.fi\\\/?p=884\",\"url\":\"https:\\\/\\\/www.deski.fi\\\/?p=884\",\"name\":\"Suomen ensimm\u00e4inen Mannerheim-ristin ritarien museo, Ritarigalleria viett\u00e4\u00e4 1-vuotisjuhlaa - deski.fi\",\"isPartOf\":{\"@id\":\"http:\\\/\\\/www.deski.fi\\\/#website\"},\"primaryImageOfPage\":{\"@id\":\"https:\\\/\\\/www.deski.fi\\\/?p=884#primaryimage\"},\"image\":{\"@id\":\"https:\\\/\\\/www.deski.fi\\\/?p=884#primaryimage\"},\"thumbnailUrl\":\"http:\\\/\\\/www.deski.fi\\\/wp-content\\\/uploads\\\/2025\\\/09\\\/image.jpg\",\"datePublished\":\"2025-09-03T12:16:30+00:00\",\"dateModified\":\"2025-09-07T13:09:25+00:00\",\"author\":{\"@id\":\"http:\\\/\\\/www.deski.fi\\\/#\\\/schema\\\/person\\\/8bd75e57167679d4a7655a115984c5cc\"},\"breadcrumb\":{\"@id\":\"https:\\\/\\\/www.deski.fi\\\/?p=884#breadcrumb\"},\"inLanguage\":\"fi\",\"potentialAction\":[{\"@type\":\"ReadAction\",\"target\":[\"https:\\\/\\\/www.deski.fi\\\/?p=884\"]}]},{\"@type\":\"ImageObject\",\"inLanguage\":\"fi\",\"@id\":\"https:\\\/\\\/www.deski.fi\\\/?p=884#primaryimage\",\"url\":\"http:\\\/\\\/www.deski.fi\\\/wp-content\\\/uploads\\\/2025\\\/09\\\/image.jpg\",\"contentUrl\":\"http:\\\/\\\/www.deski.fi\\\/wp-content\\\/uploads\\\/2025\\\/09\\\/image.jpg\",\"width\":300,\"height\":150},{\"@type\":\"BreadcrumbList\",\"@id\":\"https:\\\/\\\/www.deski.fi\\\/?p=884#breadcrumb\",\"itemListElement\":[{\"@type\":\"ListItem\",\"position\":1,\"name\":\"Etusivu\",\"item\":\"http:\\\/\\\/www.deski.fi\\\/\"},{\"@type\":\"ListItem\",\"position\":2,\"name\":\"Suomen ensimm\u00e4inen Mannerheim-ristin ritarien museo, Ritarigalleria viett\u00e4\u00e4 1-vuotisjuhlaa\"}]},{\"@type\":\"WebSite\",\"@id\":\"http:\\\/\\\/www.deski.fi\\\/#website\",\"url\":\"http:\\\/\\\/www.deski.fi\\\/\",\"name\":\"deski.fi\",\"description\":\"Kaikki tiedotteet yhdess&auml; paikassa.\",\"potentialAction\":[{\"@type\":\"SearchAction\",\"target\":{\"@type\":\"EntryPoint\",\"urlTemplate\":\"http:\\\/\\\/www.deski.fi\\\/?s={search_term_string}\"},\"query-input\":{\"@type\":\"PropertyValueSpecification\",\"valueRequired\":true,\"valueName\":\"search_term_string\"}}],\"inLanguage\":\"fi\"},{\"@type\":\"Person\",\"@id\":\"http:\\\/\\\/www.deski.fi\\\/#\\\/schema\\\/person\\\/8bd75e57167679d4a7655a115984c5cc\",\"name\":\"deski\",\"image\":{\"@type\":\"ImageObject\",\"inLanguage\":\"fi\",\"@id\":\"https:\\\/\\\/secure.gravatar.com\\\/avatar\\\/c0990e16eceeb9f9e57c62830d9dbc4a49e1be722381d63aee238afb4a7fbe91?s=96&d=mm&r=g\",\"url\":\"https:\\\/\\\/secure.gravatar.com\\\/avatar\\\/c0990e16eceeb9f9e57c62830d9dbc4a49e1be722381d63aee238afb4a7fbe91?s=96&d=mm&r=g\",\"contentUrl\":\"https:\\\/\\\/secure.gravatar.com\\\/avatar\\\/c0990e16eceeb9f9e57c62830d9dbc4a49e1be722381d63aee238afb4a7fbe91?s=96&d=mm&r=g\",\"caption\":\"deski\"},\"sameAs\":[\"http:\\\/\\\/www.deski.fi\"],\"url\":\"http:\\\/\\\/www.deski.fi\\\/?author=1\"}]}<\/script>\n<!-- \/ Yoast SEO plugin. -->","yoast_head_json":{"title":"Suomen ensimm\u00e4inen Mannerheim-ristin ritarien museo, Ritarigalleria viett\u00e4\u00e4 1-vuotisjuhlaa - deski.fi","robots":{"index":"index","follow":"follow","max-snippet":"max-snippet:-1","max-image-preview":"max-image-preview:large","max-video-preview":"max-video-preview:-1"},"canonical":"https:\/\/www.deski.fi\/?p=884","og_locale":"fi_FI","og_type":"article","og_title":"Suomen ensimm\u00e4inen Mannerheim-ristin ritarien museo, Ritarigalleria viett\u00e4\u00e4 1-vuotisjuhlaa - deski.fi","og_description":"TIEDOTE: Suomen ensimm\u00e4inen Mannerheim-ristin ritarien museo, Ritarigalleria viett\u00e4\u00e4 1-vuotisjuhlaa Tiedote 6.9.2025 | Mannerheim-ristin ritarien museon tukiyhdistys \u2013 Ritarigalleria ry. Humppilassa elokuussa 2024 avattu Suomen ensimm\u00e4inen Mannerheim-ristin ritarien museo, Ritarigalleria, viett\u00e4\u00e4 1-vuotisjuhlaansa lauantai-iltana 6.9.2025. [&hellip;]","og_url":"https:\/\/www.deski.fi\/?p=884","og_site_name":"deski.fi","article_published_time":"2025-09-03T12:16:30+00:00","article_modified_time":"2025-09-07T13:09:25+00:00","og_image":[{"width":300,"height":150,"url":"https:\/\/www.deski.fi\/wp-content\/uploads\/2025\/09\/image.jpg","type":"image\/jpeg"}],"author":"deski","twitter_card":"summary_large_image","twitter_misc":{"Kirjoittanut":"deski","Arvioitu lukuaika":"2 minuuttia"},"schema":{"@context":"https:\/\/schema.org","@graph":[{"@type":"Article","@id":"https:\/\/www.deski.fi\/?p=884#article","isPartOf":{"@id":"https:\/\/www.deski.fi\/?p=884"},"author":{"name":"deski","@id":"http:\/\/www.deski.fi\/#\/schema\/person\/8bd75e57167679d4a7655a115984c5cc"},"headline":"Suomen ensimm\u00e4inen Mannerheim-ristin ritarien museo, Ritarigalleria viett\u00e4\u00e4 1-vuotisjuhlaa","datePublished":"2025-09-03T12:16:30+00:00","dateModified":"2025-09-07T13:09:25+00:00","mainEntityOfPage":{"@id":"https:\/\/www.deski.fi\/?p=884"},"wordCount":348,"image":{"@id":"https:\/\/www.deski.fi\/?p=884#primaryimage"},"thumbnailUrl":"http:\/\/www.deski.fi\/wp-content\/uploads\/2025\/09\/image.jpg","articleSection":["Luokittelematon"],"inLanguage":"fi"},{"@type":"WebPage","@id":"https:\/\/www.deski.fi\/?p=884","url":"https:\/\/www.deski.fi\/?p=884","name":"Suomen ensimm\u00e4inen Mannerheim-ristin ritarien museo, Ritarigalleria viett\u00e4\u00e4 1-vuotisjuhlaa - deski.fi","isPartOf":{"@id":"http:\/\/www.deski.fi\/#website"},"primaryImageOfPage":{"@id":"https:\/\/www.deski.fi\/?p=884#primaryimage"},"image":{"@id":"https:\/\/www.deski.fi\/?p=884#primaryimage"},"thumbnailUrl":"http:\/\/www.deski.fi\/wp-content\/uploads\/2025\/09\/image.jpg","datePublished":"2025-09-03T12:16:30+00:00","dateModified":"2025-09-07T13:09:25+00:00","author":{"@id":"http:\/\/www.deski.fi\/#\/schema\/person\/8bd75e57167679d4a7655a115984c5cc"},"breadcrumb":{"@id":"https:\/\/www.deski.fi\/?p=884#breadcrumb"},"inLanguage":"fi","potentialAction":[{"@type":"ReadAction","target":["https:\/\/www.deski.fi\/?p=884"]}]},{"@type":"ImageObject","inLanguage":"fi","@id":"https:\/\/www.deski.fi\/?p=884#primaryimage","url":"http:\/\/www.deski.fi\/wp-content\/uploads\/2025\/09\/image.jpg","contentUrl":"http:\/\/www.deski.fi\/wp-content\/uploads\/2025\/09\/image.jpg","width":300,"height":150},{"@type":"BreadcrumbList","@id":"https:\/\/www.deski.fi\/?p=884#breadcrumb","itemListElement":[{"@type":"ListItem","position":1,"name":"Etusivu","item":"http:\/\/www.deski.fi\/"},{"@type":"ListItem","position":2,"name":"Suomen ensimm\u00e4inen Mannerheim-ristin ritarien museo, Ritarigalleria viett\u00e4\u00e4 1-vuotisjuhlaa"}]},{"@type":"WebSite","@id":"http:\/\/www.deski.fi\/#website","url":"http:\/\/www.deski.fi\/","name":"deski.fi","description":"Kaikki tiedotteet yhdess&auml; paikassa.","potentialAction":[{"@type":"SearchAction","target":{"@type":"EntryPoint","urlTemplate":"http:\/\/www.deski.fi\/?s={search_term_string}"},"query-input":{"@type":"PropertyValueSpecification","valueRequired":true,"valueName":"search_term_string"}}],"inLanguage":"fi"},{"@type":"Person","@id":"http:\/\/www.deski.fi\/#\/schema\/person\/8bd75e57167679d4a7655a115984c5cc","name":"deski","image":{"@type":"ImageObject","inLanguage":"fi","@id":"https:\/\/secure.gravatar.com\/avatar\/c0990e16eceeb9f9e57c62830d9dbc4a49e1be722381d63aee238afb4a7fbe91?s=96&d=mm&r=g","url":"https:\/\/secure.gravatar.com\/avatar\/c0990e16eceeb9f9e57c62830d9dbc4a49e1be722381d63aee238afb4a7fbe91?s=96&d=mm&r=g","contentUrl":"https:\/\/secure.gravatar.com\/avatar\/c0990e16eceeb9f9e57c62830d9dbc4a49e1be722381d63aee238afb4a7fbe91?s=96&d=mm&r=g","caption":"deski"},"sameAs":["http:\/\/www.deski.fi"],"url":"http:\/\/www.deski.fi\/?author=1"}]}},"jetpack_featured_media_url":"http:\/\/www.deski.fi\/wp-content\/uploads\/2025\/09\/image.jpg","jetpack_sharing_enabled":true,"_links":{"self":[{"href":"http:\/\/www.deski.fi\/index.php?rest_route=\/wp\/v2\/posts\/884","targetHints":{"allow":["GET"]}}],"collection":[{"href":"http:\/\/www.deski.fi\/index.php?rest_route=\/wp\/v2\/posts"}],"about":[{"href":"http:\/\/www.deski.fi\/index.php?rest_route=\/wp\/v2\/types\/post"}],"author":[{"embeddable":true,"href":"http:\/\/www.deski.fi\/index.php?rest_route=\/wp\/v2\/users\/1"}],"replies":[{"embeddable":true,"href":"http:\/\/www.deski.fi\/index.php?rest_route=%2Fwp%2Fv2%2Fcomments&post=884"}],"version-history":[{"count":1,"href":"http:\/\/www.deski.fi\/index.php?rest_route=\/wp\/v2\/posts\/884\/revisions"}],"predecessor-version":[{"id":896,"href":"http:\/\/www.deski.fi\/index.php?rest_route=\/wp\/v2\/posts\/884\/revisions\/896"}],"wp:featuredmedia":[{"embeddable":true,"href":"http:\/\/www.deski.fi\/index.php?rest_route=\/wp\/v2\/media\/885"}],"wp:attachment":[{"href":"http:\/\/www.deski.fi\/index.php?rest_route=%2Fwp%2Fv2%2Fmedia&parent=884"}],"wp:term":[{"taxonomy":"category","embeddable":true,"href":"http:\/\/www.deski.fi\/index.php?rest_route=%2Fwp%2Fv2%2Fcategories&post=884"},{"taxonomy":"post_tag","embeddable":true,"href":"http:\/\/www.deski.fi\/index.php?rest_route=%2Fwp%2Fv2%2Ftags&post=884"}],"curies":[{"name":"wp","href":"https:\/\/api.w.org\/{rel}","templated":true}]}}