{"id":769,"date":"2025-01-28T12:46:25","date_gmt":"2025-01-28T10:46:25","guid":{"rendered":"https:\/\/www.deski.fi\/?p=769"},"modified":"2025-01-28T12:56:48","modified_gmt":"2025-01-28T10:56:48","slug":"janne-porkka-60-vuotta-vieriva-kivi-ei-sammaloidu-eika-tuttu-hymy-hyydy","status":"publish","type":"post","link":"http:\/\/www.deski.fi\/?p=769","title":{"rendered":"Janne Porkka 60 vuotta &#8211; vieriv\u00e4 kivi ei sammaloidu, eik\u00e4 tuttu hymy hyydy"},"content":{"rendered":"<div class=\"postie-post\">Tiedote 28.1.2025<br \/>\nJanne Porkka 60 vuotta &#8211; vieriv\u00e4 kivi ei sammaloidu, eik\u00e4 tuttu hymy hyydy<\/p>\n<p>Janne Porkka on viihdeilmi\u00f6, joka ei juurikaan esittelyj\u00e4 kaipaa &#8211; ihmiset muistavat h\u00e4net monista eri rooleista ja ty\u00f6teht\u00e4vist\u00e4. Miehen t\u00e4ytt\u00e4ess\u00e4 toukokuussa 60 vuotta on hyv\u00e4 hetki muisteloille.<br \/>\nLaineilta toisille aalloille &#8211; 35 vuotta viihteen kent\u00e4ll\u00e4<br \/>\nHelsingiss\u00e4 syntym\u00e4ss\u00e4 k\u00e4ynyt, mutta l\u00e4hes koko ik\u00e4ns\u00e4 Turussa asunut, Janne haaveili nuorena miehen\u00e4 merikapteenin ammattista. L\u00e4ht\u00f6kohtaisesti ty\u00f6 merell\u00e4 kuulosti hyvinkin houkuttelevalta. Niinp\u00e4 merimiesammattikoulun j\u00e4lkeen reitti vei Nesteen tankkereilta matruusin pestiin M\/S Viking Sallylle.<br \/>\nJuontaja, imitaattori, stand up -koomikko, seremoniamestari&#8230;kaikki kuvaavat eritt\u00e4in hyvin Porkkaa. Kun turkulainen paikallisradio Auran Aallot etsi 1980-luvulla uusia mainos\u00e4\u00e4ni\u00e4, laiva ei lopulta j\u00e4\u00e4nytk\u00e4\u00e4n Jannen el\u00e4m\u00e4nty\u00f6ksi. Mies suuntasi uteliaana takki auki ja avoimin mielin radioon haastatteluun. Palaset loksahtivat yll\u00e4tt\u00e4v\u00e4n nopeasti kohdilleen ja hetkess\u00e4 Janne huomasikin jo olevansa tekem\u00e4ss\u00e4 ensimm\u00e4ist\u00e4 \u00e4\u00e4nimainosta. Uusi viihteen valtatie avautui kulkijalle. Tunnettu paikallisradio antoi nuorukaiselle vapaat k\u00e4det toteuttaa ideoita ja tarjosi vahvat ev\u00e4\u00e4t tulevaan. Janne oli mukana suosituissa radio-ohjelmissa kuten Julkkuraati, Vilperin Perikunnasta tutun Vaakun kanssa toteutettu Isi &#038; Tommi, Herkkuterkut ja Sari Tammisen kanssa juonnettu Treffataanks, Paula Jokimiehen kanssa tehty Porkan pauloissa&#8230;lis\u00e4n\u00e4 Jannen ty\u00f6listalla oli lukuisat y\u00f6-, aamu- ja iltap\u00e4iv\u00e4l\u00e4hetykset.<br \/>\nSiirtyminen TV-kameroiden eteen<br \/>\n1990-luvun alussa Janne oli Ylen juontajakurssilla, josta h\u00e4net keksittiin uuden TV1:n Erotico-tico -ohjelman juontajaksi yhdess\u00e4 Marjukka Karttusen kanssa. My\u00f6h\u00e4isillan viihdeohjelma tarjosi katsojilleen nimens\u00e4 mukaan paljasta pintaa, sketsej\u00e4, tanssi- ja lauluesityksi\u00e4.<br \/>\n&#8211; \u201dAluksi arvelutti, onko musta t\u00e4h\u00e4n. Tein t\u00f6it\u00e4 radiossa, keikkailin imitaattorina ja koomikkona. Ohjelman tuottaja Erkki Pohjanheimo kuitenkin halusi mut ohjelmaan ja sai vakuutettua, ett\u00e4 pesti kannattaa ottaa vastaan. Silloinen ty\u00f6kaveri J.P. Jalokin oli sit\u00e4 mielt\u00e4, ett\u00e4 tottakai tartut tilaisuuteen. No, niin siin\u00e4 sitten k\u00e4vi, ett\u00e4 ohjelmaan p\u00e4\u00e4dyin\u201d, muistelee Janne hymyss\u00e4 suin TV-uransa alkua.<br \/>\n&#8211; \u201dVuonna 1993 juonsin Suomalaisia rakkauslauluja -ohjelmaa, joka taltioitiin Lahden kaupunginteatterista. T\u00e4st\u00e4 Lahden S\u00e4vel ry:n j\u00e4rjest\u00e4m\u00e4st\u00e4 konsertista mut sitten bongattiin Onnenpy\u00f6r\u00e4\u00e4n\u201d, Janne jatkaa.<br \/>\nOnnenpy\u00f6r\u00e4 heitti Porkan kertaheitolla kaikkien tietoisuuteen. Maikkarin suosittuna ruutukasvona vier\u00e4hti kahdeksan vuotta. Ohjelmia tuli tehty\u00e4 kaikkiaan 1574 &#8211; kuvauksia oli alkuun laivalla ja my\u00f6hemmin studiossa. Onnenpy\u00f6r\u00e4 ker\u00e4si iltaisin prime time -aikaan kello 18:30 alkavissa l\u00e4hetyksiss\u00e4 helposti miljoona katsojaa ja kun ohjelmasta tehtiin \u201dveturi kanavalle\u201d kello 16:30 alkaneetkin jaksot ker\u00e4siv\u00e4t keskim\u00e4\u00e4rin 600 000 katsojaa. Yh\u00e4 t\u00e4n\u00e4 p\u00e4iv\u00e4n\u00e4 ihmisten mieliss\u00e4 py\u00f6rii Onnenpy\u00f6r\u00e4st\u00e4 tuttu lause \u201dhaluatko ostaa vokaalin\u201d. Onnenpy\u00f6r\u00e4n j\u00e4lkeen Spede Pasanen houkutteli Speden Spelit -ohjelmaan.<br \/>\n&#8211; \u201dSpede soitti ja olin aivan varma, ett\u00e4 t\u00e4m\u00e4 on joku pilapuhelu. Tovi siin\u00e4 v\u00e4\u00e4nnettiin, kunnes tajusin, ett\u00e4 onhan t\u00e4\u00e4 mies nyt ihan oikeesti Pasanen. En kuitenkaan voinut ottaa v\u00e4litt\u00f6m\u00e4sti seuraavaa ohjelmaa haltuun, aiempiin tuotantosopimuksiin liittyen\u201d, Janne naurahtaa.<br \/>\nVuosina 2002-2008 Porkka juonsi Sein\u00e4joen Tangomarkkinoita.<br \/>\n&#8211; \u201dSein\u00e4joen Tangomarkkinoilla tein k\u00e4sikirjoituksia ja haastavinta oli suorat l\u00e4hetykset. Niiss\u00e4 kaiken piti yksinkertaisesti menn\u00e4 kerralla kohdilleen. Se oli tarkkaa hommaa\u201d, Janne muistelee.<br \/>\nTangomarkkinat johdattivat miehen luontevasti my\u00f6s tangokuninkaallisten perinteisen Sinitaivas-konserttikiertueen juontajaksi vuosiksi 2008-2009.<br \/>\nTV-ty\u00f6 on vienyt lukuisiin ohjelmiin, aivan laidasta laitaan esimerkkein\u00e4 Elixir, Miss Baltic Sea, Jokamiehen er\u00e4, Big Brother Vip ja Petolliset.<br \/>\nLis\u00e4ksi Porkka on juontanut lukuisia yritys- ja yksityistapahtumia sek\u00e4 rock- ja iskelm\u00e4festareita, kirjoittanut radiolle kuunnelmia ja sketsej\u00e4 sek\u00e4 kiert\u00e4nyt tapahtumia imitoiden niin tasavallan presidenttej\u00e4, politikkoja, huippu-urheilijoita kuin ajankohtaisia julkkiksia. Keikkoja paahdetaan koko ajan ja uusimpia ty\u00f6llist\u00e4ji\u00e4 ovat mm. Onnenpallo- ja bingoristeilyt. Tuhansien esiintymisten my\u00f6t\u00e4 on jalostunut taito olla aina oikealla tavalla l\u00e4sn\u00e4 ja tilanteen tasalla, vaikka tulisikin yll\u00e4tt\u00e4vi\u00e4 k\u00e4\u00e4nteit\u00e4.<br \/>\nJANNE PORKKA<br \/>\nSyntym\u00e4p\u00e4iv\u00e4 24.5.2025 &#8211; 60 vuotta Ammatti: juontaja &#8211; imitaattori &#8211; stand up -koomikko &#8211; seremoniamestari Perhe: Vaimo ja kaksi aikuista poikaa Kotipaikka: Turku Harrastukset: J\u00e4\u00e4kiekko, salitreeni, kalastus, lueskelu ja m\u00f6kkeily. ______<br \/>\nKUVAT: <a href=\"https:\/\/we.tl\/t-ZUMJxwKW4q\">we.tl\/t-ZUMJxwKW4q<\/a><br \/>\nsinitaivas 2008.jpg -> Sinitaivas 2008 -konserttikiertueelle Janne toi aimo annoksen huumoria konsertti-iltoihin. Kuvassa Janne, Marion (joka kiert\u00e4\u00e4 parhaillaan Yhdess\u00e4-konserttikiertueen merkeiss\u00e4) sek\u00e4 Tangokuningas 2008 Jukka Hallikainen.<br \/>\nsinitaivas 2009.jpg -> Vuoden 2009 Sinitaivaalla Porkka sai juontaa lavalle italialaisen viihdetaiteilija Umberto Marcaton, Amadeuksen, Kaija Lustilan, Risto Nevalan ja t\u00e4htivieraan Milan &#8221;Mico&#8221; Misicin.<br \/>\nHAASTATTELUPYYNN\u00d6T: <a href=\"mailto:titta.holanne@gramofoni.fi\" >titta.holanne@gramofoni.fi<\/a> <<a href=\"mailto:titta.holanne@gramofoni.fi\">mailto:<a href=\"mailto:titta.holanne@gramofoni.fi\" >titta.holanne@gramofoni.fi<\/a><\/a>> ______<br \/>\nGRAMOFONI OHJELMAMYYNTI &#8211; \u00c4\u00c4NIMAINONTA &#8211; STUDIO &#8211; TAPAHTUMATUOTANTO Rieskal\u00e4hteentie 68, TURKU <a href=\"http:\/\/www.gramofoni.fi\">www.gramofoni.fi<\/a> <<a href=\"http:\/\/www.gramofoni.fi\">www.gramofoni.fi<\/a>>  &#8211; fb: <a href=\"https:\/\/www.facebook.com\/gramofoni\">www.facebook.com\/gramofoni<\/a> insta: gramofonioy &#8211; <a href=\"mailto:myynti@gramofoni.fi\" >myynti@gramofoni.fi<\/a> <<a href=\"mailto:myynti@gramofoni.fi\">mailto:<a href=\"mailto:myynti@gramofoni.fi\" >myynti@gramofoni.fi<\/a><\/a>>  &#8211; <a href=\"https:\/\/kauppa.gramofoni.fi\/\">kauppa.gramofoni.fi\/<\/a><\/p>\n<div class=\"postie-attachments\"><a href=\"https:\/\/www.deski.fi\/?attachment_id=770\"><img decoding=\"async\" src=\"https:\/\/www.deski.fi\/wp-content\/uploads\/2025\/01\/jannet-870x460-1-300x159.jpg\" alt=\"\" width=\"300px\" height=\"159px\" class=\"alignnone size-medium wp-image-770\" srcset=\"http:\/\/www.deski.fi\/wp-content\/uploads\/2025\/01\/jannet-870x460-1-300x159.jpg 300w, http:\/\/www.deski.fi\/wp-content\/uploads\/2025\/01\/jannet-870x460-1-768x406.jpg 768w, http:\/\/www.deski.fi\/wp-content\/uploads\/2025\/01\/jannet-870x460-1-230x122.jpg 230w, http:\/\/www.deski.fi\/wp-content\/uploads\/2025\/01\/jannet-870x460-1-350x185.jpg 350w, http:\/\/www.deski.fi\/wp-content\/uploads\/2025\/01\/jannet-870x460-1-480x254.jpg 480w, http:\/\/www.deski.fi\/wp-content\/uploads\/2025\/01\/jannet-870x460-1.jpg 870w\" sizes=\"(max-width: 300px) 100vw, 300px\" \/><\/a><\/div>\n<\/div>\n","protected":false},"excerpt":{"rendered":"<p>Tiedote 28.1.2025 Janne Porkka 60 vuotta &#8211; vieriv\u00e4 kivi ei sammaloidu, eik\u00e4 tuttu hymy hyydy Janne Porkka on viihdeilmi\u00f6, joka ei juurikaan esittelyj\u00e4 kaipaa &#8211; ihmiset muistavat h\u00e4net monista eri rooleista ja ty\u00f6teht\u00e4vist\u00e4. [&hellip;]<\/p>\n","protected":false},"author":1,"featured_media":770,"comment_status":"closed","ping_status":"open","sticky":false,"template":"","format":"standard","meta":{"_jetpack_memberships_contains_paid_content":false,"footnotes":""},"categories":[1],"tags":[],"class_list":["post-769","post","type-post","status-publish","format-standard","has-post-thumbnail","hentry","category-luokittelematon"],"yoast_head":"<!-- This site is optimized with the Yoast SEO plugin v27.5 - https:\/\/yoast.com\/product\/yoast-seo-wordpress\/ -->\n<title>Janne Porkka 60 vuotta - vieriv\u00e4 kivi ei sammaloidu, eik\u00e4 tuttu hymy hyydy - deski.fi<\/title>\n<meta name=\"robots\" content=\"index, follow, max-snippet:-1, max-image-preview:large, max-video-preview:-1\" \/>\n<link rel=\"canonical\" href=\"http:\/\/www.deski.fi\/?p=769\" \/>\n<meta property=\"og:locale\" content=\"fi_FI\" \/>\n<meta property=\"og:type\" content=\"article\" \/>\n<meta property=\"og:title\" content=\"Janne Porkka 60 vuotta - vieriv\u00e4 kivi ei sammaloidu, eik\u00e4 tuttu hymy hyydy - deski.fi\" \/>\n<meta property=\"og:description\" content=\"Tiedote 28.1.2025 Janne Porkka 60 vuotta &#8211; vieriv\u00e4 kivi ei sammaloidu, eik\u00e4 tuttu hymy hyydy Janne Porkka on viihdeilmi\u00f6, joka ei juurikaan esittelyj\u00e4 kaipaa &#8211; ihmiset muistavat h\u00e4net monista eri rooleista ja ty\u00f6teht\u00e4vist\u00e4. [&hellip;]\" \/>\n<meta property=\"og:url\" content=\"http:\/\/www.deski.fi\/?p=769\" \/>\n<meta property=\"og:site_name\" content=\"deski.fi\" \/>\n<meta property=\"article:published_time\" content=\"2025-01-28T10:46:25+00:00\" \/>\n<meta property=\"article:modified_time\" content=\"2025-01-28T10:56:48+00:00\" \/>\n<meta property=\"og:image\" content=\"http:\/\/www.deski.fi\/wp-content\/uploads\/2025\/01\/jannet-870x460-1.jpg\" \/>\n\t<meta property=\"og:image:width\" content=\"870\" \/>\n\t<meta property=\"og:image:height\" content=\"460\" \/>\n\t<meta property=\"og:image:type\" content=\"image\/jpeg\" \/>\n<meta name=\"author\" content=\"deski\" \/>\n<meta name=\"twitter:card\" content=\"summary_large_image\" \/>\n<meta name=\"twitter:label1\" content=\"Kirjoittanut\" \/>\n\t<meta name=\"twitter:data1\" content=\"deski\" \/>\n\t<meta name=\"twitter:label2\" content=\"Arvioitu lukuaika\" \/>\n\t<meta name=\"twitter:data2\" content=\"4 minuuttia\" \/>\n<script type=\"application\/ld+json\" class=\"yoast-schema-graph\">{\"@context\":\"https:\\\/\\\/schema.org\",\"@graph\":[{\"@type\":\"Article\",\"@id\":\"http:\\\/\\\/www.deski.fi\\\/?p=769#article\",\"isPartOf\":{\"@id\":\"http:\\\/\\\/www.deski.fi\\\/?p=769\"},\"author\":{\"name\":\"deski\",\"@id\":\"https:\\\/\\\/www.deski.fi\\\/#\\\/schema\\\/person\\\/8bd75e57167679d4a7655a115984c5cc\"},\"headline\":\"Janne Porkka 60 vuotta &#8211; vieriv\u00e4 kivi ei sammaloidu, eik\u00e4 tuttu hymy hyydy\",\"datePublished\":\"2025-01-28T10:46:25+00:00\",\"dateModified\":\"2025-01-28T10:56:48+00:00\",\"mainEntityOfPage\":{\"@id\":\"http:\\\/\\\/www.deski.fi\\\/?p=769\"},\"wordCount\":744,\"image\":{\"@id\":\"http:\\\/\\\/www.deski.fi\\\/?p=769#primaryimage\"},\"thumbnailUrl\":\"http:\\\/\\\/www.deski.fi\\\/wp-content\\\/uploads\\\/2025\\\/01\\\/jannet-870x460-1.jpg\",\"articleSection\":[\"Luokittelematon\"],\"inLanguage\":\"fi\"},{\"@type\":\"WebPage\",\"@id\":\"http:\\\/\\\/www.deski.fi\\\/?p=769\",\"url\":\"http:\\\/\\\/www.deski.fi\\\/?p=769\",\"name\":\"Janne Porkka 60 vuotta - vieriv\u00e4 kivi ei sammaloidu, eik\u00e4 tuttu hymy hyydy - deski.fi\",\"isPartOf\":{\"@id\":\"https:\\\/\\\/www.deski.fi\\\/#website\"},\"primaryImageOfPage\":{\"@id\":\"http:\\\/\\\/www.deski.fi\\\/?p=769#primaryimage\"},\"image\":{\"@id\":\"http:\\\/\\\/www.deski.fi\\\/?p=769#primaryimage\"},\"thumbnailUrl\":\"http:\\\/\\\/www.deski.fi\\\/wp-content\\\/uploads\\\/2025\\\/01\\\/jannet-870x460-1.jpg\",\"datePublished\":\"2025-01-28T10:46:25+00:00\",\"dateModified\":\"2025-01-28T10:56:48+00:00\",\"author\":{\"@id\":\"https:\\\/\\\/www.deski.fi\\\/#\\\/schema\\\/person\\\/8bd75e57167679d4a7655a115984c5cc\"},\"breadcrumb\":{\"@id\":\"http:\\\/\\\/www.deski.fi\\\/?p=769#breadcrumb\"},\"inLanguage\":\"fi\",\"potentialAction\":[{\"@type\":\"ReadAction\",\"target\":[\"http:\\\/\\\/www.deski.fi\\\/?p=769\"]}]},{\"@type\":\"ImageObject\",\"inLanguage\":\"fi\",\"@id\":\"http:\\\/\\\/www.deski.fi\\\/?p=769#primaryimage\",\"url\":\"http:\\\/\\\/www.deski.fi\\\/wp-content\\\/uploads\\\/2025\\\/01\\\/jannet-870x460-1.jpg\",\"contentUrl\":\"http:\\\/\\\/www.deski.fi\\\/wp-content\\\/uploads\\\/2025\\\/01\\\/jannet-870x460-1.jpg\",\"width\":870,\"height\":460},{\"@type\":\"BreadcrumbList\",\"@id\":\"http:\\\/\\\/www.deski.fi\\\/?p=769#breadcrumb\",\"itemListElement\":[{\"@type\":\"ListItem\",\"position\":1,\"name\":\"Etusivu\",\"item\":\"https:\\\/\\\/www.deski.fi\\\/\"},{\"@type\":\"ListItem\",\"position\":2,\"name\":\"Janne Porkka 60 vuotta &#8211; vieriv\u00e4 kivi ei sammaloidu, eik\u00e4 tuttu hymy hyydy\"}]},{\"@type\":\"WebSite\",\"@id\":\"https:\\\/\\\/www.deski.fi\\\/#website\",\"url\":\"https:\\\/\\\/www.deski.fi\\\/\",\"name\":\"deski.fi\",\"description\":\"Kaikki tiedotteet yhdess&auml; paikassa.\",\"potentialAction\":[{\"@type\":\"SearchAction\",\"target\":{\"@type\":\"EntryPoint\",\"urlTemplate\":\"https:\\\/\\\/www.deski.fi\\\/?s={search_term_string}\"},\"query-input\":{\"@type\":\"PropertyValueSpecification\",\"valueRequired\":true,\"valueName\":\"search_term_string\"}}],\"inLanguage\":\"fi\"},{\"@type\":\"Person\",\"@id\":\"https:\\\/\\\/www.deski.fi\\\/#\\\/schema\\\/person\\\/8bd75e57167679d4a7655a115984c5cc\",\"name\":\"deski\",\"image\":{\"@type\":\"ImageObject\",\"inLanguage\":\"fi\",\"@id\":\"https:\\\/\\\/secure.gravatar.com\\\/avatar\\\/c0990e16eceeb9f9e57c62830d9dbc4a49e1be722381d63aee238afb4a7fbe91?s=96&d=mm&r=g\",\"url\":\"https:\\\/\\\/secure.gravatar.com\\\/avatar\\\/c0990e16eceeb9f9e57c62830d9dbc4a49e1be722381d63aee238afb4a7fbe91?s=96&d=mm&r=g\",\"contentUrl\":\"https:\\\/\\\/secure.gravatar.com\\\/avatar\\\/c0990e16eceeb9f9e57c62830d9dbc4a49e1be722381d63aee238afb4a7fbe91?s=96&d=mm&r=g\",\"caption\":\"deski\"},\"sameAs\":[\"http:\\\/\\\/www.deski.fi\"],\"url\":\"http:\\\/\\\/www.deski.fi\\\/?author=1\"}]}<\/script>\n<!-- \/ Yoast SEO plugin. -->","yoast_head_json":{"title":"Janne Porkka 60 vuotta - vieriv\u00e4 kivi ei sammaloidu, eik\u00e4 tuttu hymy hyydy - deski.fi","robots":{"index":"index","follow":"follow","max-snippet":"max-snippet:-1","max-image-preview":"max-image-preview:large","max-video-preview":"max-video-preview:-1"},"canonical":"http:\/\/www.deski.fi\/?p=769","og_locale":"fi_FI","og_type":"article","og_title":"Janne Porkka 60 vuotta - vieriv\u00e4 kivi ei sammaloidu, eik\u00e4 tuttu hymy hyydy - deski.fi","og_description":"Tiedote 28.1.2025 Janne Porkka 60 vuotta &#8211; vieriv\u00e4 kivi ei sammaloidu, eik\u00e4 tuttu hymy hyydy Janne Porkka on viihdeilmi\u00f6, joka ei juurikaan esittelyj\u00e4 kaipaa &#8211; ihmiset muistavat h\u00e4net monista eri rooleista ja ty\u00f6teht\u00e4vist\u00e4. [&hellip;]","og_url":"http:\/\/www.deski.fi\/?p=769","og_site_name":"deski.fi","article_published_time":"2025-01-28T10:46:25+00:00","article_modified_time":"2025-01-28T10:56:48+00:00","og_image":[{"width":870,"height":460,"url":"http:\/\/www.deski.fi\/wp-content\/uploads\/2025\/01\/jannet-870x460-1.jpg","type":"image\/jpeg"}],"author":"deski","twitter_card":"summary_large_image","twitter_misc":{"Kirjoittanut":"deski","Arvioitu lukuaika":"4 minuuttia"},"schema":{"@context":"https:\/\/schema.org","@graph":[{"@type":"Article","@id":"http:\/\/www.deski.fi\/?p=769#article","isPartOf":{"@id":"http:\/\/www.deski.fi\/?p=769"},"author":{"name":"deski","@id":"https:\/\/www.deski.fi\/#\/schema\/person\/8bd75e57167679d4a7655a115984c5cc"},"headline":"Janne Porkka 60 vuotta &#8211; vieriv\u00e4 kivi ei sammaloidu, eik\u00e4 tuttu hymy hyydy","datePublished":"2025-01-28T10:46:25+00:00","dateModified":"2025-01-28T10:56:48+00:00","mainEntityOfPage":{"@id":"http:\/\/www.deski.fi\/?p=769"},"wordCount":744,"image":{"@id":"http:\/\/www.deski.fi\/?p=769#primaryimage"},"thumbnailUrl":"http:\/\/www.deski.fi\/wp-content\/uploads\/2025\/01\/jannet-870x460-1.jpg","articleSection":["Luokittelematon"],"inLanguage":"fi"},{"@type":"WebPage","@id":"http:\/\/www.deski.fi\/?p=769","url":"http:\/\/www.deski.fi\/?p=769","name":"Janne Porkka 60 vuotta - vieriv\u00e4 kivi ei sammaloidu, eik\u00e4 tuttu hymy hyydy - deski.fi","isPartOf":{"@id":"https:\/\/www.deski.fi\/#website"},"primaryImageOfPage":{"@id":"http:\/\/www.deski.fi\/?p=769#primaryimage"},"image":{"@id":"http:\/\/www.deski.fi\/?p=769#primaryimage"},"thumbnailUrl":"http:\/\/www.deski.fi\/wp-content\/uploads\/2025\/01\/jannet-870x460-1.jpg","datePublished":"2025-01-28T10:46:25+00:00","dateModified":"2025-01-28T10:56:48+00:00","author":{"@id":"https:\/\/www.deski.fi\/#\/schema\/person\/8bd75e57167679d4a7655a115984c5cc"},"breadcrumb":{"@id":"http:\/\/www.deski.fi\/?p=769#breadcrumb"},"inLanguage":"fi","potentialAction":[{"@type":"ReadAction","target":["http:\/\/www.deski.fi\/?p=769"]}]},{"@type":"ImageObject","inLanguage":"fi","@id":"http:\/\/www.deski.fi\/?p=769#primaryimage","url":"http:\/\/www.deski.fi\/wp-content\/uploads\/2025\/01\/jannet-870x460-1.jpg","contentUrl":"http:\/\/www.deski.fi\/wp-content\/uploads\/2025\/01\/jannet-870x460-1.jpg","width":870,"height":460},{"@type":"BreadcrumbList","@id":"http:\/\/www.deski.fi\/?p=769#breadcrumb","itemListElement":[{"@type":"ListItem","position":1,"name":"Etusivu","item":"https:\/\/www.deski.fi\/"},{"@type":"ListItem","position":2,"name":"Janne Porkka 60 vuotta &#8211; vieriv\u00e4 kivi ei sammaloidu, eik\u00e4 tuttu hymy hyydy"}]},{"@type":"WebSite","@id":"https:\/\/www.deski.fi\/#website","url":"https:\/\/www.deski.fi\/","name":"deski.fi","description":"Kaikki tiedotteet yhdess&auml; paikassa.","potentialAction":[{"@type":"SearchAction","target":{"@type":"EntryPoint","urlTemplate":"https:\/\/www.deski.fi\/?s={search_term_string}"},"query-input":{"@type":"PropertyValueSpecification","valueRequired":true,"valueName":"search_term_string"}}],"inLanguage":"fi"},{"@type":"Person","@id":"https:\/\/www.deski.fi\/#\/schema\/person\/8bd75e57167679d4a7655a115984c5cc","name":"deski","image":{"@type":"ImageObject","inLanguage":"fi","@id":"https:\/\/secure.gravatar.com\/avatar\/c0990e16eceeb9f9e57c62830d9dbc4a49e1be722381d63aee238afb4a7fbe91?s=96&d=mm&r=g","url":"https:\/\/secure.gravatar.com\/avatar\/c0990e16eceeb9f9e57c62830d9dbc4a49e1be722381d63aee238afb4a7fbe91?s=96&d=mm&r=g","contentUrl":"https:\/\/secure.gravatar.com\/avatar\/c0990e16eceeb9f9e57c62830d9dbc4a49e1be722381d63aee238afb4a7fbe91?s=96&d=mm&r=g","caption":"deski"},"sameAs":["http:\/\/www.deski.fi"],"url":"http:\/\/www.deski.fi\/?author=1"}]}},"jetpack_featured_media_url":"http:\/\/www.deski.fi\/wp-content\/uploads\/2025\/01\/jannet-870x460-1.jpg","jetpack_sharing_enabled":true,"_links":{"self":[{"href":"http:\/\/www.deski.fi\/index.php?rest_route=\/wp\/v2\/posts\/769","targetHints":{"allow":["GET"]}}],"collection":[{"href":"http:\/\/www.deski.fi\/index.php?rest_route=\/wp\/v2\/posts"}],"about":[{"href":"http:\/\/www.deski.fi\/index.php?rest_route=\/wp\/v2\/types\/post"}],"author":[{"embeddable":true,"href":"http:\/\/www.deski.fi\/index.php?rest_route=\/wp\/v2\/users\/1"}],"replies":[{"embeddable":true,"href":"http:\/\/www.deski.fi\/index.php?rest_route=%2Fwp%2Fv2%2Fcomments&post=769"}],"version-history":[{"count":0,"href":"http:\/\/www.deski.fi\/index.php?rest_route=\/wp\/v2\/posts\/769\/revisions"}],"wp:featuredmedia":[{"embeddable":true,"href":"http:\/\/www.deski.fi\/index.php?rest_route=\/wp\/v2\/media\/770"}],"wp:attachment":[{"href":"http:\/\/www.deski.fi\/index.php?rest_route=%2Fwp%2Fv2%2Fmedia&parent=769"}],"wp:term":[{"taxonomy":"category","embeddable":true,"href":"http:\/\/www.deski.fi\/index.php?rest_route=%2Fwp%2Fv2%2Fcategories&post=769"},{"taxonomy":"post_tag","embeddable":true,"href":"http:\/\/www.deski.fi\/index.php?rest_route=%2Fwp%2Fv2%2Ftags&post=769"}],"curies":[{"name":"wp","href":"https:\/\/api.w.org\/{rel}","templated":true}]}}