{"id":767,"date":"2025-01-28T12:45:50","date_gmt":"2025-01-28T10:45:50","guid":{"rendered":"https:\/\/www.deski.fi\/?p=767"},"modified":"2025-01-28T12:56:48","modified_gmt":"2025-01-28T10:56:48","slug":"yhdessa-kiertueen-ensi-illassa-yli-tuhatpainen-yleiso","status":"publish","type":"post","link":"http:\/\/www.deski.fi\/?p=767","title":{"rendered":"Yhdess\u00e4-kiertueen ensi-illassa yli tuhatp\u00e4inen yleis\u00f6!!!"},"content":{"rendered":"<div class=\"postie-post\">Tiedote 27.1.2025<br \/>\n Yhdess\u00e4-kiertueen ensi-illassa yli tuhatp\u00e4inen yleis\u00f6<\/p>\n<p>Sunnuntai-iltana yli tuhatp\u00e4inen yleis\u00f6 saapui Tampere-talolle seuraamaan ensimm\u00e4ist\u00e4 Yhdess\u00e4 osa 2 -kiertueen konserttia. Ikoniset iskelm\u00e4t\u00e4htemme Lea Laven, Kai Hyttinen, Marion Rung ja Markku Aro ovat t\u00e4ll\u00e4 kiertueella viimeist\u00e4 kertaa yhdess\u00e4 lavalla, joten ilmassa on todellakin suuria tunteita ja ainutlaatuisia hetki\u00e4. T\u00e4m\u00e4n kiertueen j\u00e4lkeen t\u00e4t\u00e4 kokoonpanoa ei nimitt\u00e4in tulla n\u00e4kem\u00e4\u00e4n yhteiskiertueilla!<br \/>\n Yhdess\u00e4 Osa 2 -kiertueen show eroaa ensimm\u00e4isen kiertueen ohjelmasta, joten konsertin jo kertaalleen n\u00e4hneillekin on luvassa uutta kuultavaa ja katsottavaa.<br \/>\nSuomalaislegendojen loppuvuodesta 2023 alkaneet ensimm\u00e4iset Yhdess\u00e4-konsertit her\u00e4ttiv\u00e4t valtavaa kiinnostusta. Tuolle kiertueelle myytiin 20 000 lippua ja 21:st\u00e4 konsertista per\u00e4ti viisitoista oli loppuunmyytyj\u00e4. Yleis\u00f6palaute oli hurmoksellista. T\u00e4n\u00e4 vuonna on viel\u00e4 mahdollisuus heitt\u00e4yty\u00e4 rakastettujen hittien ja t\u00e4htien seuraan. Tampereelta alkanut kiertue p\u00e4\u00e4ttyy Turkuun 29.3.<br \/>\nOhjelmistossa on rakastettuja Finnhits-suosikkeja ja viel\u00e4p\u00e4 alkuper\u00e4isten esitt\u00e4jien tulkitsemana.<br \/>\nYhdess\u00e4-kiertueen ohjelmiston on j\u00e4lleen koonnut vuosikymmeni\u00e4 suomalaisten eturivin artistien kanssa ty\u00f6skennellyt Esa Nieminen, jonka johtama Juhlaorkesteri s\u00e4est\u00e4\u00e4 tuttuun tapaan konsertteja. Hittiputkessa kuullaan mm. Eviva Espanja, Tumma nainen, Jestas sent\u00e4\u00e4n, Kurki ja Syksyn S\u00e4vel -potpuri.<br \/>\nYHDESS\u00c4 osa 2 -kiertue Su 26.1. Tampere, Tampere-talo La 1.2. Nivala, Champion Door Areena (x) Su 2.2. Oulu, Madetojan Sali La 8.2. Helsinki, Finlandia-talo Su 9.2. Hyvink\u00e4\u00e4, Hyvink\u00e4\u00e4sali (x) Pe 14.2. Mikkeli, Mikaeli La 15.2. Lappeenranta, Lappeenranta-sali Su 16.2. Lahti, Sibeliustalo Pe 21.2. Kuopio, Musiikkikeskus Pe 28.2. Salo, Salohalli (x) Su 2.3. Turku, Konserttitalo Su 9.3. Joensuu, Carelia-SalLa 29.3. Turku, Konserttitalo<br \/>\nKonsertit alkavat klo 19. Kesto n. 2,5 h sis\u00e4lt\u00e4en v\u00e4liajan. Ei ik\u00e4rajaa.<br \/>\nLiput myy: Lippupiste Lippujen hinnat: 49,90 \u20ac, 59,90 \u20ac, 69,90 \u20ac<br \/>\nKiertueen j\u00e4rjest\u00e4j\u00e4 Gramofoni Oy Lis\u00e4tiedot:  <<a href=\"https:\/\/gramofoni.fi\/yhdessa-osa-2\/\">gramofoni.fi\/yhdessa-osa-2\/<\/a>> <a href=\"https:\/\/gramofoni.fi\/yhdessa-osa-2\/\">gramofoni.fi\/yhdessa-osa-2\/<\/a><br \/>\nYHDESS\u00c4-hittikimara kuultavissa  <https:\/\/www.youtube.com\/watch?v=QVJSSguzF9A> t\u00e4st\u00e4. ___________________<br \/>\nKuva Tampere-talosta \/ Otto Toivonen: <a href=\"https:\/\/we.tl\/t-f9X0KbQCCb\">we.tl\/t-f9X0KbQCCb<\/a> Haastattelupyynn\u00f6t: <a href=\"mailto:titta.holanne@gramofoni.fi\" >titta.holanne@gramofoni.fi<\/a> <<a href=\"mailto:titta.holanne@gramofoni.fi\">mailto:<a href=\"mailto:titta.holanne@gramofoni.fi\" >titta.holanne@gramofoni.fi<\/a><\/a>><br \/>\nGRAMOFONI OHJELMAMYYNTI &#8211; \u00c4\u00c4NIMAINONTA &#8211; STUDIO &#8211; TAPAHTUMATUOTANTO Rieskal\u00e4hteentie 68, TURKU <a href=\"http:\/\/www.gramofoni.fi\">www.gramofoni.fi<\/a> <<a href=\"http:\/\/www.gramofoni.fi\">www.gramofoni.fi<\/a>>  &#8211; fb: <a href=\"https:\/\/www.facebook.com\/gramofoni\">www.facebook.com\/gramofoni<\/a> insta: gramofonioy &#8211; <a href=\"mailto:myynti@gramofoni.fi\" >myynti@gramofoni.fi<\/a> <<a href=\"mailto:myynti@gramofoni.fi\">mailto:<a href=\"mailto:myynti@gramofoni.fi\" >myynti@gramofoni.fi<\/a><\/a>>  &#8211; <a href=\"https:\/\/kauppa.gramofoni.fi\/\">kauppa.gramofoni.fi\/<\/a><\/p>\n<div class=\"postie-attachments\"><a href=\"https:\/\/www.deski.fi\/?attachment_id=768\"><img decoding=\"async\" src=\"https:\/\/www.deski.fi\/wp-content\/uploads\/2025\/01\/ensi-ilta-tre-870x460-1-300x159.jpg\" alt=\"\" width=\"300px\" height=\"159px\" class=\"alignnone size-medium wp-image-768\" srcset=\"http:\/\/www.deski.fi\/wp-content\/uploads\/2025\/01\/ensi-ilta-tre-870x460-1-300x159.jpg 300w, http:\/\/www.deski.fi\/wp-content\/uploads\/2025\/01\/ensi-ilta-tre-870x460-1-768x406.jpg 768w, http:\/\/www.deski.fi\/wp-content\/uploads\/2025\/01\/ensi-ilta-tre-870x460-1-230x122.jpg 230w, http:\/\/www.deski.fi\/wp-content\/uploads\/2025\/01\/ensi-ilta-tre-870x460-1-350x185.jpg 350w, http:\/\/www.deski.fi\/wp-content\/uploads\/2025\/01\/ensi-ilta-tre-870x460-1-480x254.jpg 480w, http:\/\/www.deski.fi\/wp-content\/uploads\/2025\/01\/ensi-ilta-tre-870x460-1.jpg 870w\" sizes=\"(max-width: 300px) 100vw, 300px\" \/><\/a><\/div>\n<\/div>\n","protected":false},"excerpt":{"rendered":"<p>Tiedote 27.1.2025 Yhdess\u00e4-kiertueen ensi-illassa yli tuhatp\u00e4inen yleis\u00f6 Sunnuntai-iltana yli tuhatp\u00e4inen yleis\u00f6 saapui Tampere-talolle seuraamaan ensimm\u00e4ist\u00e4 Yhdess\u00e4 osa 2 -kiertueen konserttia. Ikoniset iskelm\u00e4t\u00e4htemme Lea Laven, Kai Hyttinen, Marion Rung ja Markku Aro ovat t\u00e4ll\u00e4 [&hellip;]<\/p>\n","protected":false},"author":1,"featured_media":768,"comment_status":"closed","ping_status":"open","sticky":false,"template":"","format":"standard","meta":{"_jetpack_memberships_contains_paid_content":false,"footnotes":""},"categories":[1],"tags":[],"class_list":["post-767","post","type-post","status-publish","format-standard","has-post-thumbnail","hentry","category-luokittelematon"],"yoast_head":"<!-- This site is optimized with the Yoast SEO plugin v27.5 - https:\/\/yoast.com\/product\/yoast-seo-wordpress\/ -->\n<title>Yhdess\u00e4-kiertueen ensi-illassa yli tuhatp\u00e4inen yleis\u00f6!!! - deski.fi<\/title>\n<meta name=\"robots\" content=\"index, follow, max-snippet:-1, max-image-preview:large, max-video-preview:-1\" \/>\n<link rel=\"canonical\" href=\"http:\/\/www.deski.fi\/?p=767\" \/>\n<meta property=\"og:locale\" content=\"fi_FI\" \/>\n<meta property=\"og:type\" content=\"article\" \/>\n<meta property=\"og:title\" content=\"Yhdess\u00e4-kiertueen ensi-illassa yli tuhatp\u00e4inen yleis\u00f6!!! - deski.fi\" \/>\n<meta property=\"og:description\" content=\"Tiedote 27.1.2025 Yhdess\u00e4-kiertueen ensi-illassa yli tuhatp\u00e4inen yleis\u00f6 Sunnuntai-iltana yli tuhatp\u00e4inen yleis\u00f6 saapui Tampere-talolle seuraamaan ensimm\u00e4ist\u00e4 Yhdess\u00e4 osa 2 -kiertueen konserttia. Ikoniset iskelm\u00e4t\u00e4htemme Lea Laven, Kai Hyttinen, Marion Rung ja Markku Aro ovat t\u00e4ll\u00e4 [&hellip;]\" \/>\n<meta property=\"og:url\" content=\"http:\/\/www.deski.fi\/?p=767\" \/>\n<meta property=\"og:site_name\" content=\"deski.fi\" \/>\n<meta property=\"article:published_time\" content=\"2025-01-28T10:45:50+00:00\" \/>\n<meta property=\"article:modified_time\" content=\"2025-01-28T10:56:48+00:00\" \/>\n<meta property=\"og:image\" content=\"http:\/\/www.deski.fi\/wp-content\/uploads\/2025\/01\/ensi-ilta-tre-870x460-1.jpg\" \/>\n\t<meta property=\"og:image:width\" content=\"870\" \/>\n\t<meta property=\"og:image:height\" content=\"460\" \/>\n\t<meta property=\"og:image:type\" content=\"image\/jpeg\" \/>\n<meta name=\"author\" content=\"deski\" \/>\n<meta name=\"twitter:card\" content=\"summary_large_image\" \/>\n<meta name=\"twitter:label1\" content=\"Kirjoittanut\" \/>\n\t<meta name=\"twitter:data1\" content=\"deski\" \/>\n\t<meta name=\"twitter:label2\" content=\"Arvioitu lukuaika\" \/>\n\t<meta name=\"twitter:data2\" content=\"2 minuuttia\" \/>\n<script type=\"application\/ld+json\" class=\"yoast-schema-graph\">{\"@context\":\"https:\\\/\\\/schema.org\",\"@graph\":[{\"@type\":\"Article\",\"@id\":\"http:\\\/\\\/www.deski.fi\\\/?p=767#article\",\"isPartOf\":{\"@id\":\"http:\\\/\\\/www.deski.fi\\\/?p=767\"},\"author\":{\"name\":\"deski\",\"@id\":\"https:\\\/\\\/www.deski.fi\\\/#\\\/schema\\\/person\\\/8bd75e57167679d4a7655a115984c5cc\"},\"headline\":\"Yhdess\u00e4-kiertueen ensi-illassa yli tuhatp\u00e4inen yleis\u00f6!!!\",\"datePublished\":\"2025-01-28T10:45:50+00:00\",\"dateModified\":\"2025-01-28T10:56:48+00:00\",\"mainEntityOfPage\":{\"@id\":\"http:\\\/\\\/www.deski.fi\\\/?p=767\"},\"wordCount\":325,\"image\":{\"@id\":\"http:\\\/\\\/www.deski.fi\\\/?p=767#primaryimage\"},\"thumbnailUrl\":\"http:\\\/\\\/www.deski.fi\\\/wp-content\\\/uploads\\\/2025\\\/01\\\/ensi-ilta-tre-870x460-1.jpg\",\"articleSection\":[\"Luokittelematon\"],\"inLanguage\":\"fi\"},{\"@type\":\"WebPage\",\"@id\":\"http:\\\/\\\/www.deski.fi\\\/?p=767\",\"url\":\"http:\\\/\\\/www.deski.fi\\\/?p=767\",\"name\":\"Yhdess\u00e4-kiertueen ensi-illassa yli tuhatp\u00e4inen yleis\u00f6!!! - deski.fi\",\"isPartOf\":{\"@id\":\"https:\\\/\\\/www.deski.fi\\\/#website\"},\"primaryImageOfPage\":{\"@id\":\"http:\\\/\\\/www.deski.fi\\\/?p=767#primaryimage\"},\"image\":{\"@id\":\"http:\\\/\\\/www.deski.fi\\\/?p=767#primaryimage\"},\"thumbnailUrl\":\"http:\\\/\\\/www.deski.fi\\\/wp-content\\\/uploads\\\/2025\\\/01\\\/ensi-ilta-tre-870x460-1.jpg\",\"datePublished\":\"2025-01-28T10:45:50+00:00\",\"dateModified\":\"2025-01-28T10:56:48+00:00\",\"author\":{\"@id\":\"https:\\\/\\\/www.deski.fi\\\/#\\\/schema\\\/person\\\/8bd75e57167679d4a7655a115984c5cc\"},\"breadcrumb\":{\"@id\":\"http:\\\/\\\/www.deski.fi\\\/?p=767#breadcrumb\"},\"inLanguage\":\"fi\",\"potentialAction\":[{\"@type\":\"ReadAction\",\"target\":[\"http:\\\/\\\/www.deski.fi\\\/?p=767\"]}]},{\"@type\":\"ImageObject\",\"inLanguage\":\"fi\",\"@id\":\"http:\\\/\\\/www.deski.fi\\\/?p=767#primaryimage\",\"url\":\"http:\\\/\\\/www.deski.fi\\\/wp-content\\\/uploads\\\/2025\\\/01\\\/ensi-ilta-tre-870x460-1.jpg\",\"contentUrl\":\"http:\\\/\\\/www.deski.fi\\\/wp-content\\\/uploads\\\/2025\\\/01\\\/ensi-ilta-tre-870x460-1.jpg\",\"width\":870,\"height\":460},{\"@type\":\"BreadcrumbList\",\"@id\":\"http:\\\/\\\/www.deski.fi\\\/?p=767#breadcrumb\",\"itemListElement\":[{\"@type\":\"ListItem\",\"position\":1,\"name\":\"Etusivu\",\"item\":\"https:\\\/\\\/www.deski.fi\\\/\"},{\"@type\":\"ListItem\",\"position\":2,\"name\":\"Yhdess\u00e4-kiertueen ensi-illassa yli tuhatp\u00e4inen yleis\u00f6!!!\"}]},{\"@type\":\"WebSite\",\"@id\":\"https:\\\/\\\/www.deski.fi\\\/#website\",\"url\":\"https:\\\/\\\/www.deski.fi\\\/\",\"name\":\"deski.fi\",\"description\":\"Kaikki tiedotteet yhdess&auml; paikassa.\",\"potentialAction\":[{\"@type\":\"SearchAction\",\"target\":{\"@type\":\"EntryPoint\",\"urlTemplate\":\"https:\\\/\\\/www.deski.fi\\\/?s={search_term_string}\"},\"query-input\":{\"@type\":\"PropertyValueSpecification\",\"valueRequired\":true,\"valueName\":\"search_term_string\"}}],\"inLanguage\":\"fi\"},{\"@type\":\"Person\",\"@id\":\"https:\\\/\\\/www.deski.fi\\\/#\\\/schema\\\/person\\\/8bd75e57167679d4a7655a115984c5cc\",\"name\":\"deski\",\"image\":{\"@type\":\"ImageObject\",\"inLanguage\":\"fi\",\"@id\":\"https:\\\/\\\/secure.gravatar.com\\\/avatar\\\/c0990e16eceeb9f9e57c62830d9dbc4a49e1be722381d63aee238afb4a7fbe91?s=96&d=mm&r=g\",\"url\":\"https:\\\/\\\/secure.gravatar.com\\\/avatar\\\/c0990e16eceeb9f9e57c62830d9dbc4a49e1be722381d63aee238afb4a7fbe91?s=96&d=mm&r=g\",\"contentUrl\":\"https:\\\/\\\/secure.gravatar.com\\\/avatar\\\/c0990e16eceeb9f9e57c62830d9dbc4a49e1be722381d63aee238afb4a7fbe91?s=96&d=mm&r=g\",\"caption\":\"deski\"},\"sameAs\":[\"http:\\\/\\\/www.deski.fi\"],\"url\":\"http:\\\/\\\/www.deski.fi\\\/?author=1\"}]}<\/script>\n<!-- \/ Yoast SEO plugin. -->","yoast_head_json":{"title":"Yhdess\u00e4-kiertueen ensi-illassa yli tuhatp\u00e4inen yleis\u00f6!!! - deski.fi","robots":{"index":"index","follow":"follow","max-snippet":"max-snippet:-1","max-image-preview":"max-image-preview:large","max-video-preview":"max-video-preview:-1"},"canonical":"http:\/\/www.deski.fi\/?p=767","og_locale":"fi_FI","og_type":"article","og_title":"Yhdess\u00e4-kiertueen ensi-illassa yli tuhatp\u00e4inen yleis\u00f6!!! - deski.fi","og_description":"Tiedote 27.1.2025 Yhdess\u00e4-kiertueen ensi-illassa yli tuhatp\u00e4inen yleis\u00f6 Sunnuntai-iltana yli tuhatp\u00e4inen yleis\u00f6 saapui Tampere-talolle seuraamaan ensimm\u00e4ist\u00e4 Yhdess\u00e4 osa 2 -kiertueen konserttia. Ikoniset iskelm\u00e4t\u00e4htemme Lea Laven, Kai Hyttinen, Marion Rung ja Markku Aro ovat t\u00e4ll\u00e4 [&hellip;]","og_url":"http:\/\/www.deski.fi\/?p=767","og_site_name":"deski.fi","article_published_time":"2025-01-28T10:45:50+00:00","article_modified_time":"2025-01-28T10:56:48+00:00","og_image":[{"width":870,"height":460,"url":"http:\/\/www.deski.fi\/wp-content\/uploads\/2025\/01\/ensi-ilta-tre-870x460-1.jpg","type":"image\/jpeg"}],"author":"deski","twitter_card":"summary_large_image","twitter_misc":{"Kirjoittanut":"deski","Arvioitu lukuaika":"2 minuuttia"},"schema":{"@context":"https:\/\/schema.org","@graph":[{"@type":"Article","@id":"http:\/\/www.deski.fi\/?p=767#article","isPartOf":{"@id":"http:\/\/www.deski.fi\/?p=767"},"author":{"name":"deski","@id":"https:\/\/www.deski.fi\/#\/schema\/person\/8bd75e57167679d4a7655a115984c5cc"},"headline":"Yhdess\u00e4-kiertueen ensi-illassa yli tuhatp\u00e4inen yleis\u00f6!!!","datePublished":"2025-01-28T10:45:50+00:00","dateModified":"2025-01-28T10:56:48+00:00","mainEntityOfPage":{"@id":"http:\/\/www.deski.fi\/?p=767"},"wordCount":325,"image":{"@id":"http:\/\/www.deski.fi\/?p=767#primaryimage"},"thumbnailUrl":"http:\/\/www.deski.fi\/wp-content\/uploads\/2025\/01\/ensi-ilta-tre-870x460-1.jpg","articleSection":["Luokittelematon"],"inLanguage":"fi"},{"@type":"WebPage","@id":"http:\/\/www.deski.fi\/?p=767","url":"http:\/\/www.deski.fi\/?p=767","name":"Yhdess\u00e4-kiertueen ensi-illassa yli tuhatp\u00e4inen yleis\u00f6!!! - deski.fi","isPartOf":{"@id":"https:\/\/www.deski.fi\/#website"},"primaryImageOfPage":{"@id":"http:\/\/www.deski.fi\/?p=767#primaryimage"},"image":{"@id":"http:\/\/www.deski.fi\/?p=767#primaryimage"},"thumbnailUrl":"http:\/\/www.deski.fi\/wp-content\/uploads\/2025\/01\/ensi-ilta-tre-870x460-1.jpg","datePublished":"2025-01-28T10:45:50+00:00","dateModified":"2025-01-28T10:56:48+00:00","author":{"@id":"https:\/\/www.deski.fi\/#\/schema\/person\/8bd75e57167679d4a7655a115984c5cc"},"breadcrumb":{"@id":"http:\/\/www.deski.fi\/?p=767#breadcrumb"},"inLanguage":"fi","potentialAction":[{"@type":"ReadAction","target":["http:\/\/www.deski.fi\/?p=767"]}]},{"@type":"ImageObject","inLanguage":"fi","@id":"http:\/\/www.deski.fi\/?p=767#primaryimage","url":"http:\/\/www.deski.fi\/wp-content\/uploads\/2025\/01\/ensi-ilta-tre-870x460-1.jpg","contentUrl":"http:\/\/www.deski.fi\/wp-content\/uploads\/2025\/01\/ensi-ilta-tre-870x460-1.jpg","width":870,"height":460},{"@type":"BreadcrumbList","@id":"http:\/\/www.deski.fi\/?p=767#breadcrumb","itemListElement":[{"@type":"ListItem","position":1,"name":"Etusivu","item":"https:\/\/www.deski.fi\/"},{"@type":"ListItem","position":2,"name":"Yhdess\u00e4-kiertueen ensi-illassa yli tuhatp\u00e4inen yleis\u00f6!!!"}]},{"@type":"WebSite","@id":"https:\/\/www.deski.fi\/#website","url":"https:\/\/www.deski.fi\/","name":"deski.fi","description":"Kaikki tiedotteet yhdess&auml; paikassa.","potentialAction":[{"@type":"SearchAction","target":{"@type":"EntryPoint","urlTemplate":"https:\/\/www.deski.fi\/?s={search_term_string}"},"query-input":{"@type":"PropertyValueSpecification","valueRequired":true,"valueName":"search_term_string"}}],"inLanguage":"fi"},{"@type":"Person","@id":"https:\/\/www.deski.fi\/#\/schema\/person\/8bd75e57167679d4a7655a115984c5cc","name":"deski","image":{"@type":"ImageObject","inLanguage":"fi","@id":"https:\/\/secure.gravatar.com\/avatar\/c0990e16eceeb9f9e57c62830d9dbc4a49e1be722381d63aee238afb4a7fbe91?s=96&d=mm&r=g","url":"https:\/\/secure.gravatar.com\/avatar\/c0990e16eceeb9f9e57c62830d9dbc4a49e1be722381d63aee238afb4a7fbe91?s=96&d=mm&r=g","contentUrl":"https:\/\/secure.gravatar.com\/avatar\/c0990e16eceeb9f9e57c62830d9dbc4a49e1be722381d63aee238afb4a7fbe91?s=96&d=mm&r=g","caption":"deski"},"sameAs":["http:\/\/www.deski.fi"],"url":"http:\/\/www.deski.fi\/?author=1"}]}},"jetpack_featured_media_url":"http:\/\/www.deski.fi\/wp-content\/uploads\/2025\/01\/ensi-ilta-tre-870x460-1.jpg","jetpack_sharing_enabled":true,"_links":{"self":[{"href":"http:\/\/www.deski.fi\/index.php?rest_route=\/wp\/v2\/posts\/767","targetHints":{"allow":["GET"]}}],"collection":[{"href":"http:\/\/www.deski.fi\/index.php?rest_route=\/wp\/v2\/posts"}],"about":[{"href":"http:\/\/www.deski.fi\/index.php?rest_route=\/wp\/v2\/types\/post"}],"author":[{"embeddable":true,"href":"http:\/\/www.deski.fi\/index.php?rest_route=\/wp\/v2\/users\/1"}],"replies":[{"embeddable":true,"href":"http:\/\/www.deski.fi\/index.php?rest_route=%2Fwp%2Fv2%2Fcomments&post=767"}],"version-history":[{"count":0,"href":"http:\/\/www.deski.fi\/index.php?rest_route=\/wp\/v2\/posts\/767\/revisions"}],"wp:featuredmedia":[{"embeddable":true,"href":"http:\/\/www.deski.fi\/index.php?rest_route=\/wp\/v2\/media\/768"}],"wp:attachment":[{"href":"http:\/\/www.deski.fi\/index.php?rest_route=%2Fwp%2Fv2%2Fmedia&parent=767"}],"wp:term":[{"taxonomy":"category","embeddable":true,"href":"http:\/\/www.deski.fi\/index.php?rest_route=%2Fwp%2Fv2%2Fcategories&post=767"},{"taxonomy":"post_tag","embeddable":true,"href":"http:\/\/www.deski.fi\/index.php?rest_route=%2Fwp%2Fv2%2Ftags&post=767"}],"curies":[{"name":"wp","href":"https:\/\/api.w.org\/{rel}","templated":true}]}}